{"id":23487,"date":"2024-03-17T16:33:28","date_gmt":"2024-03-17T19:33:28","guid":{"rendered":"https:\/\/www.jornaldaconstrucaocivil.com.br\/?p=23487"},"modified":"2024-03-17T16:33:28","modified_gmt":"2024-03-17T19:33:28","slug":"taxa-minima-de-luz-entenda-porque-o-consumidor-precisa-pagar-e-como-e-feito-o-calculo","status":"publish","type":"post","link":"https:\/\/construcaocivil.siriusmarketingedesign.com.br\/?p=23487","title":{"rendered":"Taxa M\u00ednima de Luz: entenda porque o consumidor precisa pagar e como \u00e9 feito o c\u00e1lculo"},"content":{"rendered":"<p style=\"text-align: justify;\"><span style=\"color: #993300;\"><strong><i>Especialista traz uma an\u00e1lise aprofundada sobre a necessidade do consumidor pagar a taxa e os bastidores da contagem<\/i><\/strong><\/span><\/p>\n<div>\n<p style=\"text-align: justify;\">Deixar de utilizar eletricidade por determinado per\u00edodo n\u00e3o isenta o consumidor de pagar uma taxa \u00e0 sua distribuidora de energia. Isso acontece porque, mesmo sem o consumo efetivo de eletricidade, o seu im\u00f3vel permanece conectado \u00e0 rede, o que resulta na cobran\u00e7a da chamada taxa m\u00ednima de luz. Tal cobran\u00e7a \u00e9 aplicada para cobrir os custos relacionados \u00e0 manuten\u00e7\u00e3o da infraestrutura e disponibilidade do servi\u00e7o, garantindo que a conex\u00e3o permane\u00e7a ativa.<\/p>\n<p style=\"text-align: justify;\">Conhecida tamb\u00e9m como custo de disponibilidade, a taxa \u00e9 aplicada independentemente do consumo efetivo de eletricidade. A justificativa por tr\u00e1s \u00e9 que, independente do usu\u00e1rio estar utilizando ou n\u00e3o, a distribuidora est\u00e1 disponibilizando a infraestrutura e o servi\u00e7o para atend\u00ea-lo. Portanto, o pagamento do encargo \u00e9 necess\u00e1rio para assegurar o funcionamento cont\u00ednuo e a manuten\u00e7\u00e3o adequada da rede.<\/p>\n<p style=\"text-align: justify;\"><strong>\u00c9 poss\u00edvel n\u00e3o pagar a taxa m\u00ednima de luz?<\/strong><\/p>\n<p style=\"text-align: justify;\">Atualmente, a \u00fanica maneira de n\u00e3o ser tarifado \u00e9 n\u00e3o estar conectado \u00e0 rede da distribuidora de energia, o que acaba sendo invi\u00e1vel. Por isso, mesmo que o usu\u00e1rio passe um per\u00edodo fora de casa sem consumir energia, a conta de luz seguir\u00e1 sendo cobrada.<\/p>\n<p style=\"text-align: justify;\">\u201c<em>No entanto, existem algumas estrat\u00e9gias que podem ser adotadas para reduzir os custos de energia mesmo sem eliminar a taxa m\u00ednima. Uma delas \u00e9 por meio da Gera\u00e7\u00e3o Distribu\u00edda. Nessa modalidade, o usu\u00e1rio passa a ter acesso a energia renov\u00e1vel. Isso porque ao disponibilizar a eletricidade na rede distribuidora local, ela se transforma em cr\u00e9ditos, que podem ser utilizados para abater a tarifa mensal<\/em>\u201d,\u00a0<strong>explica\u00a0<\/strong><strong>Kim Lima, Diretor de Comercial e Marketing da\u00a0<\/strong><a href=\"https:\/\/evoluaenergia.com.br\/?utm_source=Motim%20\" target=\"_blank\" rel=\"noopener noreferrer\"><strong>Evolua Energia<\/strong><\/a><strong>, uma das principais empresas l\u00edderes em transforma\u00e7\u00e3o energ\u00e9tica no Brasil, especializada em gest\u00e3o distribu\u00edda compartilhada.<\/strong><\/p>\n<p style=\"text-align: justify;\"><strong>Como \u00e9 feito o c\u00e1lculo da taxa m\u00ednima<\/strong><\/p>\n<p style=\"text-align: justify;\">Mas como \u00e9 poss\u00edvel calcular algo que o usu\u00e1rio n\u00e3o consumiu? Para realizar a conta, \u00e9 preciso saber, antes de mais nada, qual o padr\u00e3o de conex\u00e3o do im\u00f3vel avaliado. Tal padroniza\u00e7\u00e3o \u00e9 definida quando a companhia el\u00e9trica faz a liga\u00e7\u00e3o no local, podendo ser monof\u00e1sico, bif\u00e1sico ou trif\u00e1sico, de acordo com o consumo do cliente.<\/p>\n<p style=\"text-align: justify;\">Casas e apartamentos, por serem im\u00f3veis residenciais, geralmente se enquadram na categoria monof\u00e1sica. J\u00e1 f\u00e1bricas, com\u00e9rcios e outros locais que atuam com equipamentos el\u00e9tricos e tendem a consumir mais podem se enquadrar no tipo bif\u00e1sico ou trif\u00e1sico. De acordo com a Resolu\u00e7\u00e3o Normativa da ANEEL n\u00ba 1.000, de 7 de dezembro de 2021, o custo de disponibilidade do sistema el\u00e9trico \u00e9 o valor em moeda corrente equivalente a:<\/p>\n<ul style=\"text-align: justify;\">\n<li>Monof\u00e1sico ou bif\u00e1sico a 2 condutores: 30 kWh<\/li>\n<li>Bif\u00e1sico a 3 condutores: 50 kWh<\/li>\n<li>Trif\u00e1sico: 100 kWh<\/li>\n<\/ul>\n<p style=\"text-align: justify;\">Ainda de acordo com Lima, depois de descobrir qual \u00e9 o padr\u00e3o, basta o consumidor fazer um c\u00e1lculo baseado no valor do quilowatt-hora (kWh) da regi\u00e3o. \u201c<em>Por exemplo, se o valor do quilowatt-hora for R$ 0,85 e o im\u00f3vel em quest\u00e3o se enquadrar no padr\u00e3o monof\u00e1sico, a taxa m\u00ednima de luz cobrada deste local ser\u00e1 de R$ 25,50 (0,85 X 30)<\/em>\u201d, finaliza.<\/p>\n<\/div>\n","protected":false},"excerpt":{"rendered":"<p>Especialista traz uma an\u00e1lise aprofundada sobre a necessidade do consumidor pagar a taxa e os bastidores da contagem Deixar de utilizar eletricidade por determinado per\u00edodo n\u00e3o isenta o consumidor de pagar uma taxa \u00e0 sua distribuidora de energia. Isso acontece porque, mesmo sem o consumo efetivo de eletricidade, o seu im\u00f3vel permanece conectado \u00e0 rede, [&hellip;]<\/p>\n","protected":false},"author":1,"featured_media":23488,"comment_status":"open","ping_status":"open","sticky":false,"template":"","format":"standard","meta":{"_uag_custom_page_level_css":"","footnotes":""},"categories":[29],"tags":[725,26355,26354,21550,25688],"class_list":["post-23487","post","type-post","status-publish","format-standard","has-post-thumbnail","hentry","category-energia","tag-aneel","tag-evolua-energia","tag-preco-do-kwh","tag-precos-da-conta-de-luz","tag-taxa-de-luz"],"blocksy_meta":[],"spectra_blocks_featured_image_url":{"thumbnail":{"url":"https:\/\/construcaocivil.siriusmarketingedesign.com.br\/wp-content\/uploads\/2024\/03\/Taxa-Minima-150x150.jpg","width":150,"height":150},"medium":{"url":"https:\/\/construcaocivil.siriusmarketingedesign.com.br\/wp-content\/uploads\/2024\/03\/Taxa-Minima-300x158.jpg","width":300,"height":158},"medium_large":{"url":"https:\/\/construcaocivil.siriusmarketingedesign.com.br\/wp-content\/uploads\/2024\/03\/Taxa-Minima-768x405.jpg","width":768,"height":405},"large":{"url":"https:\/\/construcaocivil.siriusmarketingedesign.com.br\/wp-content\/uploads\/2024\/03\/Taxa-Minima.jpg","width":900,"height":475},"full":{"url":"https:\/\/construcaocivil.siriusmarketingedesign.com.br\/wp-content\/uploads\/2024\/03\/Taxa-Minima.jpg","width":900,"height":475}},"spectra_blocks_author_info":{"display_name":"Jornal da Constru\u00e7\u00e3o Civil","avatar_url":"https:\/\/secure.gravatar.com\/avatar\/973c9774fd44ddaceb026973c4962faa70fc512bc4c9da68e8ebb40fecee6540?s=96&d=mm&r=g","author_link":"https:\/\/construcaocivil.siriusmarketingedesign.com.br\/?author=1","description":"Desde de 2013, levando muitas informa\u00e7\u00f5es, lan\u00e7amentos e produtos de qualidade para toda cadeia produtiva da constru\u00e7\u00e3o. O Futuro da constru\u00e7\u00e3o passa por aqui,"},"uagb_featured_image_src":{"full":["https:\/\/construcaocivil.siriusmarketingedesign.com.br\/wp-content\/uploads\/2024\/03\/Taxa-Minima.jpg",900,475,false],"thumbnail":["https:\/\/construcaocivil.siriusmarketingedesign.com.br\/wp-content\/uploads\/2024\/03\/Taxa-Minima-150x150.jpg",150,150,true],"medium":["https:\/\/construcaocivil.siriusmarketingedesign.com.br\/wp-content\/uploads\/2024\/03\/Taxa-Minima-300x158.jpg",300,158,true],"medium_large":["https:\/\/construcaocivil.siriusmarketingedesign.com.br\/wp-content\/uploads\/2024\/03\/Taxa-Minima-768x405.jpg",768,405,true],"large":["https:\/\/construcaocivil.siriusmarketingedesign.com.br\/wp-content\/uploads\/2024\/03\/Taxa-Minima.jpg",900,475,false],"1536x1536":["https:\/\/construcaocivil.siriusmarketingedesign.com.br\/wp-content\/uploads\/2024\/03\/Taxa-Minima.jpg",900,475,false],"2048x2048":["https:\/\/construcaocivil.siriusmarketingedesign.com.br\/wp-content\/uploads\/2024\/03\/Taxa-Minima.jpg",900,475,false]},"uagb_author_info":{"display_name":"Jornal da Constru\u00e7\u00e3o Civil","author_link":"https:\/\/construcaocivil.siriusmarketingedesign.com.br\/?author=1"},"uagb_comment_info":0,"uagb_excerpt":"Especialista traz uma an\u00e1lise aprofundada sobre a necessidade do consumidor pagar a taxa e os bastidores da contagem Deixar de utilizar eletricidade por determinado per\u00edodo n\u00e3o isenta o consumidor de pagar uma taxa \u00e0 sua distribuidora de energia. Isso acontece porque, mesmo sem o consumo efetivo de eletricidade, o seu im\u00f3vel permanece conectado \u00e0 rede,&hellip;","_links":{"self":[{"href":"https:\/\/construcaocivil.siriusmarketingedesign.com.br\/index.php?rest_route=\/wp\/v2\/posts\/23487","targetHints":{"allow":["GET"]}}],"collection":[{"href":"https:\/\/construcaocivil.siriusmarketingedesign.com.br\/index.php?rest_route=\/wp\/v2\/posts"}],"about":[{"href":"https:\/\/construcaocivil.siriusmarketingedesign.com.br\/index.php?rest_route=\/wp\/v2\/types\/post"}],"author":[{"embeddable":true,"href":"https:\/\/construcaocivil.siriusmarketingedesign.com.br\/index.php?rest_route=\/wp\/v2\/users\/1"}],"replies":[{"embeddable":true,"href":"https:\/\/construcaocivil.siriusmarketingedesign.com.br\/index.php?rest_route=%2Fwp%2Fv2%2Fcomments&post=23487"}],"version-history":[{"count":0,"href":"https:\/\/construcaocivil.siriusmarketingedesign.com.br\/index.php?rest_route=\/wp\/v2\/posts\/23487\/revisions"}],"wp:featuredmedia":[{"embeddable":true,"href":"https:\/\/construcaocivil.siriusmarketingedesign.com.br\/index.php?rest_route=\/wp\/v2\/media\/23488"}],"wp:attachment":[{"href":"https:\/\/construcaocivil.siriusmarketingedesign.com.br\/index.php?rest_route=%2Fwp%2Fv2%2Fmedia&parent=23487"}],"wp:term":[{"taxonomy":"category","embeddable":true,"href":"https:\/\/construcaocivil.siriusmarketingedesign.com.br\/index.php?rest_route=%2Fwp%2Fv2%2Fcategories&post=23487"},{"taxonomy":"post_tag","embeddable":true,"href":"https:\/\/construcaocivil.siriusmarketingedesign.com.br\/index.php?rest_route=%2Fwp%2Fv2%2Ftags&post=23487"}],"curies":[{"name":"wp","href":"https:\/\/api.w.org\/{rel}","templated":true}]}}