{"id":2349,"date":"2016-06-29T14:21:45","date_gmt":"2016-06-29T14:21:45","guid":{"rendered":"http:\/\/www.jornaldaconstrucaocivil.com.br\/?p=2349"},"modified":"2016-06-29T14:21:45","modified_gmt":"2016-06-29T14:21:45","slug":"instituto-brasileiro-de-engenharia-de-custos-e-destaque","status":"publish","type":"post","link":"https:\/\/construcaocivil.siriusmarketingedesign.com.br\/?p=2349","title":{"rendered":"Instituto Brasileiro de Engenharia de Custos \u00e9 destaque"},"content":{"rendered":"<p><span style=\"color: #800000;\">Da Reda\u00e7\u00e3o\u00a0<\/span><\/p>\n<p><span style=\"color: #333300;\">Junho, 2016 &#8211;<\/span><strong> <span style=\"color: #000000;\">IBEC comemorou 37 anos com premia\u00e7\u00e3o, homenagens e entrega de trof\u00e9us para os melhores da engenharia de custos e aproveitou a oportunidade para anunciar o 10\u00ba Congresso Mundial de Engenharia de Custos, que ser\u00e1 realizado entre os dias 10 e 12 de outubro de 2016 no Rio de Janeiro.<\/span><\/strong><\/p>\n<p><span style=\"color: #000000;\">Num momento que a engenharia brasileira passa por tempos dif\u00edceis com projetos ruins e desconfian\u00e7a da popula\u00e7\u00e3o, em grande parte gerada pela Opera\u00e7\u00e3o Lava Jato, o encontro mundial de engenharia de custos promete nortear positivamente a engenharia brasileira em patamares de 1\u00ba mundo, onde ela sempre foi reconhecida pelo seu trabalho de excel\u00eancia.<\/span><\/p>\n<p><span style=\"color: #000000;\">O Engenheiro Paulo Roberto Vilela Dias, presidente do Instituto Brasileiro de Engenharia de Custos (IBEC), \u00e9 uns dos profissionais da \u00e1rea que est\u00e1 bastante \u00a0entusiasmado com o Congresso mundial. \u00a0<\/span><\/p>\n<figure id=\"attachment_2350\" aria-describedby=\"caption-attachment-2350\" style=\"width: 300px\" class=\"wp-caption alignleft\"><a href=\"http:\/\/www.jornaldaconstrucaocivil.com.br\/wp-content\/uploads\/2016\/06\/INTERNACIONAL-PAULO.jpg\"><img loading=\"lazy\" decoding=\"async\" class=\"wp-image-2350 size-medium\" src=\"http:\/\/www.jornaldaconstrucaocivil.com.br\/wp-content\/uploads\/2016\/06\/INTERNACIONAL-PAULO-300x181.jpg\" alt=\"INTERNACIONAL - PAULO\" width=\"300\" height=\"181\" \/><\/a><figcaption id=\"caption-attachment-2350\" class=\"wp-caption-text\"><span style=\"color: #ff0000;\">Paulo Dias(esq.), presidente do IBEC entrega premia\u00e7\u00e3o dos destaques da Engenharia de Custos 2016. <span style=\"color: #0000ff;\">Foto: JCC<\/span><\/span><\/figcaption><\/figure>\n<p><span style=\"color: #000000;\"><em>\u201cA Engenharia de custos precisa tomar outra dimens\u00e3o para se evitar esses esc\u00e2ndalos que n\u00f3s vemos. N\u00f3s sabemos que os profissionais que militam nessa \u00e1rea, principalmente nos \u00f3rg\u00e3os p\u00fablicos, a sua grande maioria n\u00e3o tem capacita\u00e7\u00e3o t\u00e9cnica. Isto porque n\u00e3o existe na gradua\u00e7\u00e3o de engenheiro algo semelhante. \u00c9, estamos trazendo para o Brasil, o Congresso Mundial de Engenharia de Custos exatamente com a finalidade de acabar com a Engenharia de Custos como arte, cada um faz o que quer. N\u00f3s queremos que a engenharia se torne uma ci\u00eancia como \u00e9 no resto do mundo\u201d<\/em>, finalizou o presidente.\u00a0\u00a0<\/span><\/p>\n<p><span style=\"color: #000000;\">A cerim\u00f4nia aconteceu na sede do Clube de Engenharia, no Rio, teve a participa\u00e7\u00e3o de entidades representativas da Argentina, Bol\u00edvia, Col\u00f4mbia, Honduras e Portugal que assinaram conv\u00eanio de coopera\u00e7\u00e3o t\u00e9cnico-cient\u00edfica e seus dirigentes foram homenageados durante a festa. Entre eles, o presidente do Conselho de Engenharia Qu\u00edmica da Argentina, Alejandro Perez; a presidente da Sociedade Colombiana de Engenheiros, Diana Espinosa; a presidente da Sociedade de Engenheiros da Bol\u00edvia, Maria Teresa Zapata; a presidente do Col\u00e9gio de Engenheiros Civis de Honduras, Claudia Z\u00faniga; o coordenador da Associa\u00e7\u00e3o de Engenheiros de Custos de Honduras, Jos\u00e9 Ramon C\u00e1lix; e o professor doutor Hip\u00f3lito Sousa, do departamento de engenharia civil da Faculdade de Engenharia da Universidade do Porto (FEUP), de Portugal, que recebeu a homenagem concedida \u00e0 institui\u00e7\u00e3o.<\/span><\/p>\n<figure id=\"attachment_2351\" aria-describedby=\"caption-attachment-2351\" style=\"width: 300px\" class=\"wp-caption alignright\"><a href=\"http:\/\/www.jornaldaconstrucaocivil.com.br\/wp-content\/uploads\/2016\/06\/MURILO-HOJE.jpg\"><img loading=\"lazy\" decoding=\"async\" class=\"wp-image-2351 size-medium\" src=\"http:\/\/www.jornaldaconstrucaocivil.com.br\/wp-content\/uploads\/2016\/06\/MURILO-HOJE-300x176.jpg\" alt=\"MURILO HOJE\" width=\"300\" height=\"176\" \/><\/a><figcaption id=\"caption-attachment-2351\" class=\"wp-caption-text\"><span style=\"color: #ff0000;\">Homenageados, como o presidente da FNE Murilo Pinheiro.<span style=\"color: #0000ff;\"> Foto: JCC<\/span><\/span><\/figcaption><\/figure>\n<p><span style=\"color: #000000;\">Do Brasil, os homenageados como \u201cDestaque do Ano\u201d foram o presidente do Conselho Federal de Engenharia e Agronomia (Confea); Jos\u00e9 Tadeu da Silva presidente da Federa\u00e7\u00e3o Brasileira de Associa\u00e7\u00f5es de Engenheiros, Agr\u00f4nomos e Arquitetos (Febrae); da Uni\u00e3o Pan-americana de Associa\u00e7\u00f5es de Engenheiros (Upadi); os presidentes dos Conselhos Regionais de Engenharia e Agronomia (Creas); Murilo Pinheiro, presidente do Sindicato dos Engenheiros no Estado de S\u00e3o Paulo e presidente da Federa\u00e7\u00e3o Nacional dos Engenheiros desde 2004, foram uns dos agraciados com a homenagem.<\/span><\/p>\n<p><span style=\"color: #000000;\">Para Murilo Pinheiro, o Brasil passa por momento de dificuldades, um momento delicado. <em>\u00a0\u201cN\u00f3s engenheiros, unidos e de forma ampla podemos apresentar em n\u00edvel nacional propostas fact\u00edveis para sair da crise com desenvolvimento e crescimento, gerando emprego, renda, e mais qualidade de vida para o cidad\u00e3o\u201d<\/em>, acrescenta.<\/span><\/p>\n<p><span style=\"color: #000000;\">J\u00e1 o pr\u00eamio \u201cPersonalidade do Ano\u201d foi para Luciano Franco Barreto, presidente da Associa\u00e7\u00e3o Sergipana dos Empres\u00e1rios de Obras P\u00fablicas e Privado (ASEOPP) e fundador da construtora Celi.<\/span><\/p>\n<p>&nbsp;<\/p>\n","protected":false},"excerpt":{"rendered":"<p>Da Reda\u00e7\u00e3o\u00a0 Junho, 2016 &#8211; IBEC comemorou 37 anos com premia\u00e7\u00e3o, homenagens e entrega de trof\u00e9us para os melhores da engenharia de custos e aproveitou a oportunidade para anunciar o 10\u00ba Congresso Mundial de Engenharia de Custos, que ser\u00e1 realizado entre os dias 10 e 12 de outubro de 2016 no Rio de Janeiro. Num [&hellip;]<\/p>\n","protected":false},"author":1,"featured_media":2350,"comment_status":"open","ping_status":"open","sticky":false,"template":"","format":"standard","meta":{"_uag_custom_page_level_css":"","footnotes":""},"categories":[27],"tags":[2757,2785,3143,5842,8015,8732,12113],"class_list":["post-2349","post","type-post","status-publish","format-standard","has-post-thumbnail","hentry","category-acontece","tag-congresso-mundial-de-engenharia-de-custos","tag-conselho-federal-de-engenharia-e-agronomia-confea","tag-crea-rj","tag-ibec","tag-murilo-pinheiro-presidente-da-federacao-nacional-dos-engenheiros","tag-paulo-roberto-v-dias-presidente-do-ibec","tag-upadi"],"blocksy_meta":[],"spectra_blocks_featured_image_url":[],"spectra_blocks_author_info":{"display_name":"Jornal da Constru\u00e7\u00e3o Civil","avatar_url":"https:\/\/secure.gravatar.com\/avatar\/973c9774fd44ddaceb026973c4962faa70fc512bc4c9da68e8ebb40fecee6540?s=96&d=mm&r=g","author_link":"https:\/\/construcaocivil.siriusmarketingedesign.com.br\/?author=1","description":"Desde de 2013, levando muitas informa\u00e7\u00f5es, lan\u00e7amentos e produtos de qualidade para toda cadeia produtiva da constru\u00e7\u00e3o. O Futuro da constru\u00e7\u00e3o passa por aqui,"},"uagb_featured_image_src":{"full":false,"thumbnail":false,"medium":false,"medium_large":false,"large":false,"1536x1536":false,"2048x2048":false},"uagb_author_info":{"display_name":"Jornal da Constru\u00e7\u00e3o Civil","author_link":"https:\/\/construcaocivil.siriusmarketingedesign.com.br\/?author=1"},"uagb_comment_info":0,"uagb_excerpt":"Da Reda\u00e7\u00e3o\u00a0 Junho, 2016 &#8211; IBEC comemorou 37 anos com premia\u00e7\u00e3o, homenagens e entrega de trof\u00e9us para os melhores da engenharia de custos e aproveitou a oportunidade para anunciar o 10\u00ba Congresso Mundial de Engenharia de Custos, que ser\u00e1 realizado entre os dias 10 e 12 de outubro de 2016 no Rio de Janeiro. Num&hellip;","_links":{"self":[{"href":"https:\/\/construcaocivil.siriusmarketingedesign.com.br\/index.php?rest_route=\/wp\/v2\/posts\/2349","targetHints":{"allow":["GET"]}}],"collection":[{"href":"https:\/\/construcaocivil.siriusmarketingedesign.com.br\/index.php?rest_route=\/wp\/v2\/posts"}],"about":[{"href":"https:\/\/construcaocivil.siriusmarketingedesign.com.br\/index.php?rest_route=\/wp\/v2\/types\/post"}],"author":[{"embeddable":true,"href":"https:\/\/construcaocivil.siriusmarketingedesign.com.br\/index.php?rest_route=\/wp\/v2\/users\/1"}],"replies":[{"embeddable":true,"href":"https:\/\/construcaocivil.siriusmarketingedesign.com.br\/index.php?rest_route=%2Fwp%2Fv2%2Fcomments&post=2349"}],"version-history":[{"count":0,"href":"https:\/\/construcaocivil.siriusmarketingedesign.com.br\/index.php?rest_route=\/wp\/v2\/posts\/2349\/revisions"}],"wp:attachment":[{"href":"https:\/\/construcaocivil.siriusmarketingedesign.com.br\/index.php?rest_route=%2Fwp%2Fv2%2Fmedia&parent=2349"}],"wp:term":[{"taxonomy":"category","embeddable":true,"href":"https:\/\/construcaocivil.siriusmarketingedesign.com.br\/index.php?rest_route=%2Fwp%2Fv2%2Fcategories&post=2349"},{"taxonomy":"post_tag","embeddable":true,"href":"https:\/\/construcaocivil.siriusmarketingedesign.com.br\/index.php?rest_route=%2Fwp%2Fv2%2Ftags&post=2349"}],"curies":[{"name":"wp","href":"https:\/\/api.w.org\/{rel}","templated":true}]}}