{"id":23493,"date":"2024-03-18T13:33:41","date_gmt":"2024-03-18T16:33:41","guid":{"rendered":"https:\/\/www.jornaldaconstrucaocivil.com.br\/?p=23493"},"modified":"2024-03-18T13:33:41","modified_gmt":"2024-03-18T16:33:41","slug":"expo-revestir-2024-de-olho-nos-lancamentos-e-tendencias-da-maior-feira-de-revestimentos-e-acabamentos-da-america-latina","status":"publish","type":"post","link":"https:\/\/construcaocivil.siriusmarketingedesign.com.br\/?p=23493","title":{"rendered":"Expo Revestir 2024: De olho nos lan\u00e7amentos e tend\u00eancias da maior feira de revestimentos e acabamentos da Am\u00e9rica Latina"},"content":{"rendered":"<p style=\"text-align: justify;\"><span style=\"color: #993300;\"><strong>Confira os lan\u00e7amentos e tend\u00eancias da Expo Revestir 2024, de 19 a 22 de mar\u00e7o de 2024, no pavilh\u00e3o S\u00e3o Paulo Expo<\/strong><\/span><\/p>\n<p style=\"text-align: justify;\">A\u00a0<strong>maior feira de revestimentos e acabamentos da Am\u00e9rica Latina\u00a0<\/strong>come\u00e7a nesta ter\u00e7a-feira (19\/03) trazendo lan\u00e7amentos e novidades em c<strong>er\u00e2micas, lou\u00e7as sanit\u00e1rias, metais, rochas ornamentais, mosaicos, madeiras, laminados, ciment\u00edcios, v\u00edtreos, maquin\u00e1rio, acess\u00f3rios e outros<\/strong><strong> revestimentos.<\/strong>\u00a0Ser\u00e3o mais de 300 marcas expositoras em 65 mil metros quadrados.<\/p>\n<p><strong>Alerta:<\/strong><\/p>\n<p><em>Finalizado o credenciamento voc\u00ea receber\u00e1 o\u00a0<strong>QR Code e e-mail de confirma\u00e7\u00e3o\u00a0<\/strong>que voc\u00ea est\u00e1 credenciado para o evento.<\/em><\/p>\n<section class=\"body-noticia\">\n<div class=\"container-medium\">\n<div class=\"w-richtext\">\n<p><em>Outras formas de credenciamento, tais como convites de terceiros, n\u00e3o garantem o acesso \u00e0 feira.<\/em><\/p>\n<p><em>Este alerta serve para todos aqueles que realizaram o credenciamento ou qualquer tipo de confirma\u00e7\u00e3o em outros locais que n\u00e3o seja o site da Expo Revestir.<\/em><\/p>\n<p><em>Refor\u00e7amos que credenciamentos que foram realizados desta forma n\u00e3o ter\u00e3o acesso ao evento.<\/em><\/p>\n<h4><span style=\"color: #0000ff;\"><strong>Importante:<\/strong><\/span><\/h4>\n<p><span style=\"color: #0000ff;\"><strong>N\u00e3o haver\u00e1 credenciamento no local.<\/strong><\/span><\/p>\n<\/div>\n<div class=\"w-dyn-list\">\n<div class=\"empty-state w-dyn-empty\"><\/div>\n<\/div>\n<\/div>\n<\/section>\n<section class=\"noticias24 custom-padding\">\n<div class=\"container-large\">\n<div class=\"title-expo24\">\n<div class=\"heading24-h4\">FIQU<\/div>\n<\/div>\n<\/div>\n<\/section>\n<p style=\"text-align: justify;\"><strong>SERVI\u00c7O Expo Revestir 2024<\/strong><br \/>\nBusiness Days &#8211; 19 a 21 de mar\u00e7o: das 10h \u00e0s 19h<br \/>\nCreative Day &#8211; 22 de mar\u00e7o: das 10h \u00e0s 17h<br \/>\nLocal: Pavilh\u00e3o de Exposi\u00e7\u00f5es S\u00e3o Paulo Expo<br \/>\nEndere\u00e7o: KM 1,5, Rodovia dos Imigrantes, Vila \u00c1gua Funda, S\u00e3o Paulo, SP &#8211; 04329-900<br \/>\nexporevestir\u0702com\u0702br<br \/>\nIG: @exporevestir_oficial<br \/>\nFB: @exporevestir<br \/>\nLKN: Expo Revestir<\/p>\n","protected":false},"excerpt":{"rendered":"<p>Confira os lan\u00e7amentos e tend\u00eancias da Expo Revestir 2024, de 19 a 22 de mar\u00e7o de 2024, no pavilh\u00e3o S\u00e3o Paulo Expo A\u00a0maior feira de revestimentos e acabamentos da Am\u00e9rica Latina\u00a0come\u00e7a nesta ter\u00e7a-feira (19\/03) trazendo lan\u00e7amentos e novidades em cer\u00e2micas, lou\u00e7as sanit\u00e1rias, metais, rochas ornamentais, mosaicos, madeiras, laminados, ciment\u00edcios, v\u00edtreos, maquin\u00e1rio, acess\u00f3rios e outros revestimentos.\u00a0Ser\u00e3o [&hellip;]<\/p>\n","protected":false},"author":1,"featured_media":23494,"comment_status":"open","ping_status":"open","sticky":false,"template":"","format":"standard","meta":{"_uag_custom_page_level_css":"","footnotes":""},"categories":[28],"tags":[1933,26359,8076,10675],"class_list":["post-23493","post","type-post","status-publish","format-standard","has-post-thumbnail","hentry","category-arquitetura","tag-casa-e-decoracao","tag-expo-revestir-2024","tag-negocios-da-construcao","tag-sao-paulo-expo"],"blocksy_meta":[],"spectra_blocks_featured_image_url":{"thumbnail":{"url":"https:\/\/construcaocivil.siriusmarketingedesign.com.br\/wp-content\/uploads\/2024\/03\/65f70a26c225f8c7ed49046c_credenciamento-150x150.jpg","width":150,"height":150},"medium":{"url":"https:\/\/construcaocivil.siriusmarketingedesign.com.br\/wp-content\/uploads\/2024\/03\/65f70a26c225f8c7ed49046c_credenciamento-300x168.jpg","width":300,"height":168},"medium_large":{"url":"https:\/\/construcaocivil.siriusmarketingedesign.com.br\/wp-content\/uploads\/2024\/03\/65f70a26c225f8c7ed49046c_credenciamento-768x430.jpg","width":768,"height":430},"large":{"url":"https:\/\/construcaocivil.siriusmarketingedesign.com.br\/wp-content\/uploads\/2024\/03\/65f70a26c225f8c7ed49046c_credenciamento-1024x574.jpg","width":1024,"height":574},"full":{"url":"https:\/\/construcaocivil.siriusmarketingedesign.com.br\/wp-content\/uploads\/2024\/03\/65f70a26c225f8c7ed49046c_credenciamento.jpg","width":1035,"height":580}},"spectra_blocks_author_info":{"display_name":"Jornal da Constru\u00e7\u00e3o Civil","avatar_url":"https:\/\/secure.gravatar.com\/avatar\/973c9774fd44ddaceb026973c4962faa70fc512bc4c9da68e8ebb40fecee6540?s=96&d=mm&r=g","author_link":"https:\/\/construcaocivil.siriusmarketingedesign.com.br\/?author=1","description":"Desde de 2013, levando muitas informa\u00e7\u00f5es, lan\u00e7amentos e produtos de qualidade para toda cadeia produtiva da constru\u00e7\u00e3o. O Futuro da constru\u00e7\u00e3o passa por aqui,"},"uagb_featured_image_src":{"full":["https:\/\/construcaocivil.siriusmarketingedesign.com.br\/wp-content\/uploads\/2024\/03\/65f70a26c225f8c7ed49046c_credenciamento.jpg",1035,580,false],"thumbnail":["https:\/\/construcaocivil.siriusmarketingedesign.com.br\/wp-content\/uploads\/2024\/03\/65f70a26c225f8c7ed49046c_credenciamento-150x150.jpg",150,150,true],"medium":["https:\/\/construcaocivil.siriusmarketingedesign.com.br\/wp-content\/uploads\/2024\/03\/65f70a26c225f8c7ed49046c_credenciamento-300x168.jpg",300,168,true],"medium_large":["https:\/\/construcaocivil.siriusmarketingedesign.com.br\/wp-content\/uploads\/2024\/03\/65f70a26c225f8c7ed49046c_credenciamento-768x430.jpg",768,430,true],"large":["https:\/\/construcaocivil.siriusmarketingedesign.com.br\/wp-content\/uploads\/2024\/03\/65f70a26c225f8c7ed49046c_credenciamento-1024x574.jpg",1024,574,true],"1536x1536":["https:\/\/construcaocivil.siriusmarketingedesign.com.br\/wp-content\/uploads\/2024\/03\/65f70a26c225f8c7ed49046c_credenciamento.jpg",1035,580,false],"2048x2048":["https:\/\/construcaocivil.siriusmarketingedesign.com.br\/wp-content\/uploads\/2024\/03\/65f70a26c225f8c7ed49046c_credenciamento.jpg",1035,580,false]},"uagb_author_info":{"display_name":"Jornal da Constru\u00e7\u00e3o Civil","author_link":"https:\/\/construcaocivil.siriusmarketingedesign.com.br\/?author=1"},"uagb_comment_info":0,"uagb_excerpt":"Confira os lan\u00e7amentos e tend\u00eancias da Expo Revestir 2024, de 19 a 22 de mar\u00e7o de 2024, no pavilh\u00e3o S\u00e3o Paulo Expo A\u00a0maior feira de revestimentos e acabamentos da Am\u00e9rica Latina\u00a0come\u00e7a nesta ter\u00e7a-feira (19\/03) trazendo lan\u00e7amentos e novidades em cer\u00e2micas, lou\u00e7as sanit\u00e1rias, metais, rochas ornamentais, mosaicos, madeiras, laminados, ciment\u00edcios, v\u00edtreos, maquin\u00e1rio, acess\u00f3rios e outros revestimentos.\u00a0Ser\u00e3o&hellip;","_links":{"self":[{"href":"https:\/\/construcaocivil.siriusmarketingedesign.com.br\/index.php?rest_route=\/wp\/v2\/posts\/23493","targetHints":{"allow":["GET"]}}],"collection":[{"href":"https:\/\/construcaocivil.siriusmarketingedesign.com.br\/index.php?rest_route=\/wp\/v2\/posts"}],"about":[{"href":"https:\/\/construcaocivil.siriusmarketingedesign.com.br\/index.php?rest_route=\/wp\/v2\/types\/post"}],"author":[{"embeddable":true,"href":"https:\/\/construcaocivil.siriusmarketingedesign.com.br\/index.php?rest_route=\/wp\/v2\/users\/1"}],"replies":[{"embeddable":true,"href":"https:\/\/construcaocivil.siriusmarketingedesign.com.br\/index.php?rest_route=%2Fwp%2Fv2%2Fcomments&post=23493"}],"version-history":[{"count":0,"href":"https:\/\/construcaocivil.siriusmarketingedesign.com.br\/index.php?rest_route=\/wp\/v2\/posts\/23493\/revisions"}],"wp:featuredmedia":[{"embeddable":true,"href":"https:\/\/construcaocivil.siriusmarketingedesign.com.br\/index.php?rest_route=\/wp\/v2\/media\/23494"}],"wp:attachment":[{"href":"https:\/\/construcaocivil.siriusmarketingedesign.com.br\/index.php?rest_route=%2Fwp%2Fv2%2Fmedia&parent=23493"}],"wp:term":[{"taxonomy":"category","embeddable":true,"href":"https:\/\/construcaocivil.siriusmarketingedesign.com.br\/index.php?rest_route=%2Fwp%2Fv2%2Fcategories&post=23493"},{"taxonomy":"post_tag","embeddable":true,"href":"https:\/\/construcaocivil.siriusmarketingedesign.com.br\/index.php?rest_route=%2Fwp%2Fv2%2Ftags&post=23493"}],"curies":[{"name":"wp","href":"https:\/\/api.w.org\/{rel}","templated":true}]}}