{"id":23524,"date":"2024-03-24T17:35:03","date_gmt":"2024-03-24T20:35:03","guid":{"rendered":"https:\/\/www.jornaldaconstrucaocivil.com.br\/?p=23524"},"modified":"2024-03-24T17:35:03","modified_gmt":"2024-03-24T20:35:03","slug":"chuvas-extremas-no-rj-defesa-civil-mobilizada-em-atendimento-as-cidades-afetadas-pelas-chuvas","status":"publish","type":"post","link":"https:\/\/construcaocivil.siriusmarketingedesign.com.br\/?p=23524","title":{"rendered":"Chuvas extremas no RJ: Defesa Civil mobilizada em atendimento \u00e0s cidades afetadas pelas chuvas"},"content":{"rendered":"<p style=\"text-align: justify;\">As equipes da Defesa do Estado do Rio seguem mobilizadas em atendimento \u00e0s cidades afetadas pelas chuvas. As coordenadorias regionais permanecem em apoio \u00e0s defesas civis locais.<\/p>\n<div class=\"entry-header\" style=\"text-align: justify;\">\n<h2><span style=\"color: #993300;\"><strong>Secret\u00e1rio Leandro Monteiro se re\u00fane com autoridades<\/strong><\/span><\/h2>\n<\/div>\n<div style=\"text-align: justify;\">\n<p class=\"portal87 portal1798 portal89\">O secret\u00e1rio de Estado de Defesa Civil e comandante-geral do CBMERJ, coronel Leandro Monteiro\u00a0<a class=\"x1i10hfl xjbqb8w x1ejq31n xd10rxx x1sy0etr x17r0tee x972fbf xcfux6l x1qhh985 xm0m39n x9f619 x1ypdohk xt0psk2 xe8uvvx xdj266r x11i5rnm xat24cr x1mh8g0r xexx8yu x4uap5 x18d9i69 xkhd6sd x16tdsg8 x1hl2dhg xggy1nq x1a2a7pz notranslate _a6hd\" tabindex=\"0\" href=\"https:\/\/www.instagram.com\/leandro_monteiro1\/\">@leandro_monteiro1<\/a>\u00a0, acompanhado do secret\u00e1rio de Estado de Governo, Bernardo Rossi\u00a0<a class=\"x1i10hfl xjbqb8w x1ejq31n xd10rxx x1sy0etr x17r0tee x972fbf xcfux6l x1qhh985 xm0m39n x9f619 x1ypdohk xt0psk2 xe8uvvx xdj266r x11i5rnm xat24cr x1mh8g0r xexx8yu x4uap5 x18d9i69 xkhd6sd x16tdsg8 x1hl2dhg xggy1nq x1a2a7pz notranslate _a6hd\" tabindex=\"0\" href=\"https:\/\/www.instagram.com\/bernardochimrossi\/\">@bernardochimrossi<\/a>\u00a0, e outros representantes do Governo do Estado estiveram reunidos ontem, com prefeitos de cidades afetadas pelas chuvas e representantes do Governo Federal em Japeri-RJ.<\/p>\n<p class=\"portal87 portal1798 portal89\">O Estado est\u00e1 \u00e0 disposi\u00e7\u00e3o das prefeituras e mobilizado para atender as regi\u00f5es mais afetadas, refor\u00e7ando as a\u00e7\u00f5es em apoio \u00e0 popula\u00e7\u00e3o fluminense.<\/p>\n<p class=\"portal87 portal1798 portal89\">\u00a0Governo do Estado se re\u00fane com prefeitos e representantes do Governo Federal para agilizar a redu\u00e7\u00e3o dos impactos causados pelo temporal.\u00a0Toda a estrutura estadual est\u00e1 atuando em apoio \u00e0s prefeituras das cidades prejudicadas pelas fortes chuvas.<\/p>\n<p>Secret\u00e1rios do Governo do Estado se reuniram, na sexta-feira (23\/02), na C\u00e2mara Municipal de Japeri, com representantes do Governo Federal e prefeitos de cidades atingidas pelas fortes chuvas desta semana. Os secret\u00e1rios de Estado de Governo, Bernardo Rossi e de Defesa Civil, coronel Leandro Monteiro, receberam as demandas dos munic\u00edpios para aprimorar as a\u00e7\u00f5es j\u00e1 iniciadas de apoio \u00e0 popula\u00e7\u00e3o. O trabalho integrado tem o objetivo de facilitar e agilizar o andamento das demandas de cada cidade. Para isso, ap\u00f3s a reuni\u00e3o, representantes do Estado visitaram \u00e1reas prejudicadas.<\/p>\n<p>Bernardo Rossi afirmou que a determina\u00e7\u00e3o do governador Cl\u00e1udio Castro \u00e9 que os secret\u00e1rios acompanhem de perto e coloquem \u00e0 disposi\u00e7\u00e3o toda a estrutura estadual, para apoiar os prefeitos das cidades acometidas pelo temporal.<\/p>\n<p>\u2013\u00a0<strong><em>Sobrevoamos v\u00e1rias \u00e1reas atingidas pelas chuvas e em todas h\u00e1 maquin\u00e1rios do estado. Temos mais de 100 m\u00e1quinas e centenas de homens trabalhando para o retorno da normalidade.<\/em>\u00a0<\/strong>O governador Cl\u00e1udio Castro determinou que todos os secret\u00e1rios trabalhem, sem medir esfor\u00e7os &#8211; declarou o secret\u00e1rio de governo, Bernardo Rossi.<\/p>\n<p>Fonte: Defesa Civil do Rio de Janeiro<\/p>\n<\/div>\n<div class=\"moduletable\">\n<div id=\"favportfolio-2527\" class=\"favportfolio gallery\">\n<div class=\"favth-row favmasonry-container\">\n<div class=\"favportfolio favth-col-lg-3 favth-col-md-3 favth-col-sm-6 favth-col-xs-12\">\n<div id=\"favportfolio-container1\" class=\"gallery layout-effect favhide favshow layout-effect5\">\n<div id=\"favportfolio-image\" style=\"text-align: justify;\"><\/div>\n<\/div>\n<\/div>\n<\/div>\n<\/div>\n<\/div>\n","protected":false},"excerpt":{"rendered":"<p>As equipes da Defesa do Estado do Rio seguem mobilizadas em atendimento \u00e0s cidades afetadas pelas chuvas. As coordenadorias regionais permanecem em apoio \u00e0s defesas civis locais. Secret\u00e1rio Leandro Monteiro se re\u00fane com autoridades O secret\u00e1rio de Estado de Defesa Civil e comandante-geral do CBMERJ, coronel Leandro Monteiro\u00a0@leandro_monteiro1\u00a0, acompanhado do secret\u00e1rio de Estado de Governo, [&hellip;]<\/p>\n","protected":false},"author":1,"featured_media":23526,"comment_status":"open","ping_status":"open","sticky":false,"template":"","format":"standard","meta":{"_uag_custom_page_level_css":"","footnotes":""},"categories":[37],"tags":[2229,26128,26376,26377,8180,10118],"class_list":["post-23524","post","type-post","status-publish","format-standard","has-post-thumbnail","hentry","category-sustentabilidade","tag-chuvas-fortes","tag-defesa-civil-rj","tag-desabrigados-e-afetados","tag-mortes","tag-norte-fluminense","tag-regiao-serrana"],"blocksy_meta":[],"spectra_blocks_featured_image_url":{"thumbnail":{"url":"https:\/\/construcaocivil.siriusmarketingedesign.com.br\/wp-content\/uploads\/2024\/03\/DEFESA-CIVIL-MOBILIZADA-150x150.jpg","width":150,"height":150},"medium":{"url":"https:\/\/construcaocivil.siriusmarketingedesign.com.br\/wp-content\/uploads\/2024\/03\/DEFESA-CIVIL-MOBILIZADA-300x210.jpg","width":300,"height":210},"medium_large":{"url":"https:\/\/construcaocivil.siriusmarketingedesign.com.br\/wp-content\/uploads\/2024\/03\/DEFESA-CIVIL-MOBILIZADA.jpg","width":500,"height":350},"large":{"url":"https:\/\/construcaocivil.siriusmarketingedesign.com.br\/wp-content\/uploads\/2024\/03\/DEFESA-CIVIL-MOBILIZADA.jpg","width":500,"height":350},"full":{"url":"https:\/\/construcaocivil.siriusmarketingedesign.com.br\/wp-content\/uploads\/2024\/03\/DEFESA-CIVIL-MOBILIZADA.jpg","width":500,"height":350}},"spectra_blocks_author_info":{"display_name":"Jornal da Constru\u00e7\u00e3o Civil","avatar_url":"https:\/\/secure.gravatar.com\/avatar\/973c9774fd44ddaceb026973c4962faa70fc512bc4c9da68e8ebb40fecee6540?s=96&d=mm&r=g","author_link":"https:\/\/construcaocivil.siriusmarketingedesign.com.br\/?author=1","description":"Desde de 2013, levando muitas informa\u00e7\u00f5es, lan\u00e7amentos e produtos de qualidade para toda cadeia produtiva da constru\u00e7\u00e3o. O Futuro da constru\u00e7\u00e3o passa por aqui,"},"uagb_featured_image_src":{"full":["https:\/\/construcaocivil.siriusmarketingedesign.com.br\/wp-content\/uploads\/2024\/03\/DEFESA-CIVIL-MOBILIZADA.jpg",500,350,false],"thumbnail":["https:\/\/construcaocivil.siriusmarketingedesign.com.br\/wp-content\/uploads\/2024\/03\/DEFESA-CIVIL-MOBILIZADA-150x150.jpg",150,150,true],"medium":["https:\/\/construcaocivil.siriusmarketingedesign.com.br\/wp-content\/uploads\/2024\/03\/DEFESA-CIVIL-MOBILIZADA-300x210.jpg",300,210,true],"medium_large":["https:\/\/construcaocivil.siriusmarketingedesign.com.br\/wp-content\/uploads\/2024\/03\/DEFESA-CIVIL-MOBILIZADA.jpg",500,350,false],"large":["https:\/\/construcaocivil.siriusmarketingedesign.com.br\/wp-content\/uploads\/2024\/03\/DEFESA-CIVIL-MOBILIZADA.jpg",500,350,false],"1536x1536":["https:\/\/construcaocivil.siriusmarketingedesign.com.br\/wp-content\/uploads\/2024\/03\/DEFESA-CIVIL-MOBILIZADA.jpg",500,350,false],"2048x2048":["https:\/\/construcaocivil.siriusmarketingedesign.com.br\/wp-content\/uploads\/2024\/03\/DEFESA-CIVIL-MOBILIZADA.jpg",500,350,false]},"uagb_author_info":{"display_name":"Jornal da Constru\u00e7\u00e3o Civil","author_link":"https:\/\/construcaocivil.siriusmarketingedesign.com.br\/?author=1"},"uagb_comment_info":0,"uagb_excerpt":"As equipes da Defesa do Estado do Rio seguem mobilizadas em atendimento \u00e0s cidades afetadas pelas chuvas. As coordenadorias regionais permanecem em apoio \u00e0s defesas civis locais. Secret\u00e1rio Leandro Monteiro se re\u00fane com autoridades O secret\u00e1rio de Estado de Defesa Civil e comandante-geral do CBMERJ, coronel Leandro Monteiro\u00a0@leandro_monteiro1\u00a0, acompanhado do secret\u00e1rio de Estado de Governo,&hellip;","_links":{"self":[{"href":"https:\/\/construcaocivil.siriusmarketingedesign.com.br\/index.php?rest_route=\/wp\/v2\/posts\/23524","targetHints":{"allow":["GET"]}}],"collection":[{"href":"https:\/\/construcaocivil.siriusmarketingedesign.com.br\/index.php?rest_route=\/wp\/v2\/posts"}],"about":[{"href":"https:\/\/construcaocivil.siriusmarketingedesign.com.br\/index.php?rest_route=\/wp\/v2\/types\/post"}],"author":[{"embeddable":true,"href":"https:\/\/construcaocivil.siriusmarketingedesign.com.br\/index.php?rest_route=\/wp\/v2\/users\/1"}],"replies":[{"embeddable":true,"href":"https:\/\/construcaocivil.siriusmarketingedesign.com.br\/index.php?rest_route=%2Fwp%2Fv2%2Fcomments&post=23524"}],"version-history":[{"count":0,"href":"https:\/\/construcaocivil.siriusmarketingedesign.com.br\/index.php?rest_route=\/wp\/v2\/posts\/23524\/revisions"}],"wp:featuredmedia":[{"embeddable":true,"href":"https:\/\/construcaocivil.siriusmarketingedesign.com.br\/index.php?rest_route=\/wp\/v2\/media\/23526"}],"wp:attachment":[{"href":"https:\/\/construcaocivil.siriusmarketingedesign.com.br\/index.php?rest_route=%2Fwp%2Fv2%2Fmedia&parent=23524"}],"wp:term":[{"taxonomy":"category","embeddable":true,"href":"https:\/\/construcaocivil.siriusmarketingedesign.com.br\/index.php?rest_route=%2Fwp%2Fv2%2Fcategories&post=23524"},{"taxonomy":"post_tag","embeddable":true,"href":"https:\/\/construcaocivil.siriusmarketingedesign.com.br\/index.php?rest_route=%2Fwp%2Fv2%2Ftags&post=23524"}],"curies":[{"name":"wp","href":"https:\/\/api.w.org\/{rel}","templated":true}]}}