{"id":23528,"date":"2024-03-24T17:54:59","date_gmt":"2024-03-24T20:54:59","guid":{"rendered":"https:\/\/www.jornaldaconstrucaocivil.com.br\/?p=23528"},"modified":"2024-03-24T17:54:59","modified_gmt":"2024-03-24T20:54:59","slug":"agua-e-vida-projeto-beneficia-cerca-de-20-mil-pessoas-que-nao-tem-acesso-a-agua-potavel-na-bahia-e-em-goias","status":"publish","type":"post","link":"https:\/\/construcaocivil.siriusmarketingedesign.com.br\/?p=23528","title":{"rendered":"\u00c1gua \u00e9 Vida: projeto beneficia cerca de 20 mil pessoas que n\u00e3o tem acesso \u00e0 \u00e1gua pot\u00e1vel na Bahia e em Goi\u00e1s"},"content":{"rendered":"<p style=\"text-align: justify;\"><span style=\"color: #993300;\"><strong><i>Projeto realizado em S\u00e3o Desid\u00e9rio, Lu\u00eds Eduardo Magalh\u00e3es e Rio Verde contribui para a redu\u00e7\u00e3o de doen\u00e7as transmitidas pela \u00e1gua e a mortalidade infantil<\/i><\/strong><\/span><\/p>\n<div>\n<p style=\"text-align: justify;\">No dia 22 de mar\u00e7o \u00e9 celebrado o Dia Mundial da \u00c1gua, um bem t\u00e3o precioso e vital para todos os seres vivos do planeta. Apesar de ser um elemento abundante em oceanos, mares e rios, ainda existem pessoas que n\u00e3o t\u00eam acesso \u00e0 \u00e1gua pot\u00e1vel. No Brasil, por exemplo, cerca de 35 milh\u00f5es de pessoas n\u00e3o t\u00eam acesso, segundo informa\u00e7\u00f5es do Sistema Nacional de Informa\u00e7\u00f5es sobre Saneamento (SNIS).<\/p>\n<p style=\"text-align: justify;\">A data foi criada em 1992, pela Organiza\u00e7\u00e3o das Na\u00e7\u00f5es Unidas (ONU), durante a Eco-92, confer\u00eancia da ONU sobre o Meio Ambiente e o Desenvolvimento, como um esfor\u00e7o para colocar em pauta as quest\u00f5es essenciais que envolvem os recursos h\u00eddricos no planeta. Em 2024, o tema definido para o Dia Mundial da \u00c1gua pela ONU \u00e9\u00a0<em>\u00c1gua para a Paz<\/em>.<\/p>\n<p style=\"text-align: justify;\">Com o objetivo de oferecer acesso a \u00e1gua limpa e ampliar a\u00e7\u00f5es de educa\u00e7\u00e3o em sa\u00fade, higiene e \u00e1gua, contribuindo para a redu\u00e7\u00e3o de doen\u00e7as transmitidas pela \u00e1gua e a mortalidade infantil, o ChildFund Brasil, em parceria com a Global Water Challenge e a Cargill, lan\u00e7ou em agosto de 2023 o Projeto \u00c1gua \u00e9 Vida, nas cidades de S\u00e3o Desid\u00e9rio e Lu\u00eds Eduardo Magalh\u00e3es, ambas na Bahia, e em Rio Verde, em Goi\u00e1s.<\/p>\n<p style=\"text-align: justify;\">O Projeto \u00c1gua \u00e9 Vida, que tem como base o 6\u00ba Objetivo do Desenvolvimento Sustent\u00e1vel (ODS) estabelecido pela Organiza\u00e7\u00e3o das Na\u00e7\u00f5es Unidas (ONU), que trata sobre a \u00e1gua pot\u00e1vel e o saneamento, vai beneficiar cerca de 7 mil fam\u00edlias e mais de 20 mil pessoas nas tr\u00eas cidades focos das a\u00e7\u00f5es. \u201cEstamos muito felizes por podermos continuar a levar \u00e1gua pot\u00e1vel e conhecimentos sobre sa\u00fade para milhares de fam\u00edlias, pois todos t\u00eam direito ao acesso \u00e0 \u00e1gua limpa, assim como as crian\u00e7as t\u00eam direito a uma inf\u00e2ncia saud\u00e1vel e livre de doen\u00e7as de veicula\u00e7\u00e3o h\u00eddrica. \u00c1gua \u00e9 sa\u00fade e vida\u201d, explica Mauricio Cunha, diretor de pa\u00eds do ChildFund Brasil, organiza\u00e7\u00e3o que atua na promo\u00e7\u00e3o e defesa dos direitos da crian\u00e7a e do adolescente h\u00e1 57 anos no pa\u00eds e que vai garantir que as atividades do Projeto \u00c1gua \u00e9 Vida sejam implementadas em 29 comunidades.<\/p>\n<p style=\"text-align: justify;\">No mundo, mais de mil crian\u00e7as com menos de cinco anos de idade morrem todos os dias, por conta de doen\u00e7as que poderiam ser evitadas se tivessem acesso a saneamento b\u00e1sico, \u00e1gua pot\u00e1vel e higiene, de acordo com dados divulgados pelo Fundo das Na\u00e7\u00f5es Unidas para a Inf\u00e2ncia (UNICEF). Entre as principais doen\u00e7as de veicula\u00e7\u00e3o h\u00eddrica, est\u00e3o: hepatite infecciosa (Hepatite A e E), diarreia, esquistossomose, c\u00f3lera, febre tifoide e paratifoide, giard\u00edase, ameb\u00edase e gastroenterite, que s\u00e3o consideradas um problema de sa\u00fade p\u00fablica.<\/p>\n<p style=\"text-align: justify;\"><strong>A\u00e7\u00f5es em Lu\u00eds Eduardo Magalh\u00e3es<\/strong><\/p>\n<p style=\"text-align: justify;\">Entre os dias 18 e 22 de mar\u00e7o, uma s\u00e9rie de atividades em comemora\u00e7\u00e3o ao Dia Mundial da \u00c1gua acontecem em Lu\u00eds Eduardo Magalh\u00e3es. Em parceria com a prefeitura da cidade, o Projeto \u00c1gua \u00e9 Vida realiza atividades socioeducativas em cinco escolas pr\u00e9-selecionadas, sendo elas: Escola Corn\u00e9lio Dias (18\/03), Escola Fabio Johner (19\/03), Escola Henrique de Freitas (20\/03), Escola Cec\u00edlia Meireles (21\/03) e Escola Marlei Terezinha Pretto (22\/03).<\/p>\n<p style=\"text-align: justify;\">Para iniciar as atividades, na parte da manh\u00e3 foi realizada uma gincana e um jogo de palavras cruzadas, no qual as crian\u00e7as ganham brindes de incentivo ao cuidar da \u00e1gua. As escolas beneficiadas tamb\u00e9m ganharam jogos e cartilhas com tem\u00e1tica da \u00e1gua, a fim de facilitar o processo pedag\u00f3gico, na disciplina de Ci\u00eancias, trabalhando a import\u00e2ncia da \u00e1gua tratada e da n\u00e3o polui\u00e7\u00e3o de rios, oportunizando que as crian\u00e7as possam aprender de forma l\u00fadica.<\/p>\n<p style=\"text-align: justify;\"><strong>A\u00e7\u00f5es em S\u00e3o Desid\u00e9rio<\/strong><\/p>\n<p style=\"text-align: justify;\">\u00a0J\u00e1 em S\u00e3o Desid\u00e9rio, o Projeto \u00c1gua \u00e9 Vida vem causando impactos positivos na vida dos moradores das comunidades rurais, onde muitas fam\u00edlias est\u00e3o sendo beneficiadas com a\u00e7\u00f5es socioeducativas e tamb\u00e9m com obras que possibilitam o acesso \u00e0 \u00e1gua pot\u00e1vel. No total, nove comunidades receber\u00e3o as a\u00e7\u00f5es, sendo que seis v\u00e3o receber \u00e1gua pot\u00e1vel: Guar\u00e1, Campo Grande, C\u00eara, Currais, Ilha do Victor e Puba.<\/p>\n<p style=\"text-align: justify;\">Para o fornecimento de \u00e1gua pot\u00e1vel, est\u00e3o sendo realizadas perfura\u00e7\u00f5es de po\u00e7os artesianos (j\u00e1 realizado na comunidade de Guar\u00e1 e Puba), implementa\u00e7\u00e3o de Esta\u00e7\u00f5es de Tratamento de \u00c1gua (obras iniciadas em Currais, Campo Grande e Ilha do Victor) e requalifica\u00e7\u00e3o de reservat\u00f3rios com base apoiada em alvenaria. Tamb\u00e9m j\u00e1 foram capacitadas 65 pessoas volunt\u00e1rias, para atuarem como Promotoras da Sa\u00fade e Higiene (PSH), junto \u00e0s comunidades levando informa\u00e7\u00f5es sobre o bom uso da \u00e1gua.<\/p>\n<p style=\"text-align: justify;\">Com as a\u00e7\u00f5es, o ChildFund Brasil pretende contribuir para a melhoria da sa\u00fade da popula\u00e7\u00e3o, buscando diminuir as doen\u00e7as transmitidas pela \u00e1gua contaminada e oferecendo mais qualidade de vida para as fam\u00edlias e para as crian\u00e7as que vivem nas comunidades. \u201cEu tenho para mim que todos esses problemas (de sa\u00fade) que a gente vem sentindo s\u00e3o por conta da nossa \u00e1gua, porque fa\u00e7o exames, como a endoscopia, e toda vez o resultado consta \u2018verme\u2019. Um verme que d\u00e1 no est\u00f4mago da gente, que eu n\u00e3o sei como \u00e9 o nome, mas toda vez que eu fa\u00e7o exame consta, e eles falam que \u00e9 da \u00e1gua que a gente toma, que n\u00e3o \u00e9 tratada. Eu estou gostando muito do projeto que est\u00e1 acontecendo aqui na Ilha do Vitor. Quero que d\u00ea certo e que n\u00e3o pare, que siga em frente\u201d, afirma Dona Domingas, moradora da Ilha do Victor e volunt\u00e1ria do projeto \u00c1gua \u00e9 Vida em S\u00e3o Desid\u00e9rio.<\/p>\n<p style=\"text-align: justify;\">\u201cEsse projeto impactar\u00e1 essas comunidades de forma sustent\u00e1vel com a instala\u00e7\u00e3o de Esta\u00e7\u00f5es de Tratamento de \u00c1gua, cloradores autom\u00e1ticos em po\u00e7os e com a abertura de novos po\u00e7os, levando \u00e1gua pot\u00e1vel para milhares de pessoas por d\u00e9cadas\u201d, complementa Giane Boselli, Gerente de Programas do ChildFund Brasil.<\/p>\n<p style=\"text-align: justify;\"><strong>A\u00e7\u00f5es em Rio Verde<\/strong><\/p>\n<p style=\"text-align: justify;\">Por fim, na cidade de Rio Verde, o Projeto \u00c1gua \u00e9 Vida realiza a\u00e7\u00f5es educativas em oito escolas, incluindo o Instituto Federal Goiano (IF Goiano), que no m\u00eas de abril, receber\u00e1 a constru\u00e7\u00e3o de uma Esta\u00e7\u00e3o de Tratamento de \u00c1gua, beneficiando mais de 3 mil alunos e funcion\u00e1rios. Muitos desses alunos tamb\u00e9m se tornar\u00e3o volunt\u00e1rios do projeto e far\u00e3o visitas domiciliares para conscientizar fam\u00edlias sobre \u00e1gua, sa\u00fade e higiene.<\/p>\n<p style=\"text-align: justify;\">Os eventos nas escolas e no IF Goiano est\u00e3o sendo realizados com alunos e professores e buscaram valorizar a import\u00e2ncia da \u00e1gua na vida das pessoas e como podemos tratar a \u00e1gua que tomamos. Todas as escolas participantes do projeto tamb\u00e9m ser\u00e3o beneficiadas com cloradores autom\u00e1ticos, que ser\u00e3o instalados em seus respectivos po\u00e7os. Para saber mais sobre as a\u00e7\u00f5es do Projeto \u00c1gua \u00e9 Vida, acesse\u00a0<a href=\"http:\/\/www.childfundbrasil.org.br\/\" target=\"_blank\" rel=\"noopener noreferrer\">www.childfundbrasil.org.br<\/a>.<\/p>\n<\/div>\n","protected":false},"excerpt":{"rendered":"<p>Projeto realizado em S\u00e3o Desid\u00e9rio, Lu\u00eds Eduardo Magalh\u00e3es e Rio Verde contribui para a redu\u00e7\u00e3o de doen\u00e7as transmitidas pela \u00e1gua e a mortalidade infantil No dia 22 de mar\u00e7o \u00e9 celebrado o Dia Mundial da \u00c1gua, um bem t\u00e3o precioso e vital para todos os seres vivos do planeta. Apesar de ser um elemento abundante [&hellip;]<\/p>\n","protected":false},"author":1,"featured_media":23529,"comment_status":"open","ping_status":"open","sticky":false,"template":"","format":"standard","meta":{"_uag_custom_page_level_css":"","footnotes":""},"categories":[37],"tags":[26379,26378,3618,26380,16058,26381,10595,26382],"class_list":["post-23528","post","type-post","status-publish","format-standard","has-post-thumbnail","hentry","category-sustentabilidade","tag-agua-e-vida","tag-childfund-brasil","tag-dia-mundial-da-agua","tag-estacao-de-tratamento-de-agua","tag-luis-eduardo-magalhaes-ba","tag-rio-verde-go","tag-saneamento-basico","tag-sao-desiderio"],"blocksy_meta":[],"spectra_blocks_featured_image_url":{"thumbnail":{"url":"https:\/\/construcaocivil.siriusmarketingedesign.com.br\/wp-content\/uploads\/2024\/03\/Foto-ChildFund-Brasil-Projeto-Agua-e-Vida-150x150.jpg","width":150,"height":150},"medium":{"url":"https:\/\/construcaocivil.siriusmarketingedesign.com.br\/wp-content\/uploads\/2024\/03\/Foto-ChildFund-Brasil-Projeto-Agua-e-Vida-300x178.jpg","width":300,"height":178},"medium_large":{"url":"https:\/\/construcaocivil.siriusmarketingedesign.com.br\/wp-content\/uploads\/2024\/03\/Foto-ChildFund-Brasil-Projeto-Agua-e-Vida-768x456.jpg","width":768,"height":456},"large":{"url":"https:\/\/construcaocivil.siriusmarketingedesign.com.br\/wp-content\/uploads\/2024\/03\/Foto-ChildFund-Brasil-Projeto-Agua-e-Vida.jpg","width":978,"height":581},"full":{"url":"https:\/\/construcaocivil.siriusmarketingedesign.com.br\/wp-content\/uploads\/2024\/03\/Foto-ChildFund-Brasil-Projeto-Agua-e-Vida.jpg","width":978,"height":581}},"spectra_blocks_author_info":{"display_name":"Jornal da Constru\u00e7\u00e3o Civil","avatar_url":"https:\/\/secure.gravatar.com\/avatar\/973c9774fd44ddaceb026973c4962faa70fc512bc4c9da68e8ebb40fecee6540?s=96&d=mm&r=g","author_link":"https:\/\/construcaocivil.siriusmarketingedesign.com.br\/?author=1","description":"Desde de 2013, levando muitas informa\u00e7\u00f5es, lan\u00e7amentos e produtos de qualidade para toda cadeia produtiva da constru\u00e7\u00e3o. O Futuro da constru\u00e7\u00e3o passa por aqui,"},"uagb_featured_image_src":{"full":["https:\/\/construcaocivil.siriusmarketingedesign.com.br\/wp-content\/uploads\/2024\/03\/Foto-ChildFund-Brasil-Projeto-Agua-e-Vida.jpg",978,581,false],"thumbnail":["https:\/\/construcaocivil.siriusmarketingedesign.com.br\/wp-content\/uploads\/2024\/03\/Foto-ChildFund-Brasil-Projeto-Agua-e-Vida-150x150.jpg",150,150,true],"medium":["https:\/\/construcaocivil.siriusmarketingedesign.com.br\/wp-content\/uploads\/2024\/03\/Foto-ChildFund-Brasil-Projeto-Agua-e-Vida-300x178.jpg",300,178,true],"medium_large":["https:\/\/construcaocivil.siriusmarketingedesign.com.br\/wp-content\/uploads\/2024\/03\/Foto-ChildFund-Brasil-Projeto-Agua-e-Vida-768x456.jpg",768,456,true],"large":["https:\/\/construcaocivil.siriusmarketingedesign.com.br\/wp-content\/uploads\/2024\/03\/Foto-ChildFund-Brasil-Projeto-Agua-e-Vida.jpg",978,581,false],"1536x1536":["https:\/\/construcaocivil.siriusmarketingedesign.com.br\/wp-content\/uploads\/2024\/03\/Foto-ChildFund-Brasil-Projeto-Agua-e-Vida.jpg",978,581,false],"2048x2048":["https:\/\/construcaocivil.siriusmarketingedesign.com.br\/wp-content\/uploads\/2024\/03\/Foto-ChildFund-Brasil-Projeto-Agua-e-Vida.jpg",978,581,false]},"uagb_author_info":{"display_name":"Jornal da Constru\u00e7\u00e3o Civil","author_link":"https:\/\/construcaocivil.siriusmarketingedesign.com.br\/?author=1"},"uagb_comment_info":0,"uagb_excerpt":"Projeto realizado em S\u00e3o Desid\u00e9rio, Lu\u00eds Eduardo Magalh\u00e3es e Rio Verde contribui para a redu\u00e7\u00e3o de doen\u00e7as transmitidas pela \u00e1gua e a mortalidade infantil No dia 22 de mar\u00e7o \u00e9 celebrado o Dia Mundial da \u00c1gua, um bem t\u00e3o precioso e vital para todos os seres vivos do planeta. Apesar de ser um elemento abundante&hellip;","_links":{"self":[{"href":"https:\/\/construcaocivil.siriusmarketingedesign.com.br\/index.php?rest_route=\/wp\/v2\/posts\/23528","targetHints":{"allow":["GET"]}}],"collection":[{"href":"https:\/\/construcaocivil.siriusmarketingedesign.com.br\/index.php?rest_route=\/wp\/v2\/posts"}],"about":[{"href":"https:\/\/construcaocivil.siriusmarketingedesign.com.br\/index.php?rest_route=\/wp\/v2\/types\/post"}],"author":[{"embeddable":true,"href":"https:\/\/construcaocivil.siriusmarketingedesign.com.br\/index.php?rest_route=\/wp\/v2\/users\/1"}],"replies":[{"embeddable":true,"href":"https:\/\/construcaocivil.siriusmarketingedesign.com.br\/index.php?rest_route=%2Fwp%2Fv2%2Fcomments&post=23528"}],"version-history":[{"count":0,"href":"https:\/\/construcaocivil.siriusmarketingedesign.com.br\/index.php?rest_route=\/wp\/v2\/posts\/23528\/revisions"}],"wp:featuredmedia":[{"embeddable":true,"href":"https:\/\/construcaocivil.siriusmarketingedesign.com.br\/index.php?rest_route=\/wp\/v2\/media\/23529"}],"wp:attachment":[{"href":"https:\/\/construcaocivil.siriusmarketingedesign.com.br\/index.php?rest_route=%2Fwp%2Fv2%2Fmedia&parent=23528"}],"wp:term":[{"taxonomy":"category","embeddable":true,"href":"https:\/\/construcaocivil.siriusmarketingedesign.com.br\/index.php?rest_route=%2Fwp%2Fv2%2Fcategories&post=23528"},{"taxonomy":"post_tag","embeddable":true,"href":"https:\/\/construcaocivil.siriusmarketingedesign.com.br\/index.php?rest_route=%2Fwp%2Fv2%2Ftags&post=23528"}],"curies":[{"name":"wp","href":"https:\/\/api.w.org\/{rel}","templated":true}]}}