{"id":2354,"date":"2016-06-29T14:30:14","date_gmt":"2016-06-29T14:30:14","guid":{"rendered":"http:\/\/www.jornaldaconstrucaocivil.com.br\/?p=2354"},"modified":"2016-06-29T14:30:14","modified_gmt":"2016-06-29T14:30:14","slug":"9a-jornada-brasil-inteligente","status":"publish","type":"post","link":"https:\/\/construcaocivil.siriusmarketingedesign.com.br\/?p=2354","title":{"rendered":"9\u00aa Jornada Brasil Inteligente"},"content":{"rendered":"<p><span style=\"color: #000080;\"><strong>Debate acontece na pr\u00f3xima sexta-feira, em S\u00e3o Paulo. Na programa\u00e7\u00e3o, destaca-se a apresenta\u00e7\u00e3o da logomarca do projeto Brasil 2022: O Pa\u00eds que queremos, desenhada pelo arquiteto e designer Ruy Ohtake.<\/strong><\/span><\/p>\n<p><span style=\"color: #000000;\">No pr\u00f3ximo dia 1\u00ba de julho, a partir das 9 horas, a CNTU realiza, em S\u00e3o Paulo, a 9\u00aa Jornada Brasil Inteligente, que ter\u00e1 como tema o projeto \u201cBrasil 2022: o Pa\u00eds que queremos\u201d. Na pauta da atividade, discuss\u00f5es sobre economia, cultura e pol\u00edtica, visando um salto socioecon\u00f4mico, cultural e cient\u00edfico tendo o bicenten\u00e1rio da Independ\u00eancia como norte.<\/span><\/p>\n<p><span style=\"color: #000000;\">Duas comemora\u00e7\u00f5es em 2022, o Bicenten\u00e1rio da Independ\u00eancia do Brasil e 100 anos da Semana de Arte Moderna, colocam desde j\u00e1 a quest\u00e3o fundamental dos destinos do Pa\u00eds: a necessidade de conquistar o alargamento e aprofundamento da democracia e desenvolvimento nacional. O projeto Brasil 2022 \u00e9 ato catalisador das pot\u00eancias criativas e vitais do Pa\u00eds.<\/span><\/p>\n<p><span style=\"color: #000000;\">\u201cMais do que comemorar, com o Brasil 2022, a CNTU pretende mobilizar a for\u00e7a simb\u00f3lica desses dois acontecimentos. Unir as pot\u00eancias dos profissionais universit\u00e1rios com todas as demais pot\u00eancias criativas da ci\u00eancia, tecnologia, inova\u00e7\u00e3o, das artes, da filosofia, da literatura, da educa\u00e7\u00e3o. Enfim, unir as for\u00e7as da cultura, respeitando-se as caracter\u00edsticas de cada uma, mas proporcionando o di\u00e1logo, a intera\u00e7\u00e3o entre elas, por um mundo melhor, pelo pa\u00eds que queremos e podemos produzir\u201d, avalia Allen Habert, diretor de Articula\u00e7\u00e3o Nacional da CNTU e coordenador do evento.<\/span><\/p>\n<p><span style=\"color: #000000;\">A Confedera\u00e7\u00e3o Nacional dos Trabalhadores Liberais Universit\u00e1rios Regulamentados (CNTU) \u00e9 uma entidade representativa que re\u00fane quatro federa\u00e7\u00f5es e 56 sindicatos filiados. Com o projeto Brasil 2022, a confedera\u00e7\u00e3o atua na cria\u00e7\u00e3o de uma rede de parceiros e num conjunto de orienta\u00e7\u00f5es iniciais para formular quest\u00f5es e respostas sobre as profiss\u00f5es universit\u00e1rias e sobre o sindicalismo dos profissionais universit\u00e1rios.<\/span><\/p>\n<p><span style=\"color: #000000;\">Esse panorama e perspectivas entram em debate no evento. Duas mesas-redondas, abordando soberania, cultura, pol\u00edtica e economia rumo ao Pa\u00eds que queremos, e a plen\u00e1ria do \u201cConselho das 1.000 cabe\u00e7as\u201d comp\u00f5em agenda da atividade.<\/span><\/p>\n<p><span style=\"color: #993300;\"><strong>Programa\u00e7\u00e3o<\/strong><\/span><\/p>\n<p><span style=\"color: #000000;\">9h \u2013 Sess\u00e3o de abertura<\/span><\/p>\n<p><span style=\"color: #000000;\">9h30 \u2013 Apresenta\u00e7\u00e3o da logomarca do projeto Brasil 2022: O Pa\u00eds que queremos<\/span><\/p>\n<p><span style=\"color: #000000;\">Ruy Ohtake, arquiteto e designer<\/span><\/p>\n<p><span style=\"color: #000000;\">10h \u2013 Mesa-redonda \u201cSoberania e cultura rumo ao Brasil 2022\u201d<\/span><\/p>\n<p><span style=\"color: #000000;\">Allen Habert, engenheiro, diretor da CNTU<\/span><\/p>\n<p><span style=\"color: #000000;\">Ceci Juru\u00e1, economista, conselheira consultiva da CNTU<\/span><\/p>\n<p><span style=\"color: #000000;\">Isa Grinspum Ferraz, soci\u00f3loga e cineasta, diretora cultural da Funda\u00e7\u00e3o Darcy Ribeiro<\/span><\/p>\n<p><span style=\"color: #000000;\">Jorge Antunes, compositor e maestro, professor titular da Universidade de Bras\u00edlia (UnB)<\/span><\/p>\n<p><span style=\"color: #000000;\">14h \u2013 Mesa-redonda \u201cEconomia e pol\u00edtica rumo ao Brasil 2022\u201d<\/span><\/p>\n<p><span style=\"color: #000000;\">Carmen Cecilia Bressane, advogada, integrante da Auditoria Cidad\u00e3 da D\u00edvida<\/span><\/p>\n<p><span style=\"color: #000000;\">Jo\u00e3o Guilherme Vargas Netto, analista pol\u00edtico, consultor sindical da CNTU<\/span><\/p>\n<p><span style=\"color: #000000;\">Odilon Guedes, economista, diretor da CNTU<\/span><\/p>\n<p><span style=\"color: #000000;\">16h \u2013 9\u00aa Plen\u00e1ria do Conselho Consultivo da CNTU, o \u201cConselho das 1.000 Cabe\u00e7as\u201d<\/span><\/p>\n<p><span style=\"color: #000000;\">Posse dos novos Conselheiros Consultivos<\/span><\/p>\n<p><span style=\"color: #000000;\">Depoimentos dos conselheiros sobre \u201cCi\u00eancia, tecnologia, inova\u00e7\u00e3o, educa\u00e7\u00e3o\u00a0 e\u00a0 cultura\u00a0 rumo\u00a0 ao\u00a0 Brasil\u00a0 2022\u201d<\/span><\/p>\n<p><span style=\"color: #000000;\">18h \u2013 Encerramento<\/span><\/p>\n<p><span style=\"color: #800080;\">Mais detalhes do evento:<\/span><\/p>\n<p><strong><span style=\"color: #000000;\">9\u00aa Jornada Brasil Inteligente<\/span><\/strong><\/p>\n<p><span style=\"color: #000000;\">Data: 1\u00ba de julho<\/span><\/p>\n<p><span style=\"color: #000000;\">Hora: 9h \u00e0s 18h<\/span><\/p>\n<p><span style=\"color: #000000;\">Local: Audit\u00f3rio do Sindicato dos Engenheiros no Estado de S\u00e3o Paulo (SEESP) &#8211; Rua Genebra, 25 &#8211; Bela Vista &#8211; S\u00e3o Paulo<\/span><\/p>\n<p><span style=\"color: #000000;\">Informa\u00e7\u00f5es e inscri\u00e7\u00f5es:<span style=\"color: #0000ff;\"> atendimento@cntu.org.br<\/span> e<span style=\"color: #0000ff;\"> cntu@cntu.org.br<\/span><\/span><\/p>\n<p><span style=\"color: #000000;\">O evento \u00e9 gratuito e ter\u00e1 transmiss\u00e3o online pelo site da CNTU (<span style=\"color: #0000ff;\">www.cntu.org.br<\/span>).<\/span><\/p>\n<p>&nbsp;<\/p>\n<p>&nbsp;<\/p>\n","protected":false},"excerpt":{"rendered":"<p>Debate acontece na pr\u00f3xima sexta-feira, em S\u00e3o Paulo. Na programa\u00e7\u00e3o, destaca-se a apresenta\u00e7\u00e3o da logomarca do projeto Brasil 2022: O Pa\u00eds que queremos, desenhada pelo arquiteto e designer Ruy Ohtake. No pr\u00f3ximo dia 1\u00ba de julho, a partir das 9 horas, a CNTU realiza, em S\u00e3o Paulo, a 9\u00aa Jornada Brasil Inteligente, que ter\u00e1 como [&hellip;]<\/p>\n","protected":false},"author":1,"featured_media":0,"comment_status":"open","ping_status":"open","sticky":false,"template":"","format":"standard","meta":{"_uag_custom_page_level_css":"","footnotes":""},"categories":[27],"tags":[1542,1548,2718,10535,10668,10831],"class_list":["post-2354","post","type-post","status-publish","format-standard","hentry","category-acontece","tag-brasil-2022","tag-brasil-inteligente","tag-confederacao-nacional-dos-trabalhadores-liberais-universitarios-regulamentados-cntu","tag-ruy-ohtake-arquiteto-e-designer","tag-sao-paulo","tag-semana-de-arte-moderna"],"blocksy_meta":[],"spectra_blocks_featured_image_url":null,"spectra_blocks_author_info":{"display_name":"Jornal da Constru\u00e7\u00e3o Civil","avatar_url":"https:\/\/secure.gravatar.com\/avatar\/973c9774fd44ddaceb026973c4962faa70fc512bc4c9da68e8ebb40fecee6540?s=96&d=mm&r=g","author_link":"https:\/\/construcaocivil.siriusmarketingedesign.com.br\/?author=1","description":"Desde de 2013, levando muitas informa\u00e7\u00f5es, lan\u00e7amentos e produtos de qualidade para toda cadeia produtiva da constru\u00e7\u00e3o. O Futuro da constru\u00e7\u00e3o passa por aqui,"},"uagb_featured_image_src":{"full":false,"thumbnail":false,"medium":false,"medium_large":false,"large":false,"1536x1536":false,"2048x2048":false},"uagb_author_info":{"display_name":"Jornal da Constru\u00e7\u00e3o Civil","author_link":"https:\/\/construcaocivil.siriusmarketingedesign.com.br\/?author=1"},"uagb_comment_info":0,"uagb_excerpt":"Debate acontece na pr\u00f3xima sexta-feira, em S\u00e3o Paulo. Na programa\u00e7\u00e3o, destaca-se a apresenta\u00e7\u00e3o da logomarca do projeto Brasil 2022: O Pa\u00eds que queremos, desenhada pelo arquiteto e designer Ruy Ohtake. No pr\u00f3ximo dia 1\u00ba de julho, a partir das 9 horas, a CNTU realiza, em S\u00e3o Paulo, a 9\u00aa Jornada Brasil Inteligente, que ter\u00e1 como&hellip;","_links":{"self":[{"href":"https:\/\/construcaocivil.siriusmarketingedesign.com.br\/index.php?rest_route=\/wp\/v2\/posts\/2354","targetHints":{"allow":["GET"]}}],"collection":[{"href":"https:\/\/construcaocivil.siriusmarketingedesign.com.br\/index.php?rest_route=\/wp\/v2\/posts"}],"about":[{"href":"https:\/\/construcaocivil.siriusmarketingedesign.com.br\/index.php?rest_route=\/wp\/v2\/types\/post"}],"author":[{"embeddable":true,"href":"https:\/\/construcaocivil.siriusmarketingedesign.com.br\/index.php?rest_route=\/wp\/v2\/users\/1"}],"replies":[{"embeddable":true,"href":"https:\/\/construcaocivil.siriusmarketingedesign.com.br\/index.php?rest_route=%2Fwp%2Fv2%2Fcomments&post=2354"}],"version-history":[{"count":0,"href":"https:\/\/construcaocivil.siriusmarketingedesign.com.br\/index.php?rest_route=\/wp\/v2\/posts\/2354\/revisions"}],"wp:attachment":[{"href":"https:\/\/construcaocivil.siriusmarketingedesign.com.br\/index.php?rest_route=%2Fwp%2Fv2%2Fmedia&parent=2354"}],"wp:term":[{"taxonomy":"category","embeddable":true,"href":"https:\/\/construcaocivil.siriusmarketingedesign.com.br\/index.php?rest_route=%2Fwp%2Fv2%2Fcategories&post=2354"},{"taxonomy":"post_tag","embeddable":true,"href":"https:\/\/construcaocivil.siriusmarketingedesign.com.br\/index.php?rest_route=%2Fwp%2Fv2%2Ftags&post=2354"}],"curies":[{"name":"wp","href":"https:\/\/api.w.org\/{rel}","templated":true}]}}