{"id":2358,"date":"2016-06-29T16:51:19","date_gmt":"2016-06-29T16:51:19","guid":{"rendered":"http:\/\/www.jornaldaconstrucaocivil.com.br\/?p=2358"},"modified":"2016-06-29T16:51:19","modified_gmt":"2016-06-29T16:51:19","slug":"mpf-move-acao-cobrando-a-elaboracao-do-plano-de-legado-olimpico","status":"publish","type":"post","link":"https:\/\/construcaocivil.siriusmarketingedesign.com.br\/?p=2358","title":{"rendered":"MPF move a\u00e7\u00e3o cobrando a elabora\u00e7\u00e3o do Plano de Legado Ol\u00edmpico"},"content":{"rendered":"<p><span style=\"color: #000080;\"><strong>H\u00e1 menos de um m\u00eas dos Jogos, planejamento n\u00e3o foi conclu\u00eddo apesar de cobran\u00e7as do TCU<\/strong><\/span><\/p>\n<figure id=\"attachment_2361\" aria-describedby=\"caption-attachment-2361\" style=\"width: 300px\" class=\"wp-caption alignleft\"><a href=\"http:\/\/www.jornaldaconstrucaocivil.com.br\/wp-content\/uploads\/2016\/06\/Parque-Ol\u00a1mpico_Renato-Sette-Camara_Prefeitura-do-Rio.jpg\"><img loading=\"lazy\" decoding=\"async\" class=\"wp-image-2361 size-medium\" src=\"http:\/\/www.jornaldaconstrucaocivil.com.br\/wp-content\/uploads\/2016\/06\/Parque-Ol\u00a1mpico_Renato-Sette-Camara_Prefeitura-do-Rio-300x200.jpg\" alt=\"Parque-Ol\u00a1mpico_Renato-Sette-Camara_Prefeitura-do-Rio\" width=\"300\" height=\"200\" \/><\/a><figcaption id=\"caption-attachment-2361\" class=\"wp-caption-text\"><span style=\"color: #ff0000;\">Parque Ol\u00a1mpico. <span style=\"color: #000080;\">Cr\u00e9ditos: Renato Sette Camara &#8211; Prefeitura do Rio<\/span><\/span><\/figcaption><\/figure>\n<p>O Minist\u00e9rio P\u00fablico Federal (MPF) move a\u00e7\u00e3o civil p\u00fablica, com pedido de liminar, contra a Uni\u00e3o, o Estado e o Munic\u00edpio do Rio de Janeiro e a Autoridade P\u00fablica Ol\u00edmpica (APO) para a elabora\u00e7\u00e3o do Plano de Legado (PL) e do Plano de Uso do Legado (PUL). Na a\u00e7\u00e3o, o MPF alerta que a praticamente um m\u00eas do in\u00edcio dos Jogos Ol\u00edmpicos e Paral\u00edmpicos 2016, \u201ca cidade e o pa\u00eds est\u00e3o sem um Plano de Legado consistente, detalhado e formalizado para todas as instala\u00e7\u00f5es esportivas que ser\u00e3o utilizadas nas competi\u00e7\u00f5es\u201d.<\/p>\n<p>Apesar de ter transcorrido sete anos desde a escolha do Rio para sediar os Jogos e de, h\u00e1 mais de tr\u00eas anos, o Tribunal de Contas da Uni\u00e3o (TCU) alertar e recomendar aos agentes p\u00fablicos a elabora\u00e7\u00e3o do PL, \u201cmesmo assim os trabalhos requisitados n\u00e3o foram finalizados, alguns sequer iniciados\u201d, aponta o procurador da Rep\u00fablica Leandro Mitidieri, autor da a\u00e7\u00e3o.<\/p>\n<p><strong>Legado ol\u00edmpico<\/strong><\/p>\n<p>No dia 2 de outubro de 2009, o Comit\u00ea Ol\u00edmpico Internacional (COI) escolheu o Munic\u00edpio do Rio de Janeiro para sediar os Jogos Ol\u00edmpicos e Paral\u00edmpicos de 2016. Com o intuito de registrar a heran\u00e7a positiva a cidade e ao pa\u00eds, com a realiza\u00e7\u00e3o dos Jogos Ol\u00edmpicos de 2016, o Minist\u00e9rio dos Esportes editou os Cadernos de Legado Rio 2016. As publica\u00e7\u00f5es foram divididas em se\u00e7\u00f5es \u201curbano\u201d, \u201cambiental\u201d, \u201csocial\u201d e \u201cBrasil\u201d. O material reafirmava o compromisso ol\u00edmpico, o que justificou a libera\u00e7\u00e3o de verbas p\u00fablicas federais para a prepara\u00e7\u00e3o e realiza\u00e7\u00e3o dos Jogos e consolidavam o legado em tr\u00eas blocos: esportivo, social e urbano\/ambiental.<\/p>\n<figure id=\"attachment_2362\" aria-describedby=\"caption-attachment-2362\" style=\"width: 300px\" class=\"wp-caption alignright\"><a href=\"http:\/\/www.jornaldaconstrucaocivil.com.br\/wp-content\/uploads\/2016\/06\/Transolimpica-4_Credito-Renato-Sette-Camara_Prefeitura-do-Rio.jpg-II.jpg\"><img loading=\"lazy\" decoding=\"async\" class=\"wp-image-2362 size-medium\" src=\"http:\/\/www.jornaldaconstrucaocivil.com.br\/wp-content\/uploads\/2016\/06\/Transolimpica-4_Credito-Renato-Sette-Camara_Prefeitura-do-Rio.jpg-II-300x200.jpg\" alt=\"Transolimpica-4_Credito-Renato-Sette-Camara_Prefeitura-do-Rio.jpg II\" width=\"300\" height=\"200\" \/><\/a><figcaption id=\"caption-attachment-2362\" class=\"wp-caption-text\"><span style=\"color: #ff0000;\">Transol\u00edmpica 4. <span style=\"color: #000080;\">Cr\u00e9dito: Renato Sette Camara &#8211; Prefeitura do Rio<\/span><\/span><\/figcaption><\/figure>\n<p>Durante as auditorias realizadas pelo TCU, no ano de 2013, verificou-se que o assunto Legado, tema essencial aos Jogos Ol\u00edmpicos e ao investimento p\u00fablico, at\u00e9 ent\u00e3o sequer havia sido discutido entre os agentes respons\u00e1veis pela governan\u00e7a dos jogos. Em fun\u00e7\u00e3o da \u201cinoper\u00e2ncia at\u00e9 ent\u00e3o\u201d, conforme registrado em trecho do Relat\u00f3rio da Equipe de Fiscaliza\u00e7\u00e3o, que originou o Ac\u00f3rd\u00e3o TCU-Plen\u00e1rio 2.596\/2013. Na \u00e9poca, verificava-se que havia um grande risco de que a situa\u00e7\u00e3o do uso do legado n\u00e3o fosse tratado de forma pr\u00e9via aos Jogos, uma vez que nem o Minist\u00e9rio dos Esportes e nem a Autoridade P\u00fablica Ol\u00edmpica possu\u00edam um plano de a\u00e7\u00e3o definido.<\/p>\n<p>Naquela situa\u00e7\u00e3o, o TCU, ent\u00e3o, expediu recomenda\u00e7\u00f5es no sentido de induzir os respons\u00e1veis a realizarem um planejamento pr\u00e9vio do legado e do uso das instala\u00e7\u00f5es ol\u00edmpicas no per\u00edodo p\u00f3s-Jogos, visando a mitigar os riscos de desuso e de sucateamento dos equipamentos esportivos, arenas e gin\u00e1sios que permanecer\u00e3o ap\u00f3s as Olimp\u00edadas Rio 2016. Foi recomendado ainda o in\u00edcio imediato aos trabalhos inerentes ao Grupo de Trabalho do Legado dos Jogos de 2016. Por\u00e9m, tais orienta\u00e7\u00f5es n\u00e3o foram atendidas pelos respons\u00e1veis.<\/p>\n<p>\u201cObserva-se que o tema est\u00e1 sendo tratado com descaso quando, h\u00e1 menos um m\u00eas dos Jogos, ainda n\u00e3o foram tratadas quest\u00f5es relevantes como a forma de utiliza\u00e7\u00e3o do legado, o modelo de estrutura e a forma de gest\u00e3o, bem como as fontes de recursos para o custeio e manuten\u00e7\u00e3o das instala\u00e7\u00f5es esportivas no futuro, o incremento social que poder\u00e1 advir do legado, entre outras quest\u00f5es. Esta situa\u00e7\u00e3o demonstra um enorme risco de desperd\u00edcio de recursos p\u00fablicos em fun\u00e7\u00e3o da indefini\u00e7\u00e3o do legado ol\u00edmpico\u201d, argumenta Mitidieri.<\/p>\n<p>\u201cDestaca-se, ainda, que o custo total do evento ultrapassar\u00e1 R$ 30 bi, recursos estes que poderiam ser utilizados em benef\u00edcio de toda a popula\u00e7\u00e3o brasileira, nas mais diversas \u00e1reas, como a sa\u00fade, educa\u00e7\u00e3o, seguran\u00e7a, transporte, moradia e tantas outras. O custo de manuten\u00e7\u00e3o futura das arenas e demais complexos esportivos \u00e9 muito alto, e que, caso n\u00e3o haja um planejamento detalhado de sua utiliza\u00e7\u00e3o, de uso custeio, deu sua conserva\u00e7\u00e3o, tais estruturas se transformar\u00e3o em verdadeiros &#8216;elefantes brancos&#8217;, que logo ser\u00e3o degradas pela a\u00e7\u00e3o do tempo e consumir\u00e3o os t\u00e3o escassos recursos p\u00fablicos\u201d, complementa o procurador.<\/p>\n<p>Diante disso, o MPF requer na Justi\u00e7a que em 20 dias o cons\u00f3rcio p\u00fablico APO apresente o documento espec\u00edfico e formal de planejamento do Plano de Legado e do Plano de Uso do Legado, detalhando os equipamentos esportivos e complexos esportivos adquiridos e constru\u00eddos com verbas p\u00fablicas, identificando o ente p\u00fablico ou privado respons\u00e1vel pela destina\u00e7\u00e3o de cada empreendimento, seus custos previstos de manuten\u00e7\u00e3o, a forma de gest\u00e3o de cada empreendimento, sua finalidade ap\u00f3s a realiza\u00e7\u00e3o dos Jogos Ol\u00edmpicos e os benef\u00edcios esperados. Al\u00e9m disso, na a\u00e7\u00e3o, \u00e9 pedida a indica\u00e7\u00e3o dos agentes pol\u00edticos respons\u00e1veis pela obriga\u00e7\u00e3o de fazer a elabora\u00e7\u00e3o dos documentos. \u00c9 sugerida a aplica\u00e7\u00e3o de multa di\u00e1ria de R$ 10 mil em caso de descumprimento.<\/p>\n<p>Fonte:<span style=\"color: #800080;\"> Assessoria de Comunica\u00e7\u00e3o Social<\/span><br \/>\n<span style=\"color: #800080;\"> Procuradoria da Rep\u00fablica no Rio de Janeiro<\/span><\/p>\n<p>&nbsp;<\/p>\n","protected":false},"excerpt":{"rendered":"<p>H\u00e1 menos de um m\u00eas dos Jogos, planejamento n\u00e3o foi conclu\u00eddo apesar de cobran\u00e7as do TCU O Minist\u00e9rio P\u00fablico Federal (MPF) move a\u00e7\u00e3o civil p\u00fablica, com pedido de liminar, contra a Uni\u00e3o, o Estado e o Munic\u00edpio do Rio de Janeiro e a Autoridade P\u00fablica Ol\u00edmpica (APO) para a elabora\u00e7\u00e3o do Plano de Legado (PL) [&hellip;]<\/p>\n","protected":false},"author":1,"featured_media":2361,"comment_status":"open","ping_status":"open","sticky":false,"template":"","format":"standard","meta":{"_uag_custom_page_level_css":"","footnotes":""},"categories":[31],"tags":[2508,5663,6772,7735,10368,11540],"class_list":["post-2358","post","type-post","status-publish","format-standard","has-post-thumbnail","hentry","category-infraestrutura","tag-comite-olimpico-internacional-coi","tag-grupo-de-trabalho-do-legado-dos-jogos-de-2016","tag-legado-olimpico","tag-ministerio-publico-federal","tag-rio-2016","tag-tcu"],"blocksy_meta":[],"spectra_blocks_featured_image_url":[],"spectra_blocks_author_info":{"display_name":"Jornal da Constru\u00e7\u00e3o Civil","avatar_url":"https:\/\/secure.gravatar.com\/avatar\/973c9774fd44ddaceb026973c4962faa70fc512bc4c9da68e8ebb40fecee6540?s=96&d=mm&r=g","author_link":"https:\/\/construcaocivil.siriusmarketingedesign.com.br\/?author=1","description":"Desde de 2013, levando muitas informa\u00e7\u00f5es, lan\u00e7amentos e produtos de qualidade para toda cadeia produtiva da constru\u00e7\u00e3o. O Futuro da constru\u00e7\u00e3o passa por aqui,"},"uagb_featured_image_src":{"full":false,"thumbnail":false,"medium":false,"medium_large":false,"large":false,"1536x1536":false,"2048x2048":false},"uagb_author_info":{"display_name":"Jornal da Constru\u00e7\u00e3o Civil","author_link":"https:\/\/construcaocivil.siriusmarketingedesign.com.br\/?author=1"},"uagb_comment_info":0,"uagb_excerpt":"H\u00e1 menos de um m\u00eas dos Jogos, planejamento n\u00e3o foi conclu\u00eddo apesar de cobran\u00e7as do TCU O Minist\u00e9rio P\u00fablico Federal (MPF) move a\u00e7\u00e3o civil p\u00fablica, com pedido de liminar, contra a Uni\u00e3o, o Estado e o Munic\u00edpio do Rio de Janeiro e a Autoridade P\u00fablica Ol\u00edmpica (APO) para a elabora\u00e7\u00e3o do Plano de Legado (PL)&hellip;","_links":{"self":[{"href":"https:\/\/construcaocivil.siriusmarketingedesign.com.br\/index.php?rest_route=\/wp\/v2\/posts\/2358","targetHints":{"allow":["GET"]}}],"collection":[{"href":"https:\/\/construcaocivil.siriusmarketingedesign.com.br\/index.php?rest_route=\/wp\/v2\/posts"}],"about":[{"href":"https:\/\/construcaocivil.siriusmarketingedesign.com.br\/index.php?rest_route=\/wp\/v2\/types\/post"}],"author":[{"embeddable":true,"href":"https:\/\/construcaocivil.siriusmarketingedesign.com.br\/index.php?rest_route=\/wp\/v2\/users\/1"}],"replies":[{"embeddable":true,"href":"https:\/\/construcaocivil.siriusmarketingedesign.com.br\/index.php?rest_route=%2Fwp%2Fv2%2Fcomments&post=2358"}],"version-history":[{"count":0,"href":"https:\/\/construcaocivil.siriusmarketingedesign.com.br\/index.php?rest_route=\/wp\/v2\/posts\/2358\/revisions"}],"wp:attachment":[{"href":"https:\/\/construcaocivil.siriusmarketingedesign.com.br\/index.php?rest_route=%2Fwp%2Fv2%2Fmedia&parent=2358"}],"wp:term":[{"taxonomy":"category","embeddable":true,"href":"https:\/\/construcaocivil.siriusmarketingedesign.com.br\/index.php?rest_route=%2Fwp%2Fv2%2Fcategories&post=2358"},{"taxonomy":"post_tag","embeddable":true,"href":"https:\/\/construcaocivil.siriusmarketingedesign.com.br\/index.php?rest_route=%2Fwp%2Fv2%2Ftags&post=2358"}],"curies":[{"name":"wp","href":"https:\/\/api.w.org\/{rel}","templated":true}]}}