{"id":23595,"date":"2024-04-09T10:38:36","date_gmt":"2024-04-09T13:38:36","guid":{"rendered":"https:\/\/www.jornaldaconstrucaocivil.com.br\/?p=23595"},"modified":"2024-04-09T10:38:36","modified_gmt":"2024-04-09T13:38:36","slug":"vai-reformar-blackdecker-recomenda-ferramentas-praticas-e-faceis-de-usar-aos-adeptos-do-faca-voce-mesmo","status":"publish","type":"post","link":"https:\/\/construcaocivil.siriusmarketingedesign.com.br\/?p=23595","title":{"rendered":"Vai reformar? BLACK+DECKER recomenda ferramentas pr\u00e1ticas e f\u00e1ceis de usar aos adeptos do &#8220;fa\u00e7a voc\u00ea mesmo&#8221;"},"content":{"rendered":"<p style=\"text-align: justify;\"><strong><i>Produtos s\u00e3o ideais para aqueles que querem mudar os ambientes, montar m\u00f3veis ou, simplesmente, colocar quadros na parede<\/i><\/strong><\/p>\n<p style=\"text-align: justify;\"><span style=\"color: #993300;\">Abril de 2024<\/span>\u00a0\u2013 Para muitos, fazer reformas em casa \u00e9 motivo de preocupa\u00e7\u00e3o e dor de cabe\u00e7a. J\u00e1, para outros, esse momento \u00e9 t\u00e3o prazeroso que eles preferem realizar tudo por conta pr\u00f3pria. Esses s\u00e3o os adeptos do conceito &#8220;fa\u00e7a voc\u00ea mesmo&#8221;, que adoram colocar a m\u00e3o na massa \u2013 mas que, para isso, precisam sempre contar com ferramentas capazes de garantir facilidade, praticidade e efici\u00eancia aos trabalhos.<\/p>\n<p style=\"text-align: justify;\">Reconhecida mundialmente por desenvolver equipamentos sob medida para diversas aplica\u00e7\u00f5es em \u00e1reas internas e externas de casa, a BLACK+DECKER preparou uma lista completa para ajudar esses usu\u00e1rios na hora da reforma. Confira:<\/p>\n<p style=\"text-align: justify;\"><b>Pistola de pintura e pulveriza\u00e7\u00e3o<br \/>\n<\/b>Para aqueles que gostam de sair da rotina e mudar as cores dos ambientes de tempos em tempos, a Pistola de Pintura e Pulveriza\u00e7\u00e3o &#8211;\u00a0BDPH200B \u00a0\u00e9 a solu\u00e7\u00e3o perfeita. Com precis\u00e3o e efici\u00eancia, ela proporciona acabamentos impec\u00e1veis e, o melhor, n\u00e3o faz sujeira, o que evita a necessidade de limpezas trabalhosas.<\/p>\n<p style=\"text-align: justify;\">Tr\u00eas vezes mais r\u00e1pida que os rolos tradicionais, a ferramenta el\u00e9trica garante total praticidade para pinturas de paredes, port\u00f5es e janelas. Gra\u00e7as ao sistema SMART SELECT, \u00e9 capaz de regular e orientar os 3 n\u00edveis de pulveriza\u00e7\u00e3o (horizontal, vertical e circular). Al\u00e9m disso, conta com 278W de pot\u00eancia, fluxo m\u00e1ximo de 800ml\/min, controle de fluxo de tinta no gatilho e reservat\u00f3rio com capacidade de 1,1L.<\/p>\n<p style=\"text-align: justify;\"><b>Furadeiras e parafusadeiras de impacto<br \/>\n<\/b>Se a reforma exigir perfura\u00e7\u00f5es, a BLACK+DECKER apresenta duas op\u00e7\u00f5es bastante eficientes: a Furadeira de Impacto &#8211; TM500, de 127V, que \u00e9 um dos modelos mais vendidos do Brasil, e a Parafusadeira\/Furadeira de Impacto a bateria &#8211;\u00a0BCD704, uma \u00f3tima op\u00e7\u00e3o para quem prefere a liberdade de um produto sem fio.<\/p>\n<p style=\"text-align: justify;\">A TM500 possui impacto com mandril de 3\/8&#8243; (10mm), perfeito para perfura\u00e7\u00f5es em alvenaria, madeira e metal, instala\u00e7\u00e3o de quadros, prateleiras, suportes de plantas e m\u00f3veis. Tem pot\u00eancia de 560W e capacidade para at\u00e9 2.800 rota\u00e7\u00f5es por minuto e at\u00e9 45.000 impactos por minuto, al\u00e9m de gatilho de dois dedos com trava para uso cont\u00ednuo e porta-chave mandril no pr\u00f3prio cabo.<\/p>\n<p style=\"text-align: justify;\">A\u00a0Parafusadeira\/Furadeira de Impacto Sem Fio\u00a0&#8211;\u00a0BCD704, por sua vez, \u00e9 um item primordial para\u00a0todas as resid\u00eancias, pois garante furos precisos para reformas simples ou para a coloca\u00e7\u00e3o de quadros na parede. O modelo \u00e9 indicado para trabalhos tanto em madeiras quanto em metais e alvenaria, al\u00e9m de oferecer 11 posi\u00e7\u00f5es de torque para melhor controle nas aplica\u00e7\u00f5es, o que o torna um item bastante f\u00e1cil de usar.<\/p>\n<p style=\"text-align: justify;\"><b>Lixadeiras orbitais<br \/>\n<\/b>Por fim, em busca de garantir toda praticidade no trato de madeiras, metais e pl\u00e1sticos, a BLACK+DECKER sugere a Lixadeira Orbital de Folha de Lixa &#8211;\u00a0BS200\u00a0e a Lixadeira Roto Orbital &#8211;\u00a0BDERO100. Leves, compactos e com excelente performance, os modelos s\u00e3o \u00f3timas op\u00e7\u00f5es para acabamentos finos em reformas e outros projetos em casa que necessitam de\u00a0remo\u00e7\u00e3o de tinta, mancha e verniz.<\/p>\n<p style=\"text-align: justify;\">Com potente motor de duplo isolamento, a BS200 possui interruptor selado contra o p\u00f3 e fixa\u00e7\u00e3o r\u00e1pida da lixa atrav\u00e9s de dois grampos laterais. J\u00e1 a\u00a0BDERO100\u00a0oferece empunhadura emborrachada,\u00a0sistema de gancho e la\u00e7o para facilitar as trocas de lixa e interruptor selado que ajuda a prolongar a vida \u00fatil da ferramenta.<\/p>\n<p style=\"text-align: justify;\">\n","protected":false},"excerpt":{"rendered":"<p>Produtos s\u00e3o ideais para aqueles que querem mudar os ambientes, montar m\u00f3veis ou, simplesmente, colocar quadros na parede Abril de 2024\u00a0\u2013 Para muitos, fazer reformas em casa \u00e9 motivo de preocupa\u00e7\u00e3o e dor de cabe\u00e7a. J\u00e1, para outros, esse momento \u00e9 t\u00e3o prazeroso que eles preferem realizar tudo por conta pr\u00f3pria. Esses s\u00e3o os adeptos [&hellip;]<\/p>\n","protected":false},"author":1,"featured_media":23596,"comment_status":"open","ping_status":"open","sticky":false,"template":"","format":"standard","meta":{"_uag_custom_page_level_css":"","footnotes":""},"categories":[12591],"tags":[26408,24970,1046,26407,7005],"class_list":["post-23595","post","type-post","status-publish","format-standard","has-post-thumbnail","hentry","category-produtos","tag-blackdeck","tag-reformasdecasas","tag-associacao-nacional-dos-comerciantes-de-material-de-construcao-anamaco","tag-furadeiras-e-ferramentas","tag-lojas-de-material-de-construcao"],"blocksy_meta":[],"spectra_blocks_featured_image_url":{"thumbnail":{"url":"https:\/\/construcaocivil.siriusmarketingedesign.com.br\/wp-content\/uploads\/2024\/04\/Black-Deck-150x150.jpg","width":150,"height":150},"medium":{"url":"https:\/\/construcaocivil.siriusmarketingedesign.com.br\/wp-content\/uploads\/2024\/04\/Black-Deck-300x248.jpg","width":300,"height":248},"medium_large":{"url":"https:\/\/construcaocivil.siriusmarketingedesign.com.br\/wp-content\/uploads\/2024\/04\/Black-Deck-768x634.jpg","width":768,"height":634},"large":{"url":"https:\/\/construcaocivil.siriusmarketingedesign.com.br\/wp-content\/uploads\/2024\/04\/Black-Deck.jpg","width":796,"height":657},"full":{"url":"https:\/\/construcaocivil.siriusmarketingedesign.com.br\/wp-content\/uploads\/2024\/04\/Black-Deck.jpg","width":796,"height":657}},"spectra_blocks_author_info":{"display_name":"Jornal da Constru\u00e7\u00e3o Civil","avatar_url":"https:\/\/secure.gravatar.com\/avatar\/973c9774fd44ddaceb026973c4962faa70fc512bc4c9da68e8ebb40fecee6540?s=96&d=mm&r=g","author_link":"https:\/\/construcaocivil.siriusmarketingedesign.com.br\/?author=1","description":"Desde de 2013, levando muitas informa\u00e7\u00f5es, lan\u00e7amentos e produtos de qualidade para toda cadeia produtiva da constru\u00e7\u00e3o. O Futuro da constru\u00e7\u00e3o passa por aqui,"},"uagb_featured_image_src":{"full":["https:\/\/construcaocivil.siriusmarketingedesign.com.br\/wp-content\/uploads\/2024\/04\/Black-Deck.jpg",796,657,false],"thumbnail":["https:\/\/construcaocivil.siriusmarketingedesign.com.br\/wp-content\/uploads\/2024\/04\/Black-Deck-150x150.jpg",150,150,true],"medium":["https:\/\/construcaocivil.siriusmarketingedesign.com.br\/wp-content\/uploads\/2024\/04\/Black-Deck-300x248.jpg",300,248,true],"medium_large":["https:\/\/construcaocivil.siriusmarketingedesign.com.br\/wp-content\/uploads\/2024\/04\/Black-Deck-768x634.jpg",768,634,true],"large":["https:\/\/construcaocivil.siriusmarketingedesign.com.br\/wp-content\/uploads\/2024\/04\/Black-Deck.jpg",796,657,false],"1536x1536":["https:\/\/construcaocivil.siriusmarketingedesign.com.br\/wp-content\/uploads\/2024\/04\/Black-Deck.jpg",796,657,false],"2048x2048":["https:\/\/construcaocivil.siriusmarketingedesign.com.br\/wp-content\/uploads\/2024\/04\/Black-Deck.jpg",796,657,false]},"uagb_author_info":{"display_name":"Jornal da Constru\u00e7\u00e3o Civil","author_link":"https:\/\/construcaocivil.siriusmarketingedesign.com.br\/?author=1"},"uagb_comment_info":0,"uagb_excerpt":"Produtos s\u00e3o ideais para aqueles que querem mudar os ambientes, montar m\u00f3veis ou, simplesmente, colocar quadros na parede Abril de 2024\u00a0\u2013 Para muitos, fazer reformas em casa \u00e9 motivo de preocupa\u00e7\u00e3o e dor de cabe\u00e7a. J\u00e1, para outros, esse momento \u00e9 t\u00e3o prazeroso que eles preferem realizar tudo por conta pr\u00f3pria. Esses s\u00e3o os adeptos&hellip;","_links":{"self":[{"href":"https:\/\/construcaocivil.siriusmarketingedesign.com.br\/index.php?rest_route=\/wp\/v2\/posts\/23595","targetHints":{"allow":["GET"]}}],"collection":[{"href":"https:\/\/construcaocivil.siriusmarketingedesign.com.br\/index.php?rest_route=\/wp\/v2\/posts"}],"about":[{"href":"https:\/\/construcaocivil.siriusmarketingedesign.com.br\/index.php?rest_route=\/wp\/v2\/types\/post"}],"author":[{"embeddable":true,"href":"https:\/\/construcaocivil.siriusmarketingedesign.com.br\/index.php?rest_route=\/wp\/v2\/users\/1"}],"replies":[{"embeddable":true,"href":"https:\/\/construcaocivil.siriusmarketingedesign.com.br\/index.php?rest_route=%2Fwp%2Fv2%2Fcomments&post=23595"}],"version-history":[{"count":0,"href":"https:\/\/construcaocivil.siriusmarketingedesign.com.br\/index.php?rest_route=\/wp\/v2\/posts\/23595\/revisions"}],"wp:featuredmedia":[{"embeddable":true,"href":"https:\/\/construcaocivil.siriusmarketingedesign.com.br\/index.php?rest_route=\/wp\/v2\/media\/23596"}],"wp:attachment":[{"href":"https:\/\/construcaocivil.siriusmarketingedesign.com.br\/index.php?rest_route=%2Fwp%2Fv2%2Fmedia&parent=23595"}],"wp:term":[{"taxonomy":"category","embeddable":true,"href":"https:\/\/construcaocivil.siriusmarketingedesign.com.br\/index.php?rest_route=%2Fwp%2Fv2%2Fcategories&post=23595"},{"taxonomy":"post_tag","embeddable":true,"href":"https:\/\/construcaocivil.siriusmarketingedesign.com.br\/index.php?rest_route=%2Fwp%2Fv2%2Ftags&post=23595"}],"curies":[{"name":"wp","href":"https:\/\/api.w.org\/{rel}","templated":true}]}}