{"id":23606,"date":"2024-04-11T10:56:46","date_gmt":"2024-04-11T13:56:46","guid":{"rendered":"https:\/\/www.jornaldaconstrucaocivil.com.br\/?p=23606"},"modified":"2024-04-11T10:56:46","modified_gmt":"2024-04-11T13:56:46","slug":"archtrends-portobello-recebe-inscricoes-para-a-1o-edicao-do-premio-projeto-de-arquitetura","status":"publish","type":"post","link":"https:\/\/construcaocivil.siriusmarketingedesign.com.br\/?p=23606","title":{"rendered":"Archtrends Portobello recebe inscri\u00e7\u00f5es para a 1\u00ba edi\u00e7\u00e3o do Pr\u00eamio PROJETO de Arquitetura"},"content":{"rendered":"<p style=\"text-align: justify;\"><span style=\"color: #000000;\">\u00a0<i>As inscri\u00e7\u00f5es para a categoria Design de Interiores podem ser realizadas na plataforma de conte\u00fado da Portobello at\u00e9 20 de abril. Podem participar profissionais das \u00e1reas de Arquitetura, Design de Interiores de qualquer regi\u00e3o do Brasil.<\/i><\/span><\/p>\n<p style=\"text-align: justify;\">O\u00a0<a href=\"https:\/\/s2404.imxsnd22.com\/link.php?code=bDpodHRwcyUzQSUyRiUyRmJsb2cuYXJjaHRyZW5kcy5jb20lMkZwcmVtaW8tcHJvamV0by1kZS1hcnF1aXRldHVyYSUyRjoxMzE5MTExNzU2OnJlZGFjYW9Aam9ybmFsZGFjb25zdHJ1Y2FvY2l2aWwuY29tLmJyOmQ3MGNjNzo3NQ==\" target=\"_blank\" rel=\"noopener noreferrer\"><u>Archtrends<\/u><\/a><u>,<\/u>\u00a0portal de arquitetura e design da Portobello, \u00e9 a plataforma oficial para as inscri\u00e7\u00f5es da categoria\u00a0<strong>Design de Interiores,<\/strong>\u00a0na primeira edi\u00e7\u00e3o do\u00a0<strong>Pr\u00eamio PROJETO de Arquitetura<\/strong>, promovido pela\u00a0<a href=\"https:\/\/s2404.imxsnd22.com\/link.php?code=bDpodHRwcyUzQSUyRiUyRnJldmlzdGFwcm9qZXRvLmNvbS5iciUyRm5vdGljaWFzJTJGcHJlbWlvLXByb2pldG8tZGUtYXJxdWl0ZXR1cmEtc2FpYmEtbWFpcy1zb2JyZS1lc3NhLWdyYW5kZS1ob21lbmFnZW0lMkY6MTMxOTExMTc1NjpyZWRhY2FvQGpvcm5hbGRhY29uc3RydWNhb2NpdmlsLmNvbS5icjoxNDlkOWQ6NzU=\" target=\"_blank\" rel=\"noopener noreferrer\"><u>Revista Projeto<\/u><\/a>. As inscri\u00e7\u00f5es est\u00e3o abertas e podem ser realizadas at\u00e9 20 de abril, exclusivamente pela plataforma, escolhendo a op\u00e7\u00e3o Pr\u00eamio PROJETO de Arquitetura. Podem participar obras residenciais com foco em interiores, finalizadas entre 1\/1\/2022 e 31\/3\/2024, sendo permitidas apenas fotos reais dos projetos realizados. Ser\u00e3o selecionadas 15 concorrentes para envio ao j\u00fari independente e especializado, respons\u00e1vel pela escolha dos oito finalistas e um vencedor.<\/p>\n<p>A Portobello \u00e9 patrocinadora oficial da premia\u00e7\u00e3o, que ir\u00e1 escolher os melhores projetos nas categorias Casas, Edif\u00edcios Residenciais, Arquitetura Corporativa, Institucionais, Arquitetura de Interesse Social e Arquitetura Comercial e Sustentabilidade, publicados pela revista, site e redes sociais da Projeto entre janeiro de 2023 e mar\u00e7o de 2024. Somente a categoria Design de Interiores tem inscri\u00e7\u00e3o exclusiva pelo Archtrends. Os ganhadores ser\u00e3o revelados na cerim\u00f4nia de premia\u00e7\u00e3o em 5 de setembro, em S\u00e3o Paulo.<\/p>\n<p>&#8220;O Pr\u00eamio Projeto de Arquitetura era um sonho antigo. Nossa grande miss\u00e3o \u00e9 registrar o melhor da arquitetura brasileira. E, atrav\u00e9s do Pr\u00eamio, a gente n\u00e3o s\u00f3 registra, como comemora, enaltece.&#8221;, conta Fernando Mungioli, publisher da Projeto.<\/p>\n<p>&#8220;Para o Archtrends est\u00e1 sendo uma honra receber as inscri\u00e7\u00f5es da categoria Design de Interiores do Pr\u00eamio Projeto de Arquitetura. J\u00e1 recebemos dezenas de projetos de alt\u00edssima qualidade, confirmando o talento dos profissionais de arquitetura brasileiros&#8221;, complementa Maria Silvia Ferraz, editora do Archtrends.<\/p>\n<p>Carol Favero, gerente de Marketing da Portobello Shop, unidade de varejo do Portobello Grupo, ressalta a relev\u00e2ncia em patrocinar a premia\u00e7\u00e3o. &#8220;A Portobello \u00e9 uma marca que valoriza a arquitetura brasileira e os profissionais de arquitetura brasileiros, inclusive, somos uma comunidade, a Comunidade Portobello+Arquitetura&#8221;.<\/p>\n<p style=\"text-align: justify;\">\n<p style=\"text-align: justify;\"><strong>Servi\u00e7o<\/strong><br \/>\n1\u00ba Pr\u00eamio Projeto de Arquitetura<br \/>\nInscri\u00e7\u00f5es at\u00e9 20 de abril<br \/>\nRegulamento completo no\u00a0<a href=\"https:\/\/s2404.imxsnd22.com\/link.php?code=bDpodHRwcyUzQSUyRiUyRmJsb2cuYXJjaHRyZW5kcy5jb20lMkZwcmVtaW8tcHJvamV0by1kZS1hcnF1aXRldHVyYSUyRjoxMzE5MTExNzU2OnJlZGFjYW9Aam9ybmFsZGFjb25zdHJ1Y2FvY2l2aWwuY29tLmJyOmQ3MGNjNzo3NQ==\" target=\"_blank\" rel=\"noopener noreferrer\"><u>site<\/u><\/a>\u00a0do Archtrends<\/p>\n","protected":false},"excerpt":{"rendered":"<p>\u00a0As inscri\u00e7\u00f5es para a categoria Design de Interiores podem ser realizadas na plataforma de conte\u00fado da Portobello at\u00e9 20 de abril. Podem participar profissionais das \u00e1reas de Arquitetura, Design de Interiores de qualquer regi\u00e3o do Brasil. O\u00a0Archtrends,\u00a0portal de arquitetura e design da Portobello, \u00e9 a plataforma oficial para as inscri\u00e7\u00f5es da categoria\u00a0Design de Interiores,\u00a0na primeira [&hellip;]<\/p>\n","protected":false},"author":1,"featured_media":23607,"comment_status":"open","ping_status":"open","sticky":false,"template":"","format":"standard","meta":{"_uag_custom_page_level_css":"","footnotes":""},"categories":[28],"tags":[26413,26415,8951,26414],"class_list":["post-23606","post","type-post","status-publish","format-standard","has-post-thumbnail","hentry","category-arquitetura","tag-archtrends","tag-arquitetos-e-designer","tag-pisos-e-revestimentos","tag-portobello-shop"],"blocksy_meta":[],"spectra_blocks_featured_image_url":{"thumbnail":{"url":"https:\/\/construcaocivil.siriusmarketingedesign.com.br\/wp-content\/uploads\/2024\/04\/handler-150x150.jpg","width":150,"height":150},"medium":{"url":"https:\/\/construcaocivil.siriusmarketingedesign.com.br\/wp-content\/uploads\/2024\/04\/handler-300x151.jpg","width":300,"height":151},"medium_large":{"url":"https:\/\/construcaocivil.siriusmarketingedesign.com.br\/wp-content\/uploads\/2024\/04\/handler.jpg","width":724,"height":364},"large":{"url":"https:\/\/construcaocivil.siriusmarketingedesign.com.br\/wp-content\/uploads\/2024\/04\/handler.jpg","width":724,"height":364},"full":{"url":"https:\/\/construcaocivil.siriusmarketingedesign.com.br\/wp-content\/uploads\/2024\/04\/handler.jpg","width":724,"height":364}},"spectra_blocks_author_info":{"display_name":"Jornal da Constru\u00e7\u00e3o Civil","avatar_url":"https:\/\/secure.gravatar.com\/avatar\/973c9774fd44ddaceb026973c4962faa70fc512bc4c9da68e8ebb40fecee6540?s=96&d=mm&r=g","author_link":"https:\/\/construcaocivil.siriusmarketingedesign.com.br\/?author=1","description":"Desde de 2013, levando muitas informa\u00e7\u00f5es, lan\u00e7amentos e produtos de qualidade para toda cadeia produtiva da constru\u00e7\u00e3o. O Futuro da constru\u00e7\u00e3o passa por aqui,"},"uagb_featured_image_src":{"full":["https:\/\/construcaocivil.siriusmarketingedesign.com.br\/wp-content\/uploads\/2024\/04\/handler.jpg",724,364,false],"thumbnail":["https:\/\/construcaocivil.siriusmarketingedesign.com.br\/wp-content\/uploads\/2024\/04\/handler-150x150.jpg",150,150,true],"medium":["https:\/\/construcaocivil.siriusmarketingedesign.com.br\/wp-content\/uploads\/2024\/04\/handler-300x151.jpg",300,151,true],"medium_large":["https:\/\/construcaocivil.siriusmarketingedesign.com.br\/wp-content\/uploads\/2024\/04\/handler.jpg",724,364,false],"large":["https:\/\/construcaocivil.siriusmarketingedesign.com.br\/wp-content\/uploads\/2024\/04\/handler.jpg",724,364,false],"1536x1536":["https:\/\/construcaocivil.siriusmarketingedesign.com.br\/wp-content\/uploads\/2024\/04\/handler.jpg",724,364,false],"2048x2048":["https:\/\/construcaocivil.siriusmarketingedesign.com.br\/wp-content\/uploads\/2024\/04\/handler.jpg",724,364,false]},"uagb_author_info":{"display_name":"Jornal da Constru\u00e7\u00e3o Civil","author_link":"https:\/\/construcaocivil.siriusmarketingedesign.com.br\/?author=1"},"uagb_comment_info":0,"uagb_excerpt":"\u00a0As inscri\u00e7\u00f5es para a categoria Design de Interiores podem ser realizadas na plataforma de conte\u00fado da Portobello at\u00e9 20 de abril. Podem participar profissionais das \u00e1reas de Arquitetura, Design de Interiores de qualquer regi\u00e3o do Brasil. O\u00a0Archtrends,\u00a0portal de arquitetura e design da Portobello, \u00e9 a plataforma oficial para as inscri\u00e7\u00f5es da categoria\u00a0Design de Interiores,\u00a0na primeira&hellip;","_links":{"self":[{"href":"https:\/\/construcaocivil.siriusmarketingedesign.com.br\/index.php?rest_route=\/wp\/v2\/posts\/23606","targetHints":{"allow":["GET"]}}],"collection":[{"href":"https:\/\/construcaocivil.siriusmarketingedesign.com.br\/index.php?rest_route=\/wp\/v2\/posts"}],"about":[{"href":"https:\/\/construcaocivil.siriusmarketingedesign.com.br\/index.php?rest_route=\/wp\/v2\/types\/post"}],"author":[{"embeddable":true,"href":"https:\/\/construcaocivil.siriusmarketingedesign.com.br\/index.php?rest_route=\/wp\/v2\/users\/1"}],"replies":[{"embeddable":true,"href":"https:\/\/construcaocivil.siriusmarketingedesign.com.br\/index.php?rest_route=%2Fwp%2Fv2%2Fcomments&post=23606"}],"version-history":[{"count":0,"href":"https:\/\/construcaocivil.siriusmarketingedesign.com.br\/index.php?rest_route=\/wp\/v2\/posts\/23606\/revisions"}],"wp:featuredmedia":[{"embeddable":true,"href":"https:\/\/construcaocivil.siriusmarketingedesign.com.br\/index.php?rest_route=\/wp\/v2\/media\/23607"}],"wp:attachment":[{"href":"https:\/\/construcaocivil.siriusmarketingedesign.com.br\/index.php?rest_route=%2Fwp%2Fv2%2Fmedia&parent=23606"}],"wp:term":[{"taxonomy":"category","embeddable":true,"href":"https:\/\/construcaocivil.siriusmarketingedesign.com.br\/index.php?rest_route=%2Fwp%2Fv2%2Fcategories&post=23606"},{"taxonomy":"post_tag","embeddable":true,"href":"https:\/\/construcaocivil.siriusmarketingedesign.com.br\/index.php?rest_route=%2Fwp%2Fv2%2Ftags&post=23606"}],"curies":[{"name":"wp","href":"https:\/\/api.w.org\/{rel}","templated":true}]}}