{"id":23615,"date":"2024-04-11T12:59:21","date_gmt":"2024-04-11T15:59:21","guid":{"rendered":"https:\/\/www.jornaldaconstrucaocivil.com.br\/?p=23615"},"modified":"2024-04-11T12:59:21","modified_gmt":"2024-04-11T15:59:21","slug":"construcao-e-tecnologia-planradar-pioneira-em-software-para-gestao-de-obras-leva-inovacoes-aos-construtores-brasileiros","status":"publish","type":"post","link":"https:\/\/construcaocivil.siriusmarketingedesign.com.br\/?p=23615","title":{"rendered":"Constru\u00e7\u00e3o e Tecnologia: PlanRadar, pioneira em software para gest\u00e3o de obras, leva inova\u00e7\u00f5es aos construtores brasileiros"},"content":{"rendered":"<p style=\"text-align: justify;\"><i><span style=\"font-weight: 400;\">Inclu\u00edda em lista dos 100 pr\u00f3ximos unic\u00f3rnios, empresa integrou a \u2018Rota da Tecnologia\u2019 na Feicon 2024\u00a0 e promoveu painel sobre digitaliza\u00e7\u00e3o da constru\u00e7\u00e3o <\/span><\/i><\/p>\n<p style=\"text-align: justify;\"><span style=\"font-weight: 400;\">A PlanRadar, plataforma global que \u00e9 refer\u00eancia em gest\u00e3o integrada de obras e documentos para a constru\u00e7\u00e3o civil, participa da 28\u00aa edi\u00e7\u00e3o da Feicon, maior feira anual para os mercados de constru\u00e7\u00e3o civil e arquitetura no Brasil, que aconteceu entre os dias 2 e 5 de abril de 2024, no S\u00e3o Paulo Expo, na capital paulista.\u00a0<\/span><\/p>\n<p style=\"text-align: justify;\"><span style=\"font-weight: 400;\">Fortalecendo suas a\u00e7\u00f5es no Brasil, onde mant\u00e9m escrit\u00f3rio desde 2023, a companhia ter\u00e1 um espa\u00e7o como expositora no evento, com uma equipe dedicada a apresentar suas principais inova\u00e7\u00f5es para o mercado da constru\u00e7\u00e3o civil. Com mais de 150 mil clientes em 75 pa\u00edses, a companhia criada na \u00c1ustria foi inclu\u00edda recentemente na lista \u201cTop 100 Next Unicorns 2024\u201d, elaborada pela plataforma Viva Technology em parceria com o banco de investimentos GP Bullhond.\u00a0<\/span><\/p>\n<p style=\"text-align: justify;\"><span style=\"font-weight: 400;\">Durante sua presen\u00e7a <\/span><span style=\"font-weight: 400;\">na FEICON, onde integrou a \u2018Rota da Tecnologia\u2019, circuito sinalizado que mostrou ao\u00a0 visitante a diversas solu\u00e7\u00f5es inovadoras, a PlanRadar tamb\u00e9m participou da programa\u00e7\u00e3o de pain\u00e9is do 98\u00ba Enic (<\/span><span style=\"font-weight: 400;\">Encontro Nacional da ind\u00fastria da<\/span> <span style=\"font-weight: 400;\">Constru\u00e7\u00e3o), que ocorreu na Arena de Conte\u00fado, no mesmo complexo. <\/span><span style=\"font-weight: 400;\">Com o tema \u201cO impacto da digitaliza\u00e7\u00e3o na ind\u00fastria da constru\u00e7\u00e3o\u201d, a apresenta\u00e7\u00e3o ser\u00e1 ministrada por Renato Rocca, Senior Sales Consultant da PlanRadar no Brasil, na quinta-feira (4), \u00e0s 15h.<\/span><\/p>\n<p style=\"text-align: justify;\"><span style=\"font-weight: 400;\">Alvaro Vega, Regional Director da PlanRadar para os mercados da Espanha, Brasil e Am\u00e9rica Latina, tamb\u00e9m estar\u00e1 presente no evento para intera\u00e7\u00f5es com a m\u00eddia, a fim de explorar os benef\u00edcios que a empresa est\u00e1 trazendo para o setor de constru\u00e7\u00e3o civil no pa\u00eds.\u00a0<\/span><\/p>\n<p style=\"text-align: justify;\"><span style=\"font-weight: 400;\">Considerada a principal atra\u00e7\u00e3o de neg\u00f3cios, relacionamentos e tend\u00eancias do setor, a Feicon consolidou-se por conectar <\/span><span style=\"font-weight: 400;\">varejistas, construtores, profissionais de<\/span> <span style=\"font-weight: 400;\">engenharia, arquitetura e de outras fun\u00e7\u00f5es ligadas \u00e0 ind\u00fastria de constru\u00e7\u00e3o civil,<\/span> <span style=\"font-weight: 400;\">promovendo conte\u00fados e neg\u00f3cios para profissionais do setor ao longo de todo o ano. Por isso, a PlanRadar faz quest\u00e3o de marcar presen\u00e7a, se posicionando como l\u00edder do setor, refletindo os esfor\u00e7os globais da empresa.\u00a0<\/span><\/p>\n","protected":false},"excerpt":{"rendered":"<p>Inclu\u00edda em lista dos 100 pr\u00f3ximos unic\u00f3rnios, empresa integrou a \u2018Rota da Tecnologia\u2019 na Feicon 2024\u00a0 e promoveu painel sobre digitaliza\u00e7\u00e3o da constru\u00e7\u00e3o A PlanRadar, plataforma global que \u00e9 refer\u00eancia em gest\u00e3o integrada de obras e documentos para a constru\u00e7\u00e3o civil, participa da 28\u00aa edi\u00e7\u00e3o da Feicon, maior feira anual para os mercados de constru\u00e7\u00e3o [&hellip;]<\/p>\n","protected":false},"author":1,"featured_media":23616,"comment_status":"open","ping_status":"open","sticky":false,"template":"","format":"standard","meta":{"_uag_custom_page_level_css":"","footnotes":""},"categories":[1],"tags":[25863,26420,24757,24039,1394,1810,18403,26421,8338,10593],"class_list":["post-23615","post","type-post","status-publish","format-standard","has-post-thumbnail","hentry","category-sem-categoria","tag-feicon2024","tag-planradar","tag-servicosdeengenharia","tag-ai-na-construcao","tag-bim","tag-canteiro-de-obras","tag-construcao-4-0","tag-gp-bullhond","tag-obras","tag-saneamento"],"blocksy_meta":[],"spectra_blocks_featured_image_url":{"thumbnail":{"url":"https:\/\/construcaocivil.siriusmarketingedesign.com.br\/wp-content\/uploads\/2024\/04\/AA-PLAN-RADAR-150x150.jpg","width":150,"height":150},"medium":{"url":"https:\/\/construcaocivil.siriusmarketingedesign.com.br\/wp-content\/uploads\/2024\/04\/AA-PLAN-RADAR-208x300.jpg","width":208,"height":300},"medium_large":{"url":"https:\/\/construcaocivil.siriusmarketingedesign.com.br\/wp-content\/uploads\/2024\/04\/AA-PLAN-RADAR.jpg","width":329,"height":475},"large":{"url":"https:\/\/construcaocivil.siriusmarketingedesign.com.br\/wp-content\/uploads\/2024\/04\/AA-PLAN-RADAR.jpg","width":329,"height":475},"full":{"url":"https:\/\/construcaocivil.siriusmarketingedesign.com.br\/wp-content\/uploads\/2024\/04\/AA-PLAN-RADAR.jpg","width":329,"height":475}},"spectra_blocks_author_info":{"display_name":"Jornal da Constru\u00e7\u00e3o Civil","avatar_url":"https:\/\/secure.gravatar.com\/avatar\/973c9774fd44ddaceb026973c4962faa70fc512bc4c9da68e8ebb40fecee6540?s=96&d=mm&r=g","author_link":"https:\/\/construcaocivil.siriusmarketingedesign.com.br\/?author=1","description":"Desde de 2013, levando muitas informa\u00e7\u00f5es, lan\u00e7amentos e produtos de qualidade para toda cadeia produtiva da constru\u00e7\u00e3o. O Futuro da constru\u00e7\u00e3o passa por aqui,"},"uagb_featured_image_src":{"full":["https:\/\/construcaocivil.siriusmarketingedesign.com.br\/wp-content\/uploads\/2024\/04\/AA-PLAN-RADAR.jpg",329,475,false],"thumbnail":["https:\/\/construcaocivil.siriusmarketingedesign.com.br\/wp-content\/uploads\/2024\/04\/AA-PLAN-RADAR-150x150.jpg",150,150,true],"medium":["https:\/\/construcaocivil.siriusmarketingedesign.com.br\/wp-content\/uploads\/2024\/04\/AA-PLAN-RADAR-208x300.jpg",208,300,true],"medium_large":["https:\/\/construcaocivil.siriusmarketingedesign.com.br\/wp-content\/uploads\/2024\/04\/AA-PLAN-RADAR.jpg",329,475,false],"large":["https:\/\/construcaocivil.siriusmarketingedesign.com.br\/wp-content\/uploads\/2024\/04\/AA-PLAN-RADAR.jpg",329,475,false],"1536x1536":["https:\/\/construcaocivil.siriusmarketingedesign.com.br\/wp-content\/uploads\/2024\/04\/AA-PLAN-RADAR.jpg",329,475,false],"2048x2048":["https:\/\/construcaocivil.siriusmarketingedesign.com.br\/wp-content\/uploads\/2024\/04\/AA-PLAN-RADAR.jpg",329,475,false]},"uagb_author_info":{"display_name":"Jornal da Constru\u00e7\u00e3o Civil","author_link":"https:\/\/construcaocivil.siriusmarketingedesign.com.br\/?author=1"},"uagb_comment_info":0,"uagb_excerpt":"Inclu\u00edda em lista dos 100 pr\u00f3ximos unic\u00f3rnios, empresa integrou a \u2018Rota da Tecnologia\u2019 na Feicon 2024\u00a0 e promoveu painel sobre digitaliza\u00e7\u00e3o da constru\u00e7\u00e3o A PlanRadar, plataforma global que \u00e9 refer\u00eancia em gest\u00e3o integrada de obras e documentos para a constru\u00e7\u00e3o civil, participa da 28\u00aa edi\u00e7\u00e3o da Feicon, maior feira anual para os mercados de constru\u00e7\u00e3o&hellip;","_links":{"self":[{"href":"https:\/\/construcaocivil.siriusmarketingedesign.com.br\/index.php?rest_route=\/wp\/v2\/posts\/23615","targetHints":{"allow":["GET"]}}],"collection":[{"href":"https:\/\/construcaocivil.siriusmarketingedesign.com.br\/index.php?rest_route=\/wp\/v2\/posts"}],"about":[{"href":"https:\/\/construcaocivil.siriusmarketingedesign.com.br\/index.php?rest_route=\/wp\/v2\/types\/post"}],"author":[{"embeddable":true,"href":"https:\/\/construcaocivil.siriusmarketingedesign.com.br\/index.php?rest_route=\/wp\/v2\/users\/1"}],"replies":[{"embeddable":true,"href":"https:\/\/construcaocivil.siriusmarketingedesign.com.br\/index.php?rest_route=%2Fwp%2Fv2%2Fcomments&post=23615"}],"version-history":[{"count":0,"href":"https:\/\/construcaocivil.siriusmarketingedesign.com.br\/index.php?rest_route=\/wp\/v2\/posts\/23615\/revisions"}],"wp:featuredmedia":[{"embeddable":true,"href":"https:\/\/construcaocivil.siriusmarketingedesign.com.br\/index.php?rest_route=\/wp\/v2\/media\/23616"}],"wp:attachment":[{"href":"https:\/\/construcaocivil.siriusmarketingedesign.com.br\/index.php?rest_route=%2Fwp%2Fv2%2Fmedia&parent=23615"}],"wp:term":[{"taxonomy":"category","embeddable":true,"href":"https:\/\/construcaocivil.siriusmarketingedesign.com.br\/index.php?rest_route=%2Fwp%2Fv2%2Fcategories&post=23615"},{"taxonomy":"post_tag","embeddable":true,"href":"https:\/\/construcaocivil.siriusmarketingedesign.com.br\/index.php?rest_route=%2Fwp%2Fv2%2Ftags&post=23615"}],"curies":[{"name":"wp","href":"https:\/\/api.w.org\/{rel}","templated":true}]}}