{"id":23626,"date":"2024-04-15T17:21:18","date_gmt":"2024-04-15T20:21:18","guid":{"rendered":"https:\/\/www.jornaldaconstrucaocivil.com.br\/?p=23626"},"modified":"2024-04-15T17:21:18","modified_gmt":"2024-04-15T20:21:18","slug":"encontro-lixo-zero-2024-onde-foi-parar-o-lixo-que-estava-aqui","status":"publish","type":"post","link":"https:\/\/construcaocivil.siriusmarketingedesign.com.br\/?p=23626","title":{"rendered":"Encontro Lixo Zero 2024: onde foi parar o lixo que estava aqui?"},"content":{"rendered":"<p class=\"v1ql-align-justify\" style=\"text-align: justify;\">\u00c9 essencial agir imediatamente diante dos desafios do desperd\u00edcio de alimentos, mudan\u00e7a clim\u00e1tica e legisla\u00e7\u00e3o sobre doa\u00e7\u00e3o. A Casa Causa, em parceria com a ABRAPS, refor\u00e7a seu compromisso com a promo\u00e7\u00e3o das melhores pr\u00e1ticas nessas \u00e1reas e anuncia a Semana Lixo Zero 2024. Este evento abrangente visa n\u00e3o apenas disseminar, mas tamb\u00e9m debater e compreender os conceitos essenciais por tr\u00e1s da redu\u00e7\u00e3o de res\u00edduos, mitiga\u00e7\u00e3o do impacto clim\u00e1tico e incentivo \u00e0 doa\u00e7\u00e3o de alimentos.<\/p>\n<p class=\"v1ql-align-justify\" style=\"text-align: justify;\">Desde sua primeira edi\u00e7\u00e3o em 2010, o Encontro Lixo Zero tem sido um catalisador para a mudan\u00e7a, incentivando a reflex\u00e3o e o engajamento da sociedade, empresas e cidad\u00e3os na ado\u00e7\u00e3o de pr\u00e1ticas mais sustent\u00e1veis. O encontro deste evento ser\u00e1 em S\u00e3o Paulo, no dia 20 de maio, das 9h \u00e0s 20h, no Unibes Cultural. Com o tema &#8220;Onde foi parar o lixo que estava aqui?&#8221;, pretende-se instigar reflex\u00f5es sobre a rela\u00e7\u00e3o entre o desperd\u00edcio, a fome e a crise clim\u00e1tica.<\/p>\n<p class=\"v1ql-align-justify\" style=\"text-align: justify;\">Fl\u00e1via Cunha, percursora do movimento ILZ em S\u00e3o Paulo e coordenadora do GT Lixo Zero SP, destaca a import\u00e2ncia de repensar nossas atitudes em rela\u00e7\u00e3o ao desperd\u00edcio e \u00e0 fome. &#8220;\u00c9 fundamental mudarmos nossa abordagem em rela\u00e7\u00e3o ao desperd\u00edcio de alimentos, para que possamos reduzir a fome e mitigar os impactos da mudan\u00e7a clim\u00e1tica&#8221;, enfatiza Cunha. &#8220;O desperd\u00edcio \u00e9 uma das faces mais evidentes do nosso sistema insustent\u00e1vel, e \u00e9 crucial que aprendamos a reduzir, reutilizar e redistribuir recursos de maneira mais eficiente&#8221;, acrescenta.<\/p>\n<p class=\"v1ql-align-justify\" style=\"text-align: justify;\">No evento tamb\u00e9m ser\u00e1 abordado o papel do show business na gest\u00e3o de res\u00edduos em eventos. \u00c9 crucial promover uma cultura sustent\u00e1vel nos eventos, incentivando a redu\u00e7\u00e3o da gera\u00e7\u00e3o de res\u00edduos, a destina\u00e7\u00e3o ambientalmente adequada e o envolvimento de cooperativas de reciclagem. Essas pr\u00e1ticas contribuem para a conscientiza\u00e7\u00e3o e redu\u00e7\u00e3o do impacto ambiental.<\/p>\n<p class=\"v1ql-align-justify\" style=\"text-align: justify;\">O Encontro Lixo Zero 2024 oferecer\u00e1 uma variedade de pain\u00e9is e atividades voltados para educar e inspirar a comunidade a adotar pr\u00e1ticas mais sustent\u00e1veis em suas vidas di\u00e1rias.<\/p>\n<p class=\"v1ql-align-justify\" style=\"text-align: justify;\"><strong>Dados sobre desperd\u00edcios de alimentos:<\/strong><\/p>\n<p class=\"v1ql-align-justify\" style=\"text-align: justify;\">Os dados sobre desperd\u00edcio de alimentos s\u00e3o alarmantes. O Relat\u00f3rio do \u00cdndice de Desperd\u00edcio de Alimentos 2024 do PNUMA revela que mais de 1 bilh\u00e3o de refei\u00e7\u00f5es s\u00e3o desperdi\u00e7adas diariamente em domic\u00edlios em todo o mundo, totalizando 1,05 bilh\u00e3o de toneladas de res\u00edduos alimentares em 2022. Isso representa quase um quinto dos alimentos dispon\u00edveis para consumo. O desperd\u00edcio agrava a crise alimentar global, encarece os alimentos e causa danos ambientais. Destaca-se que 60% dos alimentos desperdi\u00e7ados s\u00e3o em domic\u00edlios, enquanto 28% s\u00e3o nos servi\u00e7os de alimenta\u00e7\u00e3o e 12% no varejo. O relat\u00f3rio enfatiza a necessidade de a\u00e7\u00e3o global, especialmente atrav\u00e9s de Parcerias P\u00fablico-Privadas (PPPs), para medir, reduzir e prevenir o desperd\u00edcio de alimentos.<\/p>\n<p class=\"v1ql-align-justify\" style=\"text-align: justify;\">Al\u00e9m disso, a ONU divulgou um estudo global sobre desperd\u00edcio de alimentos, revelando resultados igualmente alarmantes. Apesar da produ\u00e7\u00e3o alimentar ser suficiente para alimentar toda a popula\u00e7\u00e3o mundial, mais de 1 bilh\u00e3o de refei\u00e7\u00f5es s\u00e3o desperdi\u00e7adas diariamente, resultando em uma m\u00e9dia de 132 kg de comida jogados fora por pessoa a cada ano. Este problema n\u00e3o \u00e9 exclusivo de pa\u00edses ricos, pois pa\u00edses como o Brasil enfrentam desafios de conserva\u00e7\u00e3o de alimentos devido \u00e0 falta de refrigera\u00e7\u00e3o adequada. O custo global do desperd\u00edcio de alimentos chega a aproximadamente US$ 1 trilh\u00e3o por ano, sendo que 60% ocorrem nos domic\u00edlios, 28% em estabelecimentos de alimenta\u00e7\u00e3o e 12% em supermercados e feiras.<\/p>\n","protected":false},"excerpt":{"rendered":"<p>\u00c9 essencial agir imediatamente diante dos desafios do desperd\u00edcio de alimentos, mudan\u00e7a clim\u00e1tica e legisla\u00e7\u00e3o sobre doa\u00e7\u00e3o. A Casa Causa, em parceria com a ABRAPS, refor\u00e7a seu compromisso com a promo\u00e7\u00e3o das melhores pr\u00e1ticas nessas \u00e1reas e anuncia a Semana Lixo Zero 2024. Este evento abrangente visa n\u00e3o apenas disseminar, mas tamb\u00e9m debater e compreender [&hellip;]<\/p>\n","protected":false},"author":1,"featured_media":23627,"comment_status":"open","ping_status":"open","sticky":false,"template":"","format":"standard","meta":{"_uag_custom_page_level_css":"","footnotes":""},"categories":[37],"tags":[22701,26428,19037,26430,26429,10245],"class_list":["post-23626","post","type-post","status-publish","format-standard","has-post-thumbnail","hentry","category-sustentabilidade","tag-efeitos-climaticos","tag-lixo-zeo","tag-marco-do-saneamento","tag-onu-pnuma","tag-poluicao-urbana","tag-residuos-da-construcao"],"blocksy_meta":[],"spectra_blocks_featured_image_url":{"thumbnail":{"url":"https:\/\/construcaocivil.siriusmarketingedesign.com.br\/wp-content\/uploads\/2024\/04\/de1b9da7-ab1b-4e0b-8833-089378bfd488-150x150.jpg","width":150,"height":150},"medium":{"url":"https:\/\/construcaocivil.siriusmarketingedesign.com.br\/wp-content\/uploads\/2024\/04\/de1b9da7-ab1b-4e0b-8833-089378bfd488-300x200.jpg","width":300,"height":200},"medium_large":{"url":"https:\/\/construcaocivil.siriusmarketingedesign.com.br\/wp-content\/uploads\/2024\/04\/de1b9da7-ab1b-4e0b-8833-089378bfd488-768x512.jpg","width":768,"height":512},"large":{"url":"https:\/\/construcaocivil.siriusmarketingedesign.com.br\/wp-content\/uploads\/2024\/04\/de1b9da7-ab1b-4e0b-8833-089378bfd488.jpg","width":1000,"height":667},"full":{"url":"https:\/\/construcaocivil.siriusmarketingedesign.com.br\/wp-content\/uploads\/2024\/04\/de1b9da7-ab1b-4e0b-8833-089378bfd488.jpg","width":1000,"height":667}},"spectra_blocks_author_info":{"display_name":"Jornal da Constru\u00e7\u00e3o Civil","avatar_url":"https:\/\/secure.gravatar.com\/avatar\/973c9774fd44ddaceb026973c4962faa70fc512bc4c9da68e8ebb40fecee6540?s=96&d=mm&r=g","author_link":"https:\/\/construcaocivil.siriusmarketingedesign.com.br\/?author=1","description":"Desde de 2013, levando muitas informa\u00e7\u00f5es, lan\u00e7amentos e produtos de qualidade para toda cadeia produtiva da constru\u00e7\u00e3o. O Futuro da constru\u00e7\u00e3o passa por aqui,"},"uagb_featured_image_src":{"full":["https:\/\/construcaocivil.siriusmarketingedesign.com.br\/wp-content\/uploads\/2024\/04\/de1b9da7-ab1b-4e0b-8833-089378bfd488.jpg",1000,667,false],"thumbnail":["https:\/\/construcaocivil.siriusmarketingedesign.com.br\/wp-content\/uploads\/2024\/04\/de1b9da7-ab1b-4e0b-8833-089378bfd488-150x150.jpg",150,150,true],"medium":["https:\/\/construcaocivil.siriusmarketingedesign.com.br\/wp-content\/uploads\/2024\/04\/de1b9da7-ab1b-4e0b-8833-089378bfd488-300x200.jpg",300,200,true],"medium_large":["https:\/\/construcaocivil.siriusmarketingedesign.com.br\/wp-content\/uploads\/2024\/04\/de1b9da7-ab1b-4e0b-8833-089378bfd488-768x512.jpg",768,512,true],"large":["https:\/\/construcaocivil.siriusmarketingedesign.com.br\/wp-content\/uploads\/2024\/04\/de1b9da7-ab1b-4e0b-8833-089378bfd488.jpg",1000,667,false],"1536x1536":["https:\/\/construcaocivil.siriusmarketingedesign.com.br\/wp-content\/uploads\/2024\/04\/de1b9da7-ab1b-4e0b-8833-089378bfd488.jpg",1000,667,false],"2048x2048":["https:\/\/construcaocivil.siriusmarketingedesign.com.br\/wp-content\/uploads\/2024\/04\/de1b9da7-ab1b-4e0b-8833-089378bfd488.jpg",1000,667,false]},"uagb_author_info":{"display_name":"Jornal da Constru\u00e7\u00e3o Civil","author_link":"https:\/\/construcaocivil.siriusmarketingedesign.com.br\/?author=1"},"uagb_comment_info":0,"uagb_excerpt":"\u00c9 essencial agir imediatamente diante dos desafios do desperd\u00edcio de alimentos, mudan\u00e7a clim\u00e1tica e legisla\u00e7\u00e3o sobre doa\u00e7\u00e3o. A Casa Causa, em parceria com a ABRAPS, refor\u00e7a seu compromisso com a promo\u00e7\u00e3o das melhores pr\u00e1ticas nessas \u00e1reas e anuncia a Semana Lixo Zero 2024. Este evento abrangente visa n\u00e3o apenas disseminar, mas tamb\u00e9m debater e compreender&hellip;","_links":{"self":[{"href":"https:\/\/construcaocivil.siriusmarketingedesign.com.br\/index.php?rest_route=\/wp\/v2\/posts\/23626","targetHints":{"allow":["GET"]}}],"collection":[{"href":"https:\/\/construcaocivil.siriusmarketingedesign.com.br\/index.php?rest_route=\/wp\/v2\/posts"}],"about":[{"href":"https:\/\/construcaocivil.siriusmarketingedesign.com.br\/index.php?rest_route=\/wp\/v2\/types\/post"}],"author":[{"embeddable":true,"href":"https:\/\/construcaocivil.siriusmarketingedesign.com.br\/index.php?rest_route=\/wp\/v2\/users\/1"}],"replies":[{"embeddable":true,"href":"https:\/\/construcaocivil.siriusmarketingedesign.com.br\/index.php?rest_route=%2Fwp%2Fv2%2Fcomments&post=23626"}],"version-history":[{"count":0,"href":"https:\/\/construcaocivil.siriusmarketingedesign.com.br\/index.php?rest_route=\/wp\/v2\/posts\/23626\/revisions"}],"wp:featuredmedia":[{"embeddable":true,"href":"https:\/\/construcaocivil.siriusmarketingedesign.com.br\/index.php?rest_route=\/wp\/v2\/media\/23627"}],"wp:attachment":[{"href":"https:\/\/construcaocivil.siriusmarketingedesign.com.br\/index.php?rest_route=%2Fwp%2Fv2%2Fmedia&parent=23626"}],"wp:term":[{"taxonomy":"category","embeddable":true,"href":"https:\/\/construcaocivil.siriusmarketingedesign.com.br\/index.php?rest_route=%2Fwp%2Fv2%2Fcategories&post=23626"},{"taxonomy":"post_tag","embeddable":true,"href":"https:\/\/construcaocivil.siriusmarketingedesign.com.br\/index.php?rest_route=%2Fwp%2Fv2%2Ftags&post=23626"}],"curies":[{"name":"wp","href":"https:\/\/api.w.org\/{rel}","templated":true}]}}