{"id":23665,"date":"2024-04-26T10:24:03","date_gmt":"2024-04-26T13:24:03","guid":{"rendered":"https:\/\/www.jornaldaconstrucaocivil.com.br\/?p=23665"},"modified":"2024-04-26T10:24:03","modified_gmt":"2024-04-26T13:24:03","slug":"construcao-e-mineracao-mt-expo-2024-impulsiona-a-realizacao-de-bons-negocios","status":"publish","type":"post","link":"https:\/\/construcaocivil.siriusmarketingedesign.com.br\/?p=23665","title":{"rendered":"Constru\u00e7\u00e3o e Minera\u00e7\u00e3o: M&#038;T Expo 2024 impulsiona a realiza\u00e7\u00e3o de bons neg\u00f3cios"},"content":{"rendered":"<p style=\"text-align: justify;\">A\u00a0<strong>M&amp;T Expo \u2013 part of bauma NETWORK, principal feira de m\u00e1quinas e equipamentos para constru\u00e7\u00e3o e minera\u00e7\u00e3o da Am\u00e9rica Latina,<\/strong>\u00a0que vai at\u00e9 sexta-feira, (26\/4), no S\u00e3o Paulo Expo, est\u00e1 impulsionando bons neg\u00f3cios para os cerca de 500 expositores nacionais e internacionais.<\/p>\n<p style=\"text-align: justify;\">A Socage fechou um neg\u00f3cio de mais de 2 milh\u00f5es de euros com a empresa de loca\u00e7\u00e3o latino-americana Alo Group. Alejandro Zenklussen Franco, diretor da empresa, que adquiriu dois caminh\u00f5es com plataformas autopropulsadas ForSte75TJJ de \u00faltima gera\u00e7\u00e3o, refor\u00e7ou a import\u00e2ncia da M&amp;T Expo 2024 para o setor. Para Nicola Zago, respons\u00e1vel pelas vendas no exterior da Socage, a feira est\u00e1 trazendo resultados surpreendentes.<\/p>\n<p style=\"text-align: justify;\">A XCMG tamb\u00e9m realizou bons neg\u00f3cios durante a M&amp;T Expo. \u201cA feira \u00e9 muito importante para n\u00f3s dealers. Em Minas Gerais tem um ditado que diz \u2018mineiro para ver precisa pegar com as m\u00e3os\u2019. E um dos nossos clientes na \u00e1rea de minera\u00e7\u00e3o adquiriu v\u00e1rios equipamentos no evento\u201d, afirmou Gilberto Gualter, diretor executivo da Triama Norte Tratores, dealer da XCMG do Brasil da regi\u00e3o de Minas Gerais.<\/p>\n<p style=\"text-align: justify;\">Um neg\u00f3cio de R$ 11,5 milh\u00f5es, envolvendo 18 m\u00e1quinas, foi consolidado pela DCCO, distribuidor Komatsu para os Estados de Goi\u00e1s, Tocantins, Distrito Federal, Amazonas, Roraima, Rond\u00f4nia e Acre, durante a M&amp;T Expo.<\/p>\n<p style=\"text-align: justify;\">Leopoldo Passos, diretor de Vendas da DCCO, esse volume foi gerado com os novos equipamentos adquiridos, aos quais se somam quatro outras m\u00e1quinas do estoque da distribuidora. Os equipamentos destinam-se a construtoras que atuam com obras de terraplanagem e obras de engenharia, tais como barragens, e locadoras que atuam junto a mineradoras.<\/p>\n<p style=\"text-align: justify;\">Apenas da escavadeira PC 200 lan\u00e7ada na M&amp;T Expo, foram adquiridas dez m\u00e1quinas. Os demais equipamentos s\u00e3o: tr\u00eas escavadeiras PC 210; tr\u00eas tratores de esteira DS1; e duas carregadeiras WA 200.<\/p>\n<p style=\"text-align: justify;\">Comemorando a realiza\u00e7\u00e3o desses neg\u00f3cios durante o primeiro dia do evento e as duas primeiras horas do segundo dia, Passos \u2013 que tamb\u00e9m \u00e9 presidente do Conselho de Distribuidores da Komatsu \u2013 adquiriu parte dos equipamentos via Banco Komatsu e espera fechar novos neg\u00f3cios at\u00e9 o dia 26, afinal \u201ca feira est\u00e1 muito bem-organizada e bonita\u201d.<\/p>\n<p style=\"text-align: justify;\">Na Sany, o movimento dos neg\u00f3cios da feira est\u00e1 superando as expectativas. \u201cNos dois primeiros dias estivemos com o estande muito cheio. Recebemos centenas de pedidos de informa\u00e7\u00f5es e fechamos muitos neg\u00f3cios. Batemos as metas de venda do primeiro e do segundo dia do evento e acreditamos que vamos superar todas as metas acima do que esper\u00e1vamos\u201d, contou Dennys Santos, executivo de marketing da empresa.<\/p>\n<p><strong>M&amp;T Expo promove curso de capacita\u00e7\u00e3o de operadores de m\u00e1quinas<\/strong><\/p>\n<p>A\u00a0<strong>M&amp;T Expo 2024 \u2013 part of bauma NETWORK<\/strong>, principal feira de M\u00e1quinas e Equipamentos para Constru\u00e7\u00e3o e Minera\u00e7\u00e3o da Am\u00e9rica Latina, est\u00e1 recebendo o curso gratuito de Operadores de M\u00e1quinas, promovido pela Associa\u00e7\u00e3o Paulista dos Empreiteiros e Locadores de M\u00e1quinas de Terraplenagem, Ar Comprimido, Hidr\u00e1ulico e Equipamentos de Constru\u00e7\u00e3o Civil\u00a0(Apelmat), e com patroc\u00ednio da\u00a0<a href=\"https:\/\/armac.com.br\/\" target=\"_blank\" rel=\"noopener noreferrer\">Armac<\/a>.<\/p>\n<p>S\u00e3o 16 participantes que est\u00e3o recebendo aulas pr\u00e1ticas e te\u00f3ricas, com o objetivo de formar operadores de m\u00e1quinas, como escavadeiras e retroescavadeiras. De acordo com Carla Nicodemus, da \u00c1rea Administrativa da Apelmat, a realiza\u00e7\u00e3o do curso na M&amp;T Expo \u00e9 pioneira em dois sentidos: \u201co fato de ser gratuito, direcionado a pessoas que est\u00e3o em busca de trabalho, e por acontecer na principal feira do setor. Nosso objetivo \u00e9 contribuir para reduzir a falta de operadores no mercado e diminuir o desemprego no Brasil\u201d.<\/p>\n<p>O curso tem atra\u00eddo a aten\u00e7\u00e3o de empresas do setor, trazendo expectativas positivas para os alunos, segundo Nicodemus. \u201cV\u00e1rias empresas locadoras est\u00e3o interessadas em contratar os participantes\u201d, comemorou.<\/p>\n<p>Saiba mais sobre a M&amp;T Expo:\u00a0<a href=\"https:\/\/www.mtexpo.com.br\/\" target=\"_blank\" rel=\"noopener noreferrer\">https:\/\/www.mtexpo.com.br\/<\/a><\/p>\n<p><strong>Servi\u00e7o<br \/>\n<\/strong><strong>Data:<\/strong>\u00a023 a 26 de abril de 2024<br \/>\n<strong>Hor\u00e1rio:<\/strong>\u00a013h \u00e0s 20h<br \/>\n<strong>Local:<\/strong>\u00a0S\u00e3o Paulo Expo, SP<br \/>\n<strong>Credenciamento gratuito:\u00a0<\/strong><a href=\"https:\/\/www.mtexpo.com.br\/credenciamento\" target=\"_blank\" rel=\"noopener noreferrer\">https:\/\/www.mtexpo.com.br\/credenciamento<\/a><br \/>\n<strong>Expositores confirmados:<\/strong>\u00a0<a href=\"https:\/\/vitrinedenegocios.mtexpo.com.br\/event\/mt-expo\/exhibitors\" target=\"_blank\" rel=\"noopener noreferrer\">https:\/\/vitrinedenegocios.mtexpo.com.br\/event\/mt-expo\/exhibitors<\/a><\/p>\n","protected":false},"excerpt":{"rendered":"<p>A\u00a0M&amp;T Expo \u2013 part of bauma NETWORK, principal feira de m\u00e1quinas e equipamentos para constru\u00e7\u00e3o e minera\u00e7\u00e3o da Am\u00e9rica Latina,\u00a0que vai at\u00e9 sexta-feira, (26\/4), no S\u00e3o Paulo Expo, est\u00e1 impulsionando bons neg\u00f3cios para os cerca de 500 expositores nacionais e internacionais. A Socage fechou um neg\u00f3cio de mais de 2 milh\u00f5es de euros com a [&hellip;]<\/p>\n","protected":false},"author":1,"featured_media":23666,"comment_status":"open","ping_status":"open","sticky":false,"template":"","format":"standard","meta":{"_uag_custom_page_level_css":"","footnotes":""},"categories":[32],"tags":[24527,26450,26452,26451,10300],"class_list":["post-23665","post","type-post","status-publish","format-standard","has-post-thumbnail","hentry","category-maquinas-e-equipamentos","tag-bauma","tag-cat-70-anos","tag-locadores-de-retroescavadeiras","tag-m-t-expo-2024","tag-retroescavadeiras"],"blocksy_meta":[],"spectra_blocks_featured_image_url":{"thumbnail":{"url":"https:\/\/construcaocivil.siriusmarketingedesign.com.br\/wp-content\/uploads\/2024\/04\/CAT-I-150x150.jpg","width":150,"height":150},"medium":{"url":"https:\/\/construcaocivil.siriusmarketingedesign.com.br\/wp-content\/uploads\/2024\/04\/CAT-I-300x185.jpg","width":300,"height":185},"medium_large":{"url":"https:\/\/construcaocivil.siriusmarketingedesign.com.br\/wp-content\/uploads\/2024\/04\/CAT-I.jpg","width":703,"height":434},"large":{"url":"https:\/\/construcaocivil.siriusmarketingedesign.com.br\/wp-content\/uploads\/2024\/04\/CAT-I.jpg","width":703,"height":434},"full":{"url":"https:\/\/construcaocivil.siriusmarketingedesign.com.br\/wp-content\/uploads\/2024\/04\/CAT-I.jpg","width":703,"height":434}},"spectra_blocks_author_info":{"display_name":"Jornal da Constru\u00e7\u00e3o Civil","avatar_url":"https:\/\/secure.gravatar.com\/avatar\/973c9774fd44ddaceb026973c4962faa70fc512bc4c9da68e8ebb40fecee6540?s=96&d=mm&r=g","author_link":"https:\/\/construcaocivil.siriusmarketingedesign.com.br\/?author=1","description":"Desde de 2013, levando muitas informa\u00e7\u00f5es, lan\u00e7amentos e produtos de qualidade para toda cadeia produtiva da constru\u00e7\u00e3o. O Futuro da constru\u00e7\u00e3o passa por aqui,"},"uagb_featured_image_src":{"full":["https:\/\/construcaocivil.siriusmarketingedesign.com.br\/wp-content\/uploads\/2024\/04\/CAT-I.jpg",703,434,false],"thumbnail":["https:\/\/construcaocivil.siriusmarketingedesign.com.br\/wp-content\/uploads\/2024\/04\/CAT-I-150x150.jpg",150,150,true],"medium":["https:\/\/construcaocivil.siriusmarketingedesign.com.br\/wp-content\/uploads\/2024\/04\/CAT-I-300x185.jpg",300,185,true],"medium_large":["https:\/\/construcaocivil.siriusmarketingedesign.com.br\/wp-content\/uploads\/2024\/04\/CAT-I.jpg",703,434,false],"large":["https:\/\/construcaocivil.siriusmarketingedesign.com.br\/wp-content\/uploads\/2024\/04\/CAT-I.jpg",703,434,false],"1536x1536":["https:\/\/construcaocivil.siriusmarketingedesign.com.br\/wp-content\/uploads\/2024\/04\/CAT-I.jpg",703,434,false],"2048x2048":["https:\/\/construcaocivil.siriusmarketingedesign.com.br\/wp-content\/uploads\/2024\/04\/CAT-I.jpg",703,434,false]},"uagb_author_info":{"display_name":"Jornal da Constru\u00e7\u00e3o Civil","author_link":"https:\/\/construcaocivil.siriusmarketingedesign.com.br\/?author=1"},"uagb_comment_info":0,"uagb_excerpt":"A\u00a0M&amp;T Expo \u2013 part of bauma NETWORK, principal feira de m\u00e1quinas e equipamentos para constru\u00e7\u00e3o e minera\u00e7\u00e3o da Am\u00e9rica Latina,\u00a0que vai at\u00e9 sexta-feira, (26\/4), no S\u00e3o Paulo Expo, est\u00e1 impulsionando bons neg\u00f3cios para os cerca de 500 expositores nacionais e internacionais. A Socage fechou um neg\u00f3cio de mais de 2 milh\u00f5es de euros com a&hellip;","_links":{"self":[{"href":"https:\/\/construcaocivil.siriusmarketingedesign.com.br\/index.php?rest_route=\/wp\/v2\/posts\/23665","targetHints":{"allow":["GET"]}}],"collection":[{"href":"https:\/\/construcaocivil.siriusmarketingedesign.com.br\/index.php?rest_route=\/wp\/v2\/posts"}],"about":[{"href":"https:\/\/construcaocivil.siriusmarketingedesign.com.br\/index.php?rest_route=\/wp\/v2\/types\/post"}],"author":[{"embeddable":true,"href":"https:\/\/construcaocivil.siriusmarketingedesign.com.br\/index.php?rest_route=\/wp\/v2\/users\/1"}],"replies":[{"embeddable":true,"href":"https:\/\/construcaocivil.siriusmarketingedesign.com.br\/index.php?rest_route=%2Fwp%2Fv2%2Fcomments&post=23665"}],"version-history":[{"count":0,"href":"https:\/\/construcaocivil.siriusmarketingedesign.com.br\/index.php?rest_route=\/wp\/v2\/posts\/23665\/revisions"}],"wp:featuredmedia":[{"embeddable":true,"href":"https:\/\/construcaocivil.siriusmarketingedesign.com.br\/index.php?rest_route=\/wp\/v2\/media\/23666"}],"wp:attachment":[{"href":"https:\/\/construcaocivil.siriusmarketingedesign.com.br\/index.php?rest_route=%2Fwp%2Fv2%2Fmedia&parent=23665"}],"wp:term":[{"taxonomy":"category","embeddable":true,"href":"https:\/\/construcaocivil.siriusmarketingedesign.com.br\/index.php?rest_route=%2Fwp%2Fv2%2Fcategories&post=23665"},{"taxonomy":"post_tag","embeddable":true,"href":"https:\/\/construcaocivil.siriusmarketingedesign.com.br\/index.php?rest_route=%2Fwp%2Fv2%2Ftags&post=23665"}],"curies":[{"name":"wp","href":"https:\/\/api.w.org\/{rel}","templated":true}]}}