{"id":23673,"date":"2024-04-27T11:21:28","date_gmt":"2024-04-27T14:21:28","guid":{"rendered":"https:\/\/www.jornaldaconstrucaocivil.com.br\/?p=23673"},"modified":"2024-04-27T11:21:28","modified_gmt":"2024-04-27T14:21:28","slug":"debate-durante-98o-enic-apontou-cenario-positivo-para-o-mercado-imobiliario","status":"publish","type":"post","link":"https:\/\/construcaocivil.siriusmarketingedesign.com.br\/?p=23673","title":{"rendered":"Debate durante 98\u00ba ENIC apontou cen\u00e1rio positivo para o mercado imobili\u00e1rio"},"content":{"rendered":"<p><em>AG\u00caNCIA CBIC<\/em><\/p>\n<p style=\"text-align: justify;\"><span style=\"color: #993300;\">Abril<\/span>, 2024 &#8211; O debate sobre perspectivas do Mercado Imobili\u00e1rio para 2024 aconteceu durante o 98\u00ba Encontro Nacional da Ind\u00fastria da Constru\u00e7\u00e3o (ENIC), realizado pela C\u00e2mara Brasileira da Ind\u00fastria da Constru\u00e7\u00e3o (CBIC) com o apoio do Servi\u00e7o Nacional de Aprendizagem Industrial (Senai) e do Servi\u00e7o Social da Ind\u00fastria (Sesi).<\/p>\n<p style=\"text-align: justify;\">O painel\u00a0<i>Mercado Imobili\u00e1rio: Vendas, Lan\u00e7amentos e Expectativas do Consumidor<\/i>\u00a0iniciou discuss\u00f5es sobre o cen\u00e1rio de investimento no pa\u00eds, as perspectivas de compra, vendas, lan\u00e7amentos e as expectativas do consumidor. O moderador do encontro, Ely Wertheim, vice-presidente da ind\u00fastria imobili\u00e1ria da CBIC, ressaltou a import\u00e2ncia do setor para o pa\u00eds, destacando que \u201cNosso setor est\u00e1 ligado a um direito constitucional previsto para a sociedade: o direito \u00e0 moradia\u201d.<\/p>\n<figure id=\"attachment_23675\" aria-describedby=\"caption-attachment-23675\" style=\"width: 300px\" class=\"wp-caption alignleft\"><img loading=\"lazy\" decoding=\"async\" class=\"size-medium wp-image-23675\" src=\"https:\/\/www.jornaldaconstrucaocivil.com.br\/wp-content\/uploads\/2024\/04\/jj21363-scaled-1-300x200.jpg\" alt=\"\" width=\"300\" height=\"200\" srcset=\"https:\/\/construcaocivil.siriusmarketingedesign.com.br\/wp-content\/uploads\/2024\/04\/jj21363-scaled-1-300x200.jpg 300w, https:\/\/construcaocivil.siriusmarketingedesign.com.br\/wp-content\/uploads\/2024\/04\/jj21363-scaled-1-1024x683.jpg 1024w, https:\/\/construcaocivil.siriusmarketingedesign.com.br\/wp-content\/uploads\/2024\/04\/jj21363-scaled-1-768x512.jpg 768w, https:\/\/construcaocivil.siriusmarketingedesign.com.br\/wp-content\/uploads\/2024\/04\/jj21363-scaled-1-1536x1024.jpg 1536w, https:\/\/construcaocivil.siriusmarketingedesign.com.br\/wp-content\/uploads\/2024\/04\/jj21363-scaled-1-2048x1366.jpg 2048w, https:\/\/construcaocivil.siriusmarketingedesign.com.br\/wp-content\/uploads\/2024\/04\/jj21363-scaled-1-200x133.jpg 200w\" sizes=\"auto, (max-width: 300px) 100vw, 300px\" \/><figcaption id=\"caption-attachment-23675\" class=\"wp-caption-text\">Divulga\u00e7\u00e3o<\/figcaption><\/figure>\n<p style=\"text-align: justify;\">O mercado imobili\u00e1rio tem um papel de destaque e relevante, corroborou o presidente da LPS Brasil \u2013 Consultoria de Im\u00f3veis S\/A e vice-presidente do Secovi-SP, Marcos Lopes. Ele explicou a interconex\u00e3o entre o setor e o cen\u00e1rio econ\u00f4mico, destacando o impacto da queda da taxa de juros. \u201cA perspectiva econ\u00f4mica \u00e9 crucial e determinante nos dias atuais, especialmente considerando o futuro. Para que o mercado imobili\u00e1rio prospere, \u00e9 essencial que o Brasil tamb\u00e9m prospere\u201d, afirmou.<\/p>\n<p style=\"text-align: justify;\">Lopes expressou otimismo em rela\u00e7\u00e3o ao panorama para o ano, observando uma maior seguran\u00e7a econ\u00f4mica, avan\u00e7os no cr\u00e9dito imobili\u00e1rio e uma demanda aquecida. Ele tamb\u00e9m mencionou o aumento projetado no volume de lan\u00e7amentos para 2024. \u201cO \u00edndice de confian\u00e7a do consumidor est\u00e1 superior se comparado ao mesmo per\u00edodo de 2023\u201d, destacou.<\/p>\n<p style=\"text-align: justify;\">A expectativa \u00e9 de crescimento nas vendas, afirmou o diretor-s\u00f3cio da Brain Intelig\u00eancia Estrat\u00e9gica, F\u00e1bio Tadeu Ara\u00fajo. A inten\u00e7\u00e3o de compra tem se mantido consistente, de acordo com uma pesquisa realizada pela Brain. Os dados apontam que 41% dos entrevistados afirmam estar em busca de im\u00f3veis. \u201cEste \u00e9 o melhor \u00edndice de inten\u00e7\u00e3o de compra desde 2021\u201d, observou Ara\u00fajo. Ele tamb\u00e9m destacou que aproximadamente 34% dos entrevistados justificaram sua decis\u00e3o de n\u00e3o continuar pagando aluguel. \u201cH\u00e1 uma potencialidade e oportunidade de finalizar o trimestre alcan\u00e7ando um recorde de lan\u00e7amentos\u201d, pontuou.<\/p>\n<p style=\"text-align: justify;\">Segundo o economista-chefe do SECOVI-SP, Celso Petrucci, \u201cN\u00e3o h\u00e1 nada no radar que aponte que o mercado imobili\u00e1rio tenha um ano igual ou pior em compara\u00e7\u00e3o a 2023. Precisamos entender qual ser\u00e1 a intensidade desse crescimento\u201d, alertou.<\/p>\n<p style=\"text-align: justify;\">Para o vice-presidente Financeiro da CBIC, Eduardo Aroeira, a expectativa \u00e9 grande com a baixa dos juros. \u201cA gente acredita que \u00e9 poss\u00edvel chegar ao final do ano com uma taxa selic de 9%, o que muda bastante as condi\u00e7\u00f5es de financiamento e isso tende a melhorar ainda mais as vendas\u201d, disse.<\/p>\n<p style=\"text-align: justify;\">\u201cN\u00f3s poder\u00edamos estar oferecendo muito mais em oferta, demanda n\u00e3o falta. \u00c0s vezes, o que falta \u00e9 um\u00a0<i>funding<\/i>\u00a0apropriado. \u00c9 importante compreender como podemos fazer para aumentar a oferta\u201d, concluiu.<\/p>\n<p style=\"text-align: justify;\">O evento ainda contou com o patroc\u00ednio do Banco Oficial do ENIC e da FEICON, a Caixa Econ\u00f4mica Federal, do Conselho Federal de Engenharia e Agronomia (Confea), Conselho Regional de Engenharia e Agronomia do Estado de S\u00e3o Paulo (CREA-SP), M\u00fatua, Sebrae Nacional, Housi, Senior, Brain, Tecverde, Softplan, Construcode, TUYA, Mtrix, Brick Up, Informakon, Predialize, ConstructIn, e Pasi.<\/p>\n<p style=\"text-align: justify;\">O tema tem interface com o projeto \u201cMelhoria da produtividade, competitividade e empregabilidade do Mercado Imobili\u00e1rio\u201d, da Comiss\u00e3o da Ind\u00fastria Imobili\u00e1ria (CII) da C\u00e2mara Brasileira da Ind\u00fastria da Constru\u00e7\u00e3o, em correaliza\u00e7\u00e3o com o Servi\u00e7o Nacional de Aprendizagem Industrial (Senai).<\/p>\n<div style=\"text-align: justify;\"><\/div>\n<div class=\"the_champ_sharing_container the_champ_horizontal_sharing\" style=\"text-align: justify;\" data-super-socializer-href=\"https:\/\/cbic.org.br\/debate-durante-98o-enic-apontou-cenario-positivo-para-o-mercado-imobiliario\/\"><\/div>\n","protected":false},"excerpt":{"rendered":"<p>AG\u00caNCIA CBIC Abril, 2024 &#8211; O debate sobre perspectivas do Mercado Imobili\u00e1rio para 2024 aconteceu durante o 98\u00ba Encontro Nacional da Ind\u00fastria da Constru\u00e7\u00e3o (ENIC), realizado pela C\u00e2mara Brasileira da Ind\u00fastria da Constru\u00e7\u00e3o (CBIC) com o apoio do Servi\u00e7o Nacional de Aprendizagem Industrial (Senai) e do Servi\u00e7o Social da Ind\u00fastria (Sesi). O painel\u00a0Mercado Imobili\u00e1rio: Vendas, [&hellip;]<\/p>\n","protected":false},"author":1,"featured_media":23674,"comment_status":"open","ping_status":"open","sticky":false,"template":"","format":"standard","meta":{"_uag_custom_page_level_css":"","footnotes":""},"categories":[30,33],"tags":[26453,2029,3144,7563,26454],"class_list":["post-23673","post","type-post","status-publish","format-standard","has-post-thumbnail","hentry","category-imoveis","category-mercado","tag-98oenic","tag-cbic","tag-crea-sp","tag-mercado-imobiliario","tag-moradias-e-habitacoes"],"blocksy_meta":[],"spectra_blocks_featured_image_url":{"thumbnail":{"url":"https:\/\/construcaocivil.siriusmarketingedesign.com.br\/wp-content\/uploads\/2024\/04\/CBIC-IMOVEIS-150x150.jpg","width":150,"height":150},"medium":{"url":"https:\/\/construcaocivil.siriusmarketingedesign.com.br\/wp-content\/uploads\/2024\/04\/CBIC-IMOVEIS-300x160.jpg","width":300,"height":160},"medium_large":{"url":"https:\/\/construcaocivil.siriusmarketingedesign.com.br\/wp-content\/uploads\/2024\/04\/CBIC-IMOVEIS.jpg","width":706,"height":376},"large":{"url":"https:\/\/construcaocivil.siriusmarketingedesign.com.br\/wp-content\/uploads\/2024\/04\/CBIC-IMOVEIS.jpg","width":706,"height":376},"full":{"url":"https:\/\/construcaocivil.siriusmarketingedesign.com.br\/wp-content\/uploads\/2024\/04\/CBIC-IMOVEIS.jpg","width":706,"height":376}},"spectra_blocks_author_info":{"display_name":"Jornal da Constru\u00e7\u00e3o Civil","avatar_url":"https:\/\/secure.gravatar.com\/avatar\/973c9774fd44ddaceb026973c4962faa70fc512bc4c9da68e8ebb40fecee6540?s=96&d=mm&r=g","author_link":"https:\/\/construcaocivil.siriusmarketingedesign.com.br\/?author=1","description":"Desde de 2013, levando muitas informa\u00e7\u00f5es, lan\u00e7amentos e produtos de qualidade para toda cadeia produtiva da constru\u00e7\u00e3o. O Futuro da constru\u00e7\u00e3o passa por aqui,"},"uagb_featured_image_src":{"full":["https:\/\/construcaocivil.siriusmarketingedesign.com.br\/wp-content\/uploads\/2024\/04\/CBIC-IMOVEIS.jpg",706,376,false],"thumbnail":["https:\/\/construcaocivil.siriusmarketingedesign.com.br\/wp-content\/uploads\/2024\/04\/CBIC-IMOVEIS-150x150.jpg",150,150,true],"medium":["https:\/\/construcaocivil.siriusmarketingedesign.com.br\/wp-content\/uploads\/2024\/04\/CBIC-IMOVEIS-300x160.jpg",300,160,true],"medium_large":["https:\/\/construcaocivil.siriusmarketingedesign.com.br\/wp-content\/uploads\/2024\/04\/CBIC-IMOVEIS.jpg",706,376,false],"large":["https:\/\/construcaocivil.siriusmarketingedesign.com.br\/wp-content\/uploads\/2024\/04\/CBIC-IMOVEIS.jpg",706,376,false],"1536x1536":["https:\/\/construcaocivil.siriusmarketingedesign.com.br\/wp-content\/uploads\/2024\/04\/CBIC-IMOVEIS.jpg",706,376,false],"2048x2048":["https:\/\/construcaocivil.siriusmarketingedesign.com.br\/wp-content\/uploads\/2024\/04\/CBIC-IMOVEIS.jpg",706,376,false]},"uagb_author_info":{"display_name":"Jornal da Constru\u00e7\u00e3o Civil","author_link":"https:\/\/construcaocivil.siriusmarketingedesign.com.br\/?author=1"},"uagb_comment_info":0,"uagb_excerpt":"AG\u00caNCIA CBIC Abril, 2024 &#8211; O debate sobre perspectivas do Mercado Imobili\u00e1rio para 2024 aconteceu durante o 98\u00ba Encontro Nacional da Ind\u00fastria da Constru\u00e7\u00e3o (ENIC), realizado pela C\u00e2mara Brasileira da Ind\u00fastria da Constru\u00e7\u00e3o (CBIC) com o apoio do Servi\u00e7o Nacional de Aprendizagem Industrial (Senai) e do Servi\u00e7o Social da Ind\u00fastria (Sesi). O painel\u00a0Mercado Imobili\u00e1rio: Vendas,&hellip;","_links":{"self":[{"href":"https:\/\/construcaocivil.siriusmarketingedesign.com.br\/index.php?rest_route=\/wp\/v2\/posts\/23673","targetHints":{"allow":["GET"]}}],"collection":[{"href":"https:\/\/construcaocivil.siriusmarketingedesign.com.br\/index.php?rest_route=\/wp\/v2\/posts"}],"about":[{"href":"https:\/\/construcaocivil.siriusmarketingedesign.com.br\/index.php?rest_route=\/wp\/v2\/types\/post"}],"author":[{"embeddable":true,"href":"https:\/\/construcaocivil.siriusmarketingedesign.com.br\/index.php?rest_route=\/wp\/v2\/users\/1"}],"replies":[{"embeddable":true,"href":"https:\/\/construcaocivil.siriusmarketingedesign.com.br\/index.php?rest_route=%2Fwp%2Fv2%2Fcomments&post=23673"}],"version-history":[{"count":0,"href":"https:\/\/construcaocivil.siriusmarketingedesign.com.br\/index.php?rest_route=\/wp\/v2\/posts\/23673\/revisions"}],"wp:featuredmedia":[{"embeddable":true,"href":"https:\/\/construcaocivil.siriusmarketingedesign.com.br\/index.php?rest_route=\/wp\/v2\/media\/23674"}],"wp:attachment":[{"href":"https:\/\/construcaocivil.siriusmarketingedesign.com.br\/index.php?rest_route=%2Fwp%2Fv2%2Fmedia&parent=23673"}],"wp:term":[{"taxonomy":"category","embeddable":true,"href":"https:\/\/construcaocivil.siriusmarketingedesign.com.br\/index.php?rest_route=%2Fwp%2Fv2%2Fcategories&post=23673"},{"taxonomy":"post_tag","embeddable":true,"href":"https:\/\/construcaocivil.siriusmarketingedesign.com.br\/index.php?rest_route=%2Fwp%2Fv2%2Ftags&post=23673"}],"curies":[{"name":"wp","href":"https:\/\/api.w.org\/{rel}","templated":true}]}}