{"id":23677,"date":"2024-04-27T11:42:20","date_gmt":"2024-04-27T14:42:20","guid":{"rendered":"https:\/\/www.jornaldaconstrucaocivil.com.br\/?p=23677"},"modified":"2024-04-27T11:42:20","modified_gmt":"2024-04-27T14:42:20","slug":"despoluicao-das-lagoas-igua-da-inicio-a-dragagem-historica-das-lagoas-na-zona-oeste-do-rio-de-janeiro","status":"publish","type":"post","link":"https:\/\/construcaocivil.siriusmarketingedesign.com.br\/?p=23677","title":{"rendered":"Despolui\u00e7\u00e3o das Lagoas: Igu\u00e1 d\u00e1 in\u00edcio a dragagem hist\u00f3rica das lagoas na Zona Oeste do Rio de Janeiro"},"content":{"rendered":"<p style=\"text-align: justify;\"><span style=\"color: #993300;\"><strong><i>A concession\u00e1ria de saneamento convida toda a sociedade para participar do movimento &#8220;Juntos pela vida das lagoas&#8221;<\/i><\/strong><\/span><\/p>\n<div>\n<p style=\"text-align: justify;\"><strong>Rio de Janeiro, 26 de abril de 2024<\/strong>\u00a0&#8211; A Igu\u00e1, concession\u00e1ria de saneamento b\u00e1sico, vai investir R$ 250 milh\u00f5es na dragagem no Complexo Lagunar da Barra e de Jacarepagu\u00e1, e com o in\u00edcio oficial das obras lan\u00e7a o movimento \u201cJuntos pela vida das lagoas\u201d. Em paralelo \u00e0 interven\u00e7\u00e3o, a concession\u00e1ria promover\u00e1 a conscientiza\u00e7\u00e3o da sociedade sobre a import\u00e2ncia da preserva\u00e7\u00e3o do complexo lagunar e como ela est\u00e1 diretamente ligada a bons h\u00e1bitos que podem ser incorporados no nosso dia a dia. A obra, que t\u00eam dura\u00e7\u00e3o prevista de 36 meses, vai remanejar o equivalente a quase mil piscinas ol\u00edmpicas de sedimentos finos do fundo das lagoas para melhorar a qualidade h\u00eddrica do Complexo Lagunar.<\/p>\n<p style=\"text-align: justify;\">O objetivo principal da interven\u00e7\u00e3o \u00e9 recuperar os canais naturais de conex\u00e3o das lagoas com o mar e os espelhos d\u2019\u00e1gua, que hoje se encontram assoreados, devido a d\u00e9cadas de descarte de lixo e esgoto irregulares. Para otimizar a destina\u00e7\u00e3o do material dragado, a maior parte dele ser\u00e1 usado para o preenchimento de cavidades localizadas em alguns pontos das lagoas. Essas cavidades foram criadas devido a retirada de material usado no processo de urbaniza\u00e7\u00e3o da regi\u00e3o, e hoje dificultam o fluxo de \u00e1gua e acumulam material org\u00e2nico, que entra em processo de decomposi\u00e7\u00e3o e causa o mau cheiro no local.<\/p>\n<p style=\"text-align: justify;\">Outra parte do material dragado ser\u00e1 aproveitado para criar tr\u00eas novos espa\u00e7os de manguezal. A Igu\u00e1 planeja, ao longo de toda a interven\u00e7\u00e3o, recuperar mais de 3 km de margens da Lagoa da Tijuca e plantar cerca de 165 mil mudas de esp\u00e9cies nativas, colaborando com o equil\u00edbrio do ecossistema da regi\u00e3o. As novas mudas v\u00e3o se unir aos quatro hectares de manguezal recuperados pela concession\u00e1ria desde 2021, com 50 mil mudas plantadas e outras 30 mil que j\u00e1 est\u00e3o sendo cultivadas.<\/p>\n<p style=\"text-align: justify;\">\u201cO principal objetivo da dragagem \u00e9 o restabelecimento do fluxo de \u00e1gua das lagoas. Por conta do assoreamento, hoje algumas partes das lagoas possuem apenas 30 cm de profundidade e isso dificulta essa troca com o oceano, o que \u00e9 o natural. Essa obra \u00e9 um dos grandes legados que a Igu\u00e1 vai deixar para a toda a cidade. Estamos dando in\u00edcio a um evento hist\u00f3rico\u201d, comenta Lucas Arrosti, Diretor de Opera\u00e7\u00f5es da Igu\u00e1 no Rio de Janeiro.<\/p>\n<p style=\"text-align: justify;\">A dragagem \u00e9 o pontap\u00e9 inicial para um processo de revitaliza\u00e7\u00e3o do Complexo Lagunar e come\u00e7ar\u00e1 na Lagoa da Tijuca, nas proximidades do Condom\u00ednio Pen\u00ednsula. Por l\u00e1, os equipamentos ficar\u00e3o por cerca de 24 meses. Ao longo dos pr\u00f3ximos tr\u00eas anos, a dragagem passar\u00e1 ainda pelas Lagoas de Jacarepagu\u00e1, do Camorim e pelos Canais de Marapendi e Joatinga. A concession\u00e1ria vem realizando encontros com atores estrat\u00e9gicos da sociedade civil para apresentar o projeto e criou um site para atualizar a popula\u00e7\u00e3o, dispon\u00edvel em:\u00a0<a href=\"http:\/\/www.juntospelavidadaslagoas.igua.com.br\/\" target=\"_blank\" rel=\"noopener noreferrer\">www.juntospelavidadaslagoas.igua.com.br.<\/a><\/p>\n<p style=\"text-align: justify;\">A iniciativa \u201cJuntos pela Vida das Lagoas\u201d engloba, al\u00e9m da obra de dragagem, uma s\u00e9rie de a\u00e7\u00f5es da concession\u00e1ria que v\u00e3o contribuir para a redu\u00e7\u00e3o do volume de esgoto e sedimentos lan\u00e7ados de forma irregular nas \u00e1guas da regi\u00e3o. Entre elas est\u00e3o a implementa\u00e7\u00e3o dos Coletores de Tempo Seco (CTS), dispositivos que interceptam o esgoto despejado nas galerias de \u00e1gua da chuva, destinando para a rede coletora formal, e a expans\u00e3o de rede coletora de esgoto em v\u00e1rios pontos de sua \u00e1rea de concess\u00e3o.<\/p>\n<p style=\"text-align: justify;\">\u201cA dragagem \u00e9 uma importante etapa dentro de um conjunto de a\u00e7\u00f5es que estamos executando. Mas, o sucesso da revitaliza\u00e7\u00e3o do complexo lagunar depende de um esfor\u00e7o coletivo. \u00c9 preciso uma mudan\u00e7a de comportamento, desde a necessidade da conex\u00e3o correta \u00e0s redes de esgoto ao consumo consciente e descarte correto de lixo.\u00a0 Em apenas dois anos atuando no complexo lagunar, retiramos quase 200 toneladas de lixo, entre pneus, eletrodom\u00e9sticos, brinquedos e muito pl\u00e1stico. \u00c9 um n\u00famero assustador em um espa\u00e7o t\u00e3o curto de tempo\u201d, refor\u00e7a Lucas Arrosti.<\/p>\n<\/div>\n","protected":false},"excerpt":{"rendered":"<p>A concession\u00e1ria de saneamento convida toda a sociedade para participar do movimento &#8220;Juntos pela vida das lagoas&#8221; Rio de Janeiro, 26 de abril de 2024\u00a0&#8211; A Igu\u00e1, concession\u00e1ria de saneamento b\u00e1sico, vai investir R$ 250 milh\u00f5es na dragagem no Complexo Lagunar da Barra e de Jacarepagu\u00e1, e com o in\u00edcio oficial das obras lan\u00e7a o [&hellip;]<\/p>\n","protected":false},"author":1,"featured_media":23678,"comment_status":"open","ping_status":"open","sticky":false,"template":"","format":"standard","meta":{"_uag_custom_page_level_css":"","footnotes":""},"categories":[37],"tags":[26455,26456,26457,21869,26458,10601,14276],"class_list":["post-23677","post","type-post","status-publish","format-standard","has-post-thumbnail","hentry","category-sustentabilidade","tag-agua-limpa","tag-barra-e-jacarepagua","tag-dragagem-das-lagoas-da-barra-e-jacarepagua","tag-igua-saneamento","tag-obras-de-dragagem","tag-saneamento-e-esgoto","tag-zona-oeste-rj"],"blocksy_meta":[],"spectra_blocks_featured_image_url":{"thumbnail":{"url":"https:\/\/construcaocivil.siriusmarketingedesign.com.br\/wp-content\/uploads\/2024\/04\/Igua-Lancamento-obra-dragagem-maquinario-2-150x150.jpg","width":150,"height":150},"medium":{"url":"https:\/\/construcaocivil.siriusmarketingedesign.com.br\/wp-content\/uploads\/2024\/04\/Igua-Lancamento-obra-dragagem-maquinario-2-300x225.jpg","width":300,"height":225},"medium_large":{"url":"https:\/\/construcaocivil.siriusmarketingedesign.com.br\/wp-content\/uploads\/2024\/04\/Igua-Lancamento-obra-dragagem-maquinario-2-768x575.jpg","width":768,"height":575},"large":{"url":"https:\/\/construcaocivil.siriusmarketingedesign.com.br\/wp-content\/uploads\/2024\/04\/Igua-Lancamento-obra-dragagem-maquinario-2-1024x767.jpg","width":1024,"height":767},"full":{"url":"https:\/\/construcaocivil.siriusmarketingedesign.com.br\/wp-content\/uploads\/2024\/04\/Igua-Lancamento-obra-dragagem-maquinario-2-scaled.jpg","width":2560,"height":1918}},"spectra_blocks_author_info":{"display_name":"Jornal da Constru\u00e7\u00e3o Civil","avatar_url":"https:\/\/secure.gravatar.com\/avatar\/973c9774fd44ddaceb026973c4962faa70fc512bc4c9da68e8ebb40fecee6540?s=96&d=mm&r=g","author_link":"https:\/\/construcaocivil.siriusmarketingedesign.com.br\/?author=1","description":"Desde de 2013, levando muitas informa\u00e7\u00f5es, lan\u00e7amentos e produtos de qualidade para toda cadeia produtiva da constru\u00e7\u00e3o. O Futuro da constru\u00e7\u00e3o passa por aqui,"},"uagb_featured_image_src":{"full":["https:\/\/construcaocivil.siriusmarketingedesign.com.br\/wp-content\/uploads\/2024\/04\/Igua-Lancamento-obra-dragagem-maquinario-2-scaled.jpg",2560,1918,false],"thumbnail":["https:\/\/construcaocivil.siriusmarketingedesign.com.br\/wp-content\/uploads\/2024\/04\/Igua-Lancamento-obra-dragagem-maquinario-2-150x150.jpg",150,150,true],"medium":["https:\/\/construcaocivil.siriusmarketingedesign.com.br\/wp-content\/uploads\/2024\/04\/Igua-Lancamento-obra-dragagem-maquinario-2-300x225.jpg",300,225,true],"medium_large":["https:\/\/construcaocivil.siriusmarketingedesign.com.br\/wp-content\/uploads\/2024\/04\/Igua-Lancamento-obra-dragagem-maquinario-2-768x575.jpg",768,575,true],"large":["https:\/\/construcaocivil.siriusmarketingedesign.com.br\/wp-content\/uploads\/2024\/04\/Igua-Lancamento-obra-dragagem-maquinario-2-1024x767.jpg",1024,767,true],"1536x1536":["https:\/\/construcaocivil.siriusmarketingedesign.com.br\/wp-content\/uploads\/2024\/04\/Igua-Lancamento-obra-dragagem-maquinario-2-1536x1151.jpg",1536,1151,true],"2048x2048":["https:\/\/construcaocivil.siriusmarketingedesign.com.br\/wp-content\/uploads\/2024\/04\/Igua-Lancamento-obra-dragagem-maquinario-2-2048x1534.jpg",2048,1534,true]},"uagb_author_info":{"display_name":"Jornal da Constru\u00e7\u00e3o Civil","author_link":"https:\/\/construcaocivil.siriusmarketingedesign.com.br\/?author=1"},"uagb_comment_info":0,"uagb_excerpt":"A concession\u00e1ria de saneamento convida toda a sociedade para participar do movimento &#8220;Juntos pela vida das lagoas&#8221; Rio de Janeiro, 26 de abril de 2024\u00a0&#8211; A Igu\u00e1, concession\u00e1ria de saneamento b\u00e1sico, vai investir R$ 250 milh\u00f5es na dragagem no Complexo Lagunar da Barra e de Jacarepagu\u00e1, e com o in\u00edcio oficial das obras lan\u00e7a o&hellip;","_links":{"self":[{"href":"https:\/\/construcaocivil.siriusmarketingedesign.com.br\/index.php?rest_route=\/wp\/v2\/posts\/23677","targetHints":{"allow":["GET"]}}],"collection":[{"href":"https:\/\/construcaocivil.siriusmarketingedesign.com.br\/index.php?rest_route=\/wp\/v2\/posts"}],"about":[{"href":"https:\/\/construcaocivil.siriusmarketingedesign.com.br\/index.php?rest_route=\/wp\/v2\/types\/post"}],"author":[{"embeddable":true,"href":"https:\/\/construcaocivil.siriusmarketingedesign.com.br\/index.php?rest_route=\/wp\/v2\/users\/1"}],"replies":[{"embeddable":true,"href":"https:\/\/construcaocivil.siriusmarketingedesign.com.br\/index.php?rest_route=%2Fwp%2Fv2%2Fcomments&post=23677"}],"version-history":[{"count":0,"href":"https:\/\/construcaocivil.siriusmarketingedesign.com.br\/index.php?rest_route=\/wp\/v2\/posts\/23677\/revisions"}],"wp:featuredmedia":[{"embeddable":true,"href":"https:\/\/construcaocivil.siriusmarketingedesign.com.br\/index.php?rest_route=\/wp\/v2\/media\/23678"}],"wp:attachment":[{"href":"https:\/\/construcaocivil.siriusmarketingedesign.com.br\/index.php?rest_route=%2Fwp%2Fv2%2Fmedia&parent=23677"}],"wp:term":[{"taxonomy":"category","embeddable":true,"href":"https:\/\/construcaocivil.siriusmarketingedesign.com.br\/index.php?rest_route=%2Fwp%2Fv2%2Fcategories&post=23677"},{"taxonomy":"post_tag","embeddable":true,"href":"https:\/\/construcaocivil.siriusmarketingedesign.com.br\/index.php?rest_route=%2Fwp%2Fv2%2Ftags&post=23677"}],"curies":[{"name":"wp","href":"https:\/\/api.w.org\/{rel}","templated":true}]}}