{"id":23689,"date":"2024-04-29T14:40:58","date_gmt":"2024-04-29T17:40:58","guid":{"rendered":"https:\/\/www.jornaldaconstrucaocivil.com.br\/?p=23689"},"modified":"2024-04-29T15:30:46","modified_gmt":"2024-04-29T18:30:46","slug":"rental-em-alta-grupo-vamos-apresenta-locacao-de-maquinas-para-construcao-e-mineracao-para-clientes-nacionais-e-estrangeiros","status":"publish","type":"post","link":"https:\/\/construcaocivil.siriusmarketingedesign.com.br\/?p=23689","title":{"rendered":"Rental em alta: Grupo Vamos apresenta loca\u00e7\u00e3o de m\u00e1quinas para constru\u00e7\u00e3o e minera\u00e7\u00e3o para clientes nacionais e estrangeiros"},"content":{"rendered":"<p style=\"text-align: justify;\"><em><strong>Em sua estreia na feira, a Companhia apresentaou um portf\u00f3lio de m\u00e1quinas e equipamentos das marcas Komatsu e Manitou, al\u00e9m de produtos e servi\u00e7os da HM Empilhadeiras e Truckvan<\/strong><\/em><\/p>\n<p style=\"text-align: justify;\">Abril de 2024 \u2013 L\u00edder nacional em loca\u00e7\u00e3o de caminh\u00f5es, m\u00e1quinas e equipamentos, a <strong>Vamos<\/strong> levou seu pioneirismo e expertise na gest\u00e3o de ativos pesados \u00e0 <strong>M&amp;T Expo<\/strong> <strong>2024<\/strong>, que ocorreu de 23 a 26 de abril em S\u00e3o Paulo (SP). A Companhia participou com a divis\u00e3o de aluguel, mas apresentou todo o seu ecossistema de solu\u00e7\u00f5es para renova\u00e7\u00e3o e amplia\u00e7\u00e3o da frota, que mescla loca\u00e7\u00e3o, compra, venda e troca.<\/p>\n<p style=\"text-align: justify;\">Essa foi a <strong>estreia da Vamos na maior feira de maquin\u00e1rio para os setores de constru\u00e7\u00e3o e minera\u00e7\u00e3o da Am\u00e9rica Latina<\/strong>. A participa\u00e7\u00e3o no evento foi estrat\u00e9gica, pois, a Companhia atende empresas que atuam em obras de constru\u00e7\u00e3o, minera\u00e7\u00e3o, infraestrutura, terraplenagem, movimenta\u00e7\u00e3o, dentre outros setores, como o agroneg\u00f3cio, que demandam ativos pesados.<\/p>\n<p><iframe loading=\"lazy\" title=\"Rental em alta: Grupo Vamos acelera produtos da linha amarela no setor de constru\u00e7\u00e3o e minera\u00e7\u00e3o\" width=\"1290\" height=\"726\" src=\"https:\/\/www.youtube.com\/embed\/Y1KdTHUZh6U?feature=oembed\" frameborder=\"0\" allow=\"accelerometer; autoplay; clipboard-write; encrypted-media; gyroscope; picture-in-picture; web-share\" referrerpolicy=\"strict-origin-when-cross-origin\" allowfullscreen><\/iframe><\/p>\n<p>&nbsp;<\/p>\n<p style=\"text-align: justify;\">Ao longo da M&amp;T Expo, a Vamos deu destaque ao seu <strong>portf\u00f3lio de linha amarela<\/strong> com a exposi\u00e7\u00e3o de uma <strong>escavadeira hidr\u00e1ulica PC500 da Komatsu<\/strong>, <strong>minicarregadeira da Manitou<\/strong> e <strong>empilhadeira Toyota 8FBN25<\/strong> da <strong>HM Empilhadeiras<\/strong>, empresa adquirida em 2021 e que atua na loca\u00e7\u00e3o, venda e presta\u00e7\u00e3o de servi\u00e7os de equipamentos para movimenta\u00e7\u00e3o de cargas.<\/p>\n<p style=\"text-align: justify;\">\u201c<em>Nos \u00faltimos dois anos, investimos cerca de R$ 600 milh\u00f5es em equipamentos de linha amarela para loca\u00e7\u00e3o. Isso mostra o quanto acreditamos no segmento e na sua relev\u00e2ncia para a constru\u00e7\u00e3o, minera\u00e7\u00e3o e agroneg\u00f3cio, setores chave da economia e que demandam maquin\u00e1rio de alta performance para grandes movimenta\u00e7\u00f5es de terra e cargas. Em nossa estreia na M&amp;T Expo, mostramos como esses mercados podem se beneficiar da loca\u00e7\u00e3o para acessar m\u00e1quinas com tecnologia de ponta e qualidade reconhecida com melhor aloca\u00e7\u00e3o de capital e, concomitantemente, ganho de efici\u00eancia operacional<\/em>\u201d, conta Jos\u00e9 Geraldo Jr., diretor executivo comercial da Vamos.<\/p>\n<p style=\"text-align: justify;\">No estande da marca, localizado na \u00e1rea externa da feira, os visitantes ganharam <strong>brindes exclusivos<\/strong> em uma m\u00e1quina de garra e caf\u00e9 personalizado. Al\u00e9m disso, o espa\u00e7o da Vamos foi uma unidade m\u00f3vel produzida e customizada pela <strong>Truckvan<\/strong>, empresa que faz parte do ecossistema Vamos desde 2022. Al\u00e9m de produzir unidades m\u00f3veis para diversas finalidades, a Truckvan \u00e9 reconhecida como uma das maiores fabricantes de implementos rodovi\u00e1rios do Brasil e comp\u00f5e o extenso portf\u00f3lio de produtos, servi\u00e7os e solu\u00e7\u00f5es da Vamos.<\/p>\n<p style=\"text-align: justify;\">Com capilaridade nacional, al\u00e9m do neg\u00f3cio de loca\u00e7\u00e3o, a Vamos tamb\u00e9m possui seis concession\u00e1rias Komatsu espalhadas pelas regi\u00f5es Centro-Oeste, Sudeste e Sul. A Companhia tamb\u00e9m mant\u00e9m quatro lojas da HM Empilhadeiras distribu\u00eddas entre S\u00e3o Paulo e Minas Gerais.<\/p>\n<p style=\"text-align: justify;\">\n","protected":false},"excerpt":{"rendered":"<p>Em sua estreia na feira, a Companhia apresentaou um portf\u00f3lio de m\u00e1quinas e equipamentos das marcas Komatsu e Manitou, al\u00e9m de produtos e servi\u00e7os da HM Empilhadeiras e Truckvan Abril de 2024 \u2013 L\u00edder nacional em loca\u00e7\u00e3o de caminh\u00f5es, m\u00e1quinas e equipamentos, a Vamos levou seu pioneirismo e expertise na gest\u00e3o de ativos pesados \u00e0 [&hellip;]<\/p>\n","protected":false},"author":1,"featured_media":23694,"comment_status":"open","ping_status":"open","sticky":false,"template":"","format":"standard","meta":{"_uag_custom_page_level_css":"","footnotes":""},"categories":[32],"tags":[26466,23820,19295,26417,7167,8757,26465],"class_list":["post-23689","post","type-post","status-publish","format-standard","has-post-thumbnail","hentry","category-maquinas-e-equipamentos","tag-aluguel-de-retroescavadeiras","tag-grupo-vamos","tag-komatsu","tag-mt-expo-2024","tag-manitou","tag-pecas-e-servicos","tag-rental-maquinas-para-construcao"],"blocksy_meta":[],"spectra_blocks_featured_image_url":{"thumbnail":{"url":"https:\/\/construcaocivil.siriusmarketingedesign.com.br\/wp-content\/uploads\/2024\/04\/GRUPO-Vamos-OK-B-2-150x150.jpg","width":150,"height":150},"medium":{"url":"https:\/\/construcaocivil.siriusmarketingedesign.com.br\/wp-content\/uploads\/2024\/04\/GRUPO-Vamos-OK-B-2-234x300.jpg","width":234,"height":300},"medium_large":{"url":"https:\/\/construcaocivil.siriusmarketingedesign.com.br\/wp-content\/uploads\/2024\/04\/GRUPO-Vamos-OK-B-2.jpg","width":482,"height":618},"large":{"url":"https:\/\/construcaocivil.siriusmarketingedesign.com.br\/wp-content\/uploads\/2024\/04\/GRUPO-Vamos-OK-B-2.jpg","width":482,"height":618},"full":{"url":"https:\/\/construcaocivil.siriusmarketingedesign.com.br\/wp-content\/uploads\/2024\/04\/GRUPO-Vamos-OK-B-2.jpg","width":482,"height":618}},"spectra_blocks_author_info":{"display_name":"Jornal da Constru\u00e7\u00e3o Civil","avatar_url":"https:\/\/secure.gravatar.com\/avatar\/973c9774fd44ddaceb026973c4962faa70fc512bc4c9da68e8ebb40fecee6540?s=96&d=mm&r=g","author_link":"https:\/\/construcaocivil.siriusmarketingedesign.com.br\/?author=1","description":"Desde de 2013, levando muitas informa\u00e7\u00f5es, lan\u00e7amentos e produtos de qualidade para toda cadeia produtiva da constru\u00e7\u00e3o. O Futuro da constru\u00e7\u00e3o passa por aqui,"},"uagb_featured_image_src":{"full":["https:\/\/construcaocivil.siriusmarketingedesign.com.br\/wp-content\/uploads\/2024\/04\/GRUPO-Vamos-OK-B-2.jpg",482,618,false],"thumbnail":["https:\/\/construcaocivil.siriusmarketingedesign.com.br\/wp-content\/uploads\/2024\/04\/GRUPO-Vamos-OK-B-2-150x150.jpg",150,150,true],"medium":["https:\/\/construcaocivil.siriusmarketingedesign.com.br\/wp-content\/uploads\/2024\/04\/GRUPO-Vamos-OK-B-2-234x300.jpg",234,300,true],"medium_large":["https:\/\/construcaocivil.siriusmarketingedesign.com.br\/wp-content\/uploads\/2024\/04\/GRUPO-Vamos-OK-B-2.jpg",482,618,false],"large":["https:\/\/construcaocivil.siriusmarketingedesign.com.br\/wp-content\/uploads\/2024\/04\/GRUPO-Vamos-OK-B-2.jpg",482,618,false],"1536x1536":["https:\/\/construcaocivil.siriusmarketingedesign.com.br\/wp-content\/uploads\/2024\/04\/GRUPO-Vamos-OK-B-2.jpg",482,618,false],"2048x2048":["https:\/\/construcaocivil.siriusmarketingedesign.com.br\/wp-content\/uploads\/2024\/04\/GRUPO-Vamos-OK-B-2.jpg",482,618,false]},"uagb_author_info":{"display_name":"Jornal da Constru\u00e7\u00e3o Civil","author_link":"https:\/\/construcaocivil.siriusmarketingedesign.com.br\/?author=1"},"uagb_comment_info":0,"uagb_excerpt":"Em sua estreia na feira, a Companhia apresentaou um portf\u00f3lio de m\u00e1quinas e equipamentos das marcas Komatsu e Manitou, al\u00e9m de produtos e servi\u00e7os da HM Empilhadeiras e Truckvan Abril de 2024 \u2013 L\u00edder nacional em loca\u00e7\u00e3o de caminh\u00f5es, m\u00e1quinas e equipamentos, a Vamos levou seu pioneirismo e expertise na gest\u00e3o de ativos pesados \u00e0&hellip;","_links":{"self":[{"href":"https:\/\/construcaocivil.siriusmarketingedesign.com.br\/index.php?rest_route=\/wp\/v2\/posts\/23689","targetHints":{"allow":["GET"]}}],"collection":[{"href":"https:\/\/construcaocivil.siriusmarketingedesign.com.br\/index.php?rest_route=\/wp\/v2\/posts"}],"about":[{"href":"https:\/\/construcaocivil.siriusmarketingedesign.com.br\/index.php?rest_route=\/wp\/v2\/types\/post"}],"author":[{"embeddable":true,"href":"https:\/\/construcaocivil.siriusmarketingedesign.com.br\/index.php?rest_route=\/wp\/v2\/users\/1"}],"replies":[{"embeddable":true,"href":"https:\/\/construcaocivil.siriusmarketingedesign.com.br\/index.php?rest_route=%2Fwp%2Fv2%2Fcomments&post=23689"}],"version-history":[{"count":0,"href":"https:\/\/construcaocivil.siriusmarketingedesign.com.br\/index.php?rest_route=\/wp\/v2\/posts\/23689\/revisions"}],"wp:featuredmedia":[{"embeddable":true,"href":"https:\/\/construcaocivil.siriusmarketingedesign.com.br\/index.php?rest_route=\/wp\/v2\/media\/23694"}],"wp:attachment":[{"href":"https:\/\/construcaocivil.siriusmarketingedesign.com.br\/index.php?rest_route=%2Fwp%2Fv2%2Fmedia&parent=23689"}],"wp:term":[{"taxonomy":"category","embeddable":true,"href":"https:\/\/construcaocivil.siriusmarketingedesign.com.br\/index.php?rest_route=%2Fwp%2Fv2%2Fcategories&post=23689"},{"taxonomy":"post_tag","embeddable":true,"href":"https:\/\/construcaocivil.siriusmarketingedesign.com.br\/index.php?rest_route=%2Fwp%2Fv2%2Ftags&post=23689"}],"curies":[{"name":"wp","href":"https:\/\/api.w.org\/{rel}","templated":true}]}}