{"id":2373,"date":"2016-06-30T20:09:55","date_gmt":"2016-06-30T20:09:55","guid":{"rendered":"http:\/\/www.jornaldaconstrucaocivil.com.br\/?p=2373"},"modified":"2016-06-30T20:09:55","modified_gmt":"2016-06-30T20:09:55","slug":"resende-inicia-a-implantacao-do-seu-parque-tecnologico","status":"publish","type":"post","link":"https:\/\/construcaocivil.siriusmarketingedesign.com.br\/?p=2373","title":{"rendered":"Resende inicia a implanta\u00e7\u00e3o do seu Parque Tecnol\u00f3gico"},"content":{"rendered":"<p><span style=\"color: #000080;\"><strong>Projeto \u00e9 uma parceria entre a Prefeitura e a\u00a0UERJ e conta com apoio de empresas da regi\u00e3o<\/strong><\/span><\/p>\n<p><span style=\"color: #000000;\"><strong>Junho, 2016<\/strong> &#8211; Resende deu o passo inicial para a implanta\u00e7\u00e3o de um Parque Tecnol\u00f3gico que ir\u00e1 beneficiar n\u00e3o s\u00f3 ao munic\u00edpio, mas a Regi\u00e3o das Agulhas Negras. O projeto, denominado \u201cParque Tecnol\u00f3gico Sul Fluminense (RIOSULTEC)\u201d, elaborado pela UERJ (Universidade Estadual do Rio de Janeiro), com o apoio da Prefeitura, por meio da Secretaria Municipal de Ind\u00fastria, Tecnologia e Servi\u00e7os, foi aprovado pela Funda\u00e7\u00e3o Carlos Chagas Filho de Amparo \u00e0 Pesquisa do Estado do Rio de Janeiro (FAPERJ), que abriu edital com esta finalidade em 2015.<\/span><\/p>\n<figure id=\"attachment_2374\" aria-describedby=\"caption-attachment-2374\" style=\"width: 300px\" class=\"wp-caption alignleft\"><a href=\"http:\/\/www.jornaldaconstrucaocivil.com.br\/wp-content\/uploads\/2016\/06\/OK-Parceria-Prefeitura-e-UERJ-Parque-Tecnol\u00f3gico-Foto-Jorge-Trindade.jpg\"><img loading=\"lazy\" decoding=\"async\" class=\"wp-image-2374 size-medium\" src=\"http:\/\/www.jornaldaconstrucaocivil.com.br\/wp-content\/uploads\/2016\/06\/OK-Parceria-Prefeitura-e-UERJ-Parque-Tecnol\u00f3gico-Foto-Jorge-Trindade-300x199.jpg\" alt=\"OK Parceria Prefeitura e UERJ Parque Tecnol\u00f3gico - Foto Jorge Trindade\" width=\"300\" height=\"199\" \/><\/a><figcaption id=\"caption-attachment-2374\" class=\"wp-caption-text\"><span style=\"color: #993300;\"> Parceria Prefeitura e UERJ Parque Tecnol\u00f3gico &#8211;<span style=\"color: #000080;\"> Foto Jorge Trindade.<\/span><\/span><\/figcaption><\/figure>\n<p><span style=\"color: #000000;\">De acordo com o secret\u00e1rio da pasta, Jayme Muniz, a Prefeitura conseguiu o apoio da maioria das empresas e entidades instaladas na regi\u00e3o e das demais prefeituras, que emitiram cartas de apoio ao projeto, dando o aval necess\u00e1rio para que o parque se torne uma realidade.<\/span><\/p>\n<p><span style=\"color: #000000;\">&#8211; N\u00f3s visitamos todas as empresas explicando a import\u00e2ncia de termos em nossa regi\u00e3o um Parque Tecnol\u00f3gico e obtivemos o apoio necess\u00e1rio. A UERJ disp\u00f5e de uma \u00e1rea de 100 mil metros quadrados para a cria\u00e7\u00e3o desse parque, que permitir\u00e1 \u00e0s empresas instaladas em nossa regi\u00e3o realizarem suas pesquisas com um custo operacional baixo. Al\u00e9m disso, podemos atrair novas empresas para desenvolverem suas pesquisas no parque, o que representa um aporte consider\u00e1vel de recursos &#8211; explicou Jayme Muniz, destacando que em contrapartida, a Prefeitura est\u00e1 se comprometendo a melhorar o acesso \u00e0 universidade, instalada na entrada no Polo Industrial de Resende.<\/span><\/p>\n<p><span style=\"color: #000000;\">Segundo o professor Luiz Carlos Cordeiro J\u00fanior e a professora Carin von M\u00fchlen, que juntos integram o Centro de Desenvolvimento e Inova\u00e7\u00e3o Tecnol\u00f3gico (CDIT) da UERJ, s\u00e3o v\u00e1rias as vantagens de um parque tecnol\u00f3gico como a possibilidade de parceria entre a universidade e empresas para a instala\u00e7\u00e3o e uso de laborat\u00f3rios compartilhados para pesquisas cient\u00edficas, desenvolvimento de tecnologia e inova\u00e7\u00e3o; desenvolvimento de incubadoras de empresas e novos neg\u00f3cios \u2013 sendo que a UERJ j\u00e1 disp\u00f5e hoje de uma incubadora de empresas.<\/span><\/p>\n<p><span style=\"color: #000000;\">Al\u00e9m disso, a UERJ disp\u00f5e tamb\u00e9m de uma \u00e1rea adequada e com infraestrutura para atividades conjuntas, servi\u00e7os de apoio \u00e0s atividades do parque, como servi\u00e7os jur\u00eddicos especializados e servi\u00e7os integrados com as entidades de classe empresarial, entre outras.<\/span><\/p>\n<p><span style=\"color: #000000;\">Luiz Carlos explicou que o valor do projeto submetido \u00e0 aprova\u00e7\u00e3o \u00e9 de R$ 2 milh\u00f5es \u2013 valor que ser\u00e1 analisado pela FAPERJ a fim de determinar o montante do recurso a ser liberado. Inicialmente ser\u00e3o implantadas duas atividades espec\u00edficas para serem desenvolvidas ao longo de dois anos na UERJ.<\/span><\/p>\n<p><span style=\"color: #000000;\">A primeira \u00e9 um Centro das \u00c1guas, que ter\u00e1 foco na sustentabilidade e permitir\u00e1, entre outras coisas, a an\u00e1lise da portabilidade da \u00e1gua, podendo atender tanto as empresas quanto a comunidade, que atualmente t\u00eam que contratar o servi\u00e7o fora. O segundo \u00e9 um Centro de Durabilidade Avan\u00e7ada, com o objetivo de desenvolver testes de pequenos componentes e an\u00e1lises mec\u00e2nicas, podendo atender principalmente \u00e0s ind\u00fastrias automotivas.<\/span><\/p>\n<p><span style=\"color: #000000;\">A expectativa da UERJ e da Prefeitura \u00e9 que ao final desses dois anos a FAPERJ libere um aporte de recurso maior para a conclus\u00e3o da implanta\u00e7\u00e3o do Parque Tecnol\u00f3gico, que s\u00e3o definidos pela Funda\u00e7\u00e3o como<em> \u201ccomplexos organizacionais de car\u00e1ter cient\u00edfico e tecnol\u00f3gico, estruturados de forma planejada, concentrada e cooperativa, que agregam empresas com produ\u00e7\u00f5es que se fundamentam em pesquisas tecnol\u00f3gicas e que sejam promotoras da cultura da inova\u00e7\u00e3o, da competitividade industrial e da maior capacita\u00e7\u00e3o empresarial, com vistas ao incremento da gera\u00e7\u00e3o de riqueza ou inclus\u00e3o social, dentro da<\/em><span style=\"color: #800080;\"> Lei de Inova\u00e7\u00e3o\/RJ \u2013 5.361\/2008\u201d<\/span>.<\/span><\/p>\n<p>Fonte: ASCOM\/Prefeitura de Resende-RJ<\/p>\n","protected":false},"excerpt":{"rendered":"<p>Projeto \u00e9 uma parceria entre a Prefeitura e a\u00a0UERJ e conta com apoio de empresas da regi\u00e3o Junho, 2016 &#8211; Resende deu o passo inicial para a implanta\u00e7\u00e3o de um Parque Tecnol\u00f3gico que ir\u00e1 beneficiar n\u00e3o s\u00f3 ao munic\u00edpio, mas a Regi\u00e3o das Agulhas Negras. O projeto, denominado \u201cParque Tecnol\u00f3gico Sul Fluminense (RIOSULTEC)\u201d, elaborado pela [&hellip;]<\/p>\n","protected":false},"author":1,"featured_media":2374,"comment_status":"open","ping_status":"open","sticky":false,"template":"","format":"standard","meta":{"_uag_custom_page_level_css":"","footnotes":""},"categories":[27],"tags":[3529,4873,6134,6486,8686,10215,10414,11441,11593,12026],"class_list":["post-2373","post","type-post","status-publish","format-standard","has-post-thumbnail","hentry","category-acontece","tag-desenvolvimento-tecnologico","tag-faperj","tag-inovacao-e-criacao","tag-jayme-muniz-secretaria-municipal-de-industria","tag-parque-tecnologico","tag-resende-rj","tag-riosultec","tag-sul-fluminense","tag-tecnologia-e-servicos","tag-uerj"],"blocksy_meta":[],"spectra_blocks_featured_image_url":[],"spectra_blocks_author_info":{"display_name":"Jornal da Constru\u00e7\u00e3o Civil","avatar_url":"https:\/\/secure.gravatar.com\/avatar\/973c9774fd44ddaceb026973c4962faa70fc512bc4c9da68e8ebb40fecee6540?s=96&d=mm&r=g","author_link":"https:\/\/construcaocivil.siriusmarketingedesign.com.br\/?author=1","description":"Desde de 2013, levando muitas informa\u00e7\u00f5es, lan\u00e7amentos e produtos de qualidade para toda cadeia produtiva da constru\u00e7\u00e3o. O Futuro da constru\u00e7\u00e3o passa por aqui,"},"uagb_featured_image_src":{"full":false,"thumbnail":false,"medium":false,"medium_large":false,"large":false,"1536x1536":false,"2048x2048":false},"uagb_author_info":{"display_name":"Jornal da Constru\u00e7\u00e3o Civil","author_link":"https:\/\/construcaocivil.siriusmarketingedesign.com.br\/?author=1"},"uagb_comment_info":0,"uagb_excerpt":"Projeto \u00e9 uma parceria entre a Prefeitura e a\u00a0UERJ e conta com apoio de empresas da regi\u00e3o Junho, 2016 &#8211; Resende deu o passo inicial para a implanta\u00e7\u00e3o de um Parque Tecnol\u00f3gico que ir\u00e1 beneficiar n\u00e3o s\u00f3 ao munic\u00edpio, mas a Regi\u00e3o das Agulhas Negras. O projeto, denominado \u201cParque Tecnol\u00f3gico Sul Fluminense (RIOSULTEC)\u201d, elaborado pela&hellip;","_links":{"self":[{"href":"https:\/\/construcaocivil.siriusmarketingedesign.com.br\/index.php?rest_route=\/wp\/v2\/posts\/2373","targetHints":{"allow":["GET"]}}],"collection":[{"href":"https:\/\/construcaocivil.siriusmarketingedesign.com.br\/index.php?rest_route=\/wp\/v2\/posts"}],"about":[{"href":"https:\/\/construcaocivil.siriusmarketingedesign.com.br\/index.php?rest_route=\/wp\/v2\/types\/post"}],"author":[{"embeddable":true,"href":"https:\/\/construcaocivil.siriusmarketingedesign.com.br\/index.php?rest_route=\/wp\/v2\/users\/1"}],"replies":[{"embeddable":true,"href":"https:\/\/construcaocivil.siriusmarketingedesign.com.br\/index.php?rest_route=%2Fwp%2Fv2%2Fcomments&post=2373"}],"version-history":[{"count":0,"href":"https:\/\/construcaocivil.siriusmarketingedesign.com.br\/index.php?rest_route=\/wp\/v2\/posts\/2373\/revisions"}],"wp:attachment":[{"href":"https:\/\/construcaocivil.siriusmarketingedesign.com.br\/index.php?rest_route=%2Fwp%2Fv2%2Fmedia&parent=2373"}],"wp:term":[{"taxonomy":"category","embeddable":true,"href":"https:\/\/construcaocivil.siriusmarketingedesign.com.br\/index.php?rest_route=%2Fwp%2Fv2%2Fcategories&post=2373"},{"taxonomy":"post_tag","embeddable":true,"href":"https:\/\/construcaocivil.siriusmarketingedesign.com.br\/index.php?rest_route=%2Fwp%2Fv2%2Ftags&post=2373"}],"curies":[{"name":"wp","href":"https:\/\/api.w.org\/{rel}","templated":true}]}}