{"id":23755,"date":"2024-05-13T15:04:11","date_gmt":"2024-05-13T18:04:11","guid":{"rendered":"https:\/\/www.jornaldaconstrucaocivil.com.br\/?p=23755"},"modified":"2024-05-13T15:04:11","modified_gmt":"2024-05-13T18:04:11","slug":"mdf-em-destaque-placas-do-brasil-lanca-colecao-vozes-no-rio-de-janeiro","status":"publish","type":"post","link":"https:\/\/construcaocivil.siriusmarketingedesign.com.br\/?p=23755","title":{"rendered":"MDF em destaque: Placas do Brasil lan\u00e7a Cole\u00e7\u00e3o Vozes no Rio de Janeiro"},"content":{"rendered":"<p style=\"text-align: justify;\"><span style=\"color: #993300;\"><strong><em>Inspirada na Biodiversidade da Amaz\u00f4nia ind\u00fastria de MDF imprimi em seus pain\u00e9is as vozes que vem da mata, da terra, do ar e do rio com detalhes minuciosos ao natural como a pele do Pirarucu<\/em><\/strong><\/span><\/p>\n<p style=\"text-align: justify;\">Maio, 2024 &#8211; A ind\u00fastria de MDF do Esp\u00edrito Santo, Placas do Brasil, lan\u00e7ou em grande estilo no restaurante Comolese, onde reuniu 130 pessoas e entre arquitetos, decoradores, lojista, influenciadores e imprensa para apresentar os novos e in\u00e9ditos padr\u00f5es de MDF da Cole\u00e7\u00e3o Vozes inspirada na biodiversidade da Amaz\u00f4nia. Al\u00e9m das revela\u00e7\u00f5es dos novos produtos, os convidados foram agraciados com uma experi\u00eancia cultural com a performance da Orquestra Filarm\u00f4nica Moderna do Estado do Esp\u00edrito Santo que encantou a plateia e a performace da atriz Karolina Lopes que interpretou o manifesto da nova cole\u00e7\u00e3o.<\/p>\n<p style=\"text-align: justify;\">A Cole\u00e7\u00e3o Vozes foi inspirada na Amaz\u00f4nia, onde a natureza e a arte se encontram, criando padr\u00f5es \u00fanicos de MDFs. As vozes que vem da mata, da terra, do ar e do rio, que s\u00e3o as verdadeiras almas que habitam a floresta s\u00e3o o partido para a cria\u00e7\u00e3o da nova cole\u00e7\u00e3o, que vivencia a casa da natureza para a casa dos brasileiros.<\/p>\n<figure id=\"attachment_23758\" aria-describedby=\"caption-attachment-23758\" style=\"width: 300px\" class=\"wp-caption alignleft\"><img loading=\"lazy\" decoding=\"async\" class=\"size-medium wp-image-23758\" src=\"https:\/\/www.jornaldaconstrucaocivil.com.br\/wp-content\/uploads\/2024\/05\/Placas-do-Brasil-apresentacao-Orquestra-Sinfonia-e-Ballet-de-ES-1-300x200.jpg\" alt=\"\" width=\"300\" height=\"200\" srcset=\"https:\/\/construcaocivil.siriusmarketingedesign.com.br\/wp-content\/uploads\/2024\/05\/Placas-do-Brasil-apresentacao-Orquestra-Sinfonia-e-Ballet-de-ES-1-300x200.jpg 300w, https:\/\/construcaocivil.siriusmarketingedesign.com.br\/wp-content\/uploads\/2024\/05\/Placas-do-Brasil-apresentacao-Orquestra-Sinfonia-e-Ballet-de-ES-1-1024x683.jpg 1024w, https:\/\/construcaocivil.siriusmarketingedesign.com.br\/wp-content\/uploads\/2024\/05\/Placas-do-Brasil-apresentacao-Orquestra-Sinfonia-e-Ballet-de-ES-1-768x512.jpg 768w, https:\/\/construcaocivil.siriusmarketingedesign.com.br\/wp-content\/uploads\/2024\/05\/Placas-do-Brasil-apresentacao-Orquestra-Sinfonia-e-Ballet-de-ES-1-1536x1024.jpg 1536w, https:\/\/construcaocivil.siriusmarketingedesign.com.br\/wp-content\/uploads\/2024\/05\/Placas-do-Brasil-apresentacao-Orquestra-Sinfonia-e-Ballet-de-ES-1-2048x1365.jpg 2048w, https:\/\/construcaocivil.siriusmarketingedesign.com.br\/wp-content\/uploads\/2024\/05\/Placas-do-Brasil-apresentacao-Orquestra-Sinfonia-e-Ballet-de-ES-1-200x133.jpg 200w\" sizes=\"auto, (max-width: 300px) 100vw, 300px\" \/><figcaption id=\"caption-attachment-23758\" class=\"wp-caption-text\">Placas do Brasil &#8211; apresenta\u00e7\u00e3o Orquestra Sinfonia e Ballet de ES (1)<\/figcaption><\/figure>\n<p style=\"text-align: justify;\">Est\u00e1 no DNA da Placas do Brasil a cria\u00e7\u00e3o de cole\u00e7\u00f5es inspiradas na biodiversidade das florestas, e as vozes e os sons da Amaz\u00f4nia foram ouvidas e transformadas em formas nesta nova cole\u00e7\u00e3o. A equipe de toda a empresa passou mais de um ano em intensas pesquisas para o desenvolvimento dos 11 padr\u00f5es exclusivos e in\u00e9ditos dos pain\u00e9is de MDFs que comp\u00f5em a Cole\u00e7\u00e3o Vozes.<\/p>\n<p style=\"text-align: justify;\">\n<p style=\"text-align: justify;\">A nova cole\u00e7\u00e3o tem padr\u00f5es com detalhes minuciosos id\u00eanticos ao natural. Isso porque o processo criativo foi al\u00e9m da inspira\u00e7\u00e3o, mas do escaneamento de materiais nativos brasileiros, cujo resultado ser\u00e1 sentido na casa de in\u00fameras pessoas em mobili\u00e1rio repleto de alma, conforto e bem-estar.<\/p>\n<figure id=\"attachment_23761\" aria-describedby=\"caption-attachment-23761\" style=\"width: 200px\" class=\"wp-caption alignright\"><img loading=\"lazy\" decoding=\"async\" class=\"size-medium wp-image-23761\" src=\"https:\/\/www.jornaldaconstrucaocivil.com.br\/wp-content\/uploads\/2024\/05\/Placas-do-Brasil-Atriz-Karolina-Lopes-interpreta-manifesto-da-colecao-200x300.jpg\" alt=\"\" width=\"200\" height=\"300\" srcset=\"https:\/\/construcaocivil.siriusmarketingedesign.com.br\/wp-content\/uploads\/2024\/05\/Placas-do-Brasil-Atriz-Karolina-Lopes-interpreta-manifesto-da-colecao-200x300.jpg 200w, https:\/\/construcaocivil.siriusmarketingedesign.com.br\/wp-content\/uploads\/2024\/05\/Placas-do-Brasil-Atriz-Karolina-Lopes-interpreta-manifesto-da-colecao-683x1024.jpg 683w, https:\/\/construcaocivil.siriusmarketingedesign.com.br\/wp-content\/uploads\/2024\/05\/Placas-do-Brasil-Atriz-Karolina-Lopes-interpreta-manifesto-da-colecao-768x1152.jpg 768w, https:\/\/construcaocivil.siriusmarketingedesign.com.br\/wp-content\/uploads\/2024\/05\/Placas-do-Brasil-Atriz-Karolina-Lopes-interpreta-manifesto-da-colecao-1024x1536.jpg 1024w, https:\/\/construcaocivil.siriusmarketingedesign.com.br\/wp-content\/uploads\/2024\/05\/Placas-do-Brasil-Atriz-Karolina-Lopes-interpreta-manifesto-da-colecao-1366x2048.jpg 1366w, https:\/\/construcaocivil.siriusmarketingedesign.com.br\/wp-content\/uploads\/2024\/05\/Placas-do-Brasil-Atriz-Karolina-Lopes-interpreta-manifesto-da-colecao-scaled.jpg 1707w\" sizes=\"auto, (max-width: 200px) 100vw, 200px\" \/><figcaption id=\"caption-attachment-23761\" class=\"wp-caption-text\">Placas do Brasil &#8211; Atriz Karolina Lopes interpreta manifesto da cole\u00e7\u00e3o<\/figcaption><\/figure>\n<p style=\"text-align: justify;\">Entre os padr\u00f5es, h\u00e1 acabamentos inovadores como o padr\u00e3o Peroba do Brasil criado a partir da reprodu\u00e7\u00e3o fiel da textura e dos veios da madeira. E o escaneamento real da pele do gigante da Amaz\u00f4nia, o peixe Pirarucu, est\u00e1 representando no padr\u00e3o Rio Negro, no tom escuro e no padr\u00e3o Amazonas, no tom claro.<\/p>\n<p style=\"text-align: justify;\">\n<p style=\"text-align: justify;\">Com tamanha precis\u00e3o de impress\u00e3o, criando uma ilus\u00e3o \u00f3tica da textura da pele, que se deu atrav\u00e9s da alta tecnologia aplicada ao produto; o escaneamento do desenho da pele do peixe \u00e9 algo in\u00e9dito e inovador no mercado de pain\u00e9is MDF que a Placas do Brasil traz para o mercado revolucionando o pensar e o vestir os projetos.<\/p>\n<p style=\"text-align: justify;\"><u>\u00a0<\/u><\/p>\n<p style=\"text-align: justify;\"><strong><u>Conhe\u00e7a a Cole\u00e7\u00e3o Vozes<\/u><\/strong><\/p>\n<p style=\"text-align: justify;\"><strong>Rio Negro <\/strong><\/p>\n<p style=\"text-align: justify;\">O desenho \u00e9 o escaneamento real da pele do gigante da Amaz\u00f4nia, o peixe Pirarucu. Reflete a for\u00e7a da natureza trazendo a ess\u00eancia dos sons profundos e misteriosos das \u00e1guas escuras do Rio Negro. Padr\u00e3o de cor s\u00f3bria, sofisticado e elegante, com predomina\u00e7\u00e3o do tom escuro, possuindo efeitos de luz com leves pigmentos metalizados claros que valorizam e favorecem a combina\u00e7\u00e3o vers\u00e1til com outros padr\u00f5es da cole\u00e7\u00e3o.<\/p>\n<figure id=\"attachment_23757\" aria-describedby=\"caption-attachment-23757\" style=\"width: 300px\" class=\"wp-caption alignleft\"><img loading=\"lazy\" decoding=\"async\" class=\"size-medium wp-image-23757\" src=\"https:\/\/www.jornaldaconstrucaocivil.com.br\/wp-content\/uploads\/2024\/05\/Colecao-MFS-Placas-do-Brasil-300x175.jpg\" alt=\"\" width=\"300\" height=\"175\" srcset=\"https:\/\/construcaocivil.siriusmarketingedesign.com.br\/wp-content\/uploads\/2024\/05\/Colecao-MFS-Placas-do-Brasil-300x175.jpg 300w, https:\/\/construcaocivil.siriusmarketingedesign.com.br\/wp-content\/uploads\/2024\/05\/Colecao-MFS-Placas-do-Brasil-200x117.jpg 200w, https:\/\/construcaocivil.siriusmarketingedesign.com.br\/wp-content\/uploads\/2024\/05\/Colecao-MFS-Placas-do-Brasil.jpg 700w\" sizes=\"auto, (max-width: 300px) 100vw, 300px\" \/><figcaption id=\"caption-attachment-23757\" class=\"wp-caption-text\"><span style=\"color: #ff6600;\">Padr\u00e3o Rio Negro \u2013 Peixe Piracuru \u2013 Padr\u00e3o In\u00e9dito e Inovador no mercado de MDF. Divulga\u00e7\u00e3o<\/span><\/figcaption><\/figure>\n<p style=\"text-align: justify;\"><strong>Amazonas <\/strong><\/p>\n<p style=\"text-align: justify;\">O tra\u00e7o da pele do peixe \u00e9 uma express\u00e3o \u00fanica pela sua ancestralidade. Inspira, colabora e fortalece la\u00e7os com a m\u00e3e natureza, nesta hist\u00f3ria milenar entre o peixe e o homem.<\/p>\n<p style=\"text-align: justify;\">A cor clara e esbranqui\u00e7ada com nuances de tons levemente ros\u00e1ceos \u00e0 terrosos vem do encontro dos rios que percorrem a Amaz\u00f4nia: O Rio Negro e o Solim\u00f5es, que quando se unem se transformam no Rio Amazonas. Leve e refrescante o padr\u00e3o exala tranquilidade, modernidade e sofistica\u00e7\u00e3o.<\/p>\n<p style=\"text-align: justify;\">Esta inspira\u00e7\u00e3o criativa do desenho da pele do peixe \u00e9 algo in\u00e9dito.<\/p>\n<p style=\"text-align: justify;\"><strong>Peroba do Brasil<\/strong><\/p>\n<p style=\"text-align: justify;\">Espl\u00eandida e requintada pelos movimentos alternados entre a catedral alongada e os veios naturais da madeira. Respira e inspira a naturalidade da l\u00e2mina original da \u00e1rvore, trazendo a floresta adentrar ao ambiente materializado, com sentimento de otimismo, energia, bem-estar e tranquilidade da mata. O tom do madeirado \u00e9 leve e agrad\u00e1vel, favorecendo a versatilidade de composi\u00e7\u00f5es com outros padr\u00f5es. Contribui para o ambiente com um estilo luminoso e vibrante, perfeito para espa\u00e7os que desejam captar a ess\u00eancia da luz e da vida, celebrando a beleza de um novo dia.<\/p>\n<figure id=\"attachment_23759\" aria-describedby=\"caption-attachment-23759\" style=\"width: 300px\" class=\"wp-caption alignright\"><img loading=\"lazy\" decoding=\"async\" class=\"size-medium wp-image-23759\" src=\"https:\/\/www.jornaldaconstrucaocivil.com.br\/wp-content\/uploads\/2024\/05\/PEROBA-300x176.png\" alt=\"\" width=\"300\" height=\"176\" srcset=\"https:\/\/construcaocivil.siriusmarketingedesign.com.br\/wp-content\/uploads\/2024\/05\/PEROBA-300x176.png 300w, https:\/\/construcaocivil.siriusmarketingedesign.com.br\/wp-content\/uploads\/2024\/05\/PEROBA-200x118.png 200w, https:\/\/construcaocivil.siriusmarketingedesign.com.br\/wp-content\/uploads\/2024\/05\/PEROBA.png 500w\" sizes=\"auto, (max-width: 300px) 100vw, 300px\" \/><figcaption id=\"caption-attachment-23759\" class=\"wp-caption-text\"><span style=\"color: #ff6600;\">Cole\u00e7\u00e3o Vozes: Peroba do Brasil. Divulga\u00e7\u00e3o<\/span><\/figcaption><\/figure>\n<p style=\"text-align: justify;\"><strong>Ac\u00e1cia<\/strong><\/p>\n<p style=\"text-align: justify;\">Madeira ex\u00f3tica das florestas do Brasil, traz a voz das \u00e1rvores que se erguem majestosas na Amaz\u00f4nia. A Ac\u00e1cia possui estrutura harmoniosa com catedrais org\u00e2nicas e fluidas desde seu movimento at\u00e9 na harmonia dos tons dos veios que transitam entre o castanho ao cinza iluminado. Madeirado elegante e nobre, ideal para espa\u00e7os que buscam um toque de calor e conforto, remetendo \u00e0s ra\u00edzes e \u00e0 ess\u00eancia da terra.<\/p>\n<p style=\"text-align: justify;\"><strong>Jequitib\u00e1 Rei<\/strong><\/p>\n<p style=\"text-align: justify;\">A \u00e1rvore majestosa das florestas tropicais brasileiras, o Jequitib\u00e1 Rei possui catedrais alongadas em cores quentes e amendoadas. O padr\u00e3o imprime um estilo nobre e audacioso e representa a voz poderosa e soberana da floresta, trazendo para o ambiente uma sensa\u00e7\u00e3o de for\u00e7a e energia.<\/p>\n<p style=\"text-align: justify;\">Seu desenho possui estrutura esguia e elegante que favorece a sensa\u00e7\u00e3o de amplitude e protagonismo nos espa\u00e7os projetados. Conforto e bem-estar s\u00e3o atributos peculiares quando utilizada esta madeira dentro dos ambientes, que enfatizam sensa\u00e7\u00f5es visuais, t\u00e1teis e a alma das florestas.<\/p>\n<figure id=\"attachment_23760\" aria-describedby=\"caption-attachment-23760\" style=\"width: 300px\" class=\"wp-caption alignleft\"><img loading=\"lazy\" decoding=\"async\" class=\"size-medium wp-image-23760\" src=\"https:\/\/www.jornaldaconstrucaocivil.com.br\/wp-content\/uploads\/2024\/05\/Placas-do-Brasil-Colecao-Vozes-de-MDF-1-1-300x195.jpg\" alt=\"\" width=\"300\" height=\"195\" srcset=\"https:\/\/construcaocivil.siriusmarketingedesign.com.br\/wp-content\/uploads\/2024\/05\/Placas-do-Brasil-Colecao-Vozes-de-MDF-1-1-300x195.jpg 300w, https:\/\/construcaocivil.siriusmarketingedesign.com.br\/wp-content\/uploads\/2024\/05\/Placas-do-Brasil-Colecao-Vozes-de-MDF-1-1-1024x664.jpg 1024w, https:\/\/construcaocivil.siriusmarketingedesign.com.br\/wp-content\/uploads\/2024\/05\/Placas-do-Brasil-Colecao-Vozes-de-MDF-1-1-768x498.jpg 768w, https:\/\/construcaocivil.siriusmarketingedesign.com.br\/wp-content\/uploads\/2024\/05\/Placas-do-Brasil-Colecao-Vozes-de-MDF-1-1-1536x996.jpg 1536w, https:\/\/construcaocivil.siriusmarketingedesign.com.br\/wp-content\/uploads\/2024\/05\/Placas-do-Brasil-Colecao-Vozes-de-MDF-1-1-2048x1328.jpg 2048w, https:\/\/construcaocivil.siriusmarketingedesign.com.br\/wp-content\/uploads\/2024\/05\/Placas-do-Brasil-Colecao-Vozes-de-MDF-1-1-200x130.jpg 200w\" sizes=\"auto, (max-width: 300px) 100vw, 300px\" \/><figcaption id=\"caption-attachment-23760\" class=\"wp-caption-text\"><span style=\"color: #ff6600;\">Placas do Brasil &#8211; Cole\u00e7\u00e3o Vozes de MDF. Divulga\u00e7\u00e3o<\/span><\/figcaption><\/figure>\n<p style=\"text-align: justify;\"><strong>Freij\u00f3 Ripado<\/strong><\/p>\n<p style=\"text-align: justify;\">Freij\u00f3 com efeito ripado \u00e9 uma das principais apostas em aplica\u00e7\u00e3o de ambientes contempor\u00e2neos. A madeira brasileira de estrutura cl\u00e1ssica \u00e9 memor\u00e1vel em virtude da sua atemporalidade.<\/p>\n<p style=\"text-align: justify;\">Atrav\u00e9s dele \u00e9 poss\u00edvel escutar a voz da terra, pelos seus movimentos suaves lineares e veios enegrecidos que remetem \u00e0s ra\u00edzes e \u00e0 diversidade do solo amaz\u00f4nico. Cria um ambiente acolhedor e natural, confort\u00e1vel, com um estilo que combina tradi\u00e7\u00e3o e modernidade<strong>.<\/strong><\/p>\n<p style=\"text-align: justify;\"><strong>Selva<\/strong><\/p>\n<p style=\"text-align: justify;\">O padr\u00e3o Selva surge como uma homenagem \u00e0 magn\u00edfica regi\u00e3o amaz\u00f4nica. Nessa exuberante paisagem, onde a natureza se manifesta em toda a sua grandiosidade, o verde da selva se revela em seu tom profundo e envolvente.<\/p>\n<p style=\"text-align: justify;\">Inspirado pela vegeta\u00e7\u00e3o densa e pela vida pulsante da floresta, o padr\u00e3o Selva traz um verde rico e intenso, capturando a ess\u00eancia da exuber\u00e2ncia amaz\u00f4nica.<\/p>\n<p style=\"text-align: justify;\">Ao introduzir o padr\u00e3o Selva em um ambiente, busca-se trazer a energia e vitalidade da floresta tropical para dentro de casa. O verde profundo e musgo transportam os moradores para um ref\u00fagio de exuber\u00e2ncia natural, promovendo uma conex\u00e3o com a selvageria da selva amaz\u00f4nica. Uma escolha ousada e atemporal que convida a explorar a riqueza crom\u00e1tica e a vitalidade da floresta tropical.<\/p>\n<p style=\"text-align: justify;\">\n<p style=\"text-align: justify;\">Explorando uma nova express\u00e3o de cor baseada nas diversas nuances do solo brasileiro, refletindo a exuber\u00e2ncia e a diversidade do pa\u00eds, remetendo \u00e0 base firme que sustenta a vida na floresta.<\/p>\n<p style=\"text-align: justify;\">Ao integrar o padr\u00e3o Ocre em um espa\u00e7o, cria-se uma atmosfera que celebra a conex\u00e3o com a natureza brasileira. Sua paleta de cor terrosa proporciona uma sensa\u00e7\u00e3o de acolhimento e equil\u00edbrio, adequando-se a ambientes sofisticados e contempor\u00e2neos. \u00c9 uma escolha vers\u00e1til, abra\u00e7ando a diversidade e adicionando um toque de calor e serenidade a qualquer espa\u00e7o.<\/p>\n<p style=\"text-align: justify;\"><strong>Urucum<\/strong><\/p>\n<p style=\"text-align: justify;\">O padr\u00e3o Urucum, com sua colora\u00e7\u00e3o terrosa avermelhada, capta a voz das tradi\u00e7\u00f5es e dos pigmentos naturais utilizados pelos povos da floresta. Sua tonalidade varia entre o laranja e o vermelho intenso, emanando energia calorosa e aut\u00eantica. Reflete uma personalidade \u00fanica e empoderada, apresentando um tom terroso e encorpado. Transmite a sensa\u00e7\u00e3o da ess\u00eancia brasileira, rica em diversidade e vitalidade. A tonalidade profunda do Urucum transmite eleg\u00e2ncia e aud\u00e1cia, enquanto sua versatilidade se adapta a diferentes ambientes, celebrando a diversidade e desafiando r\u00f3tulos de estilo, idade e g\u00eanero.<\/p>\n<p style=\"text-align: justify;\"><strong>Capim Dourado<\/strong><\/p>\n<p style=\"text-align: justify;\">A cor da fibra brasileira que encanta pelo seu efeito metalizado dourado nativo, com leve toque de rusticidade. O tom que vem das cestarias e transcende a ess\u00eancia da brasilidade, celebra a leveza e simplicidade dos espa\u00e7os. Atemporal, o padr\u00e3o \u00e9 convidativo a explorar diferentes atmosferas e combina\u00e7\u00f5es de utiliza\u00e7\u00e3o.<\/p>\n<p style=\"text-align: justify;\"><strong>Terra Bronze<\/strong><\/p>\n<p style=\"text-align: justify;\">O padr\u00e3o Terra Bronze se manifesta como um tom quente e acolhedor. Sua tonalidade, semelhante ao ouro envelhecido, carrega consigo eleg\u00e2ncia, com um toque sutil de rusticidade.<\/p>\n<p style=\"text-align: justify;\">A cor inspirada na argila amaz\u00f4nica \u00e9 levemente iluminada. Seu efeito bronzeado e atemporal sugere uma ampla paleta de combina\u00e7\u00f5es com todos os padr\u00f5es da cole\u00e7\u00e3o.<\/p>\n<p style=\"text-align: justify;\">\n<p style=\"text-align: justify;\">Todos os padr\u00f5es da Cole\u00e7\u00e3o Vozes se harmonizam entre si, porque da natureza se busca as cores, as texturas e a paleta de sensa\u00e7\u00f5es e sentimentos, que traduzimos em uma cole\u00e7\u00e3o de MDFs \u00fanicos e repletos de alma.<\/p>\n<p>Acesse o site para conhecer os detalhes completo da Cole\u00e7\u00e3o Vozes:<\/p>\n<p><strong><span style=\"color: #0000ff;\"><a style=\"color: #0000ff;\" href=\"http:\/\/www.placasdobrasil.com.br\">www.placasdobrasil.com.br<\/a> | @placasdobrasil<\/span><\/strong><\/p>\n<p style=\"text-align: justify;\">\n<p style=\"text-align: justify;\">\n<p style=\"text-align: justify;\">\n","protected":false},"excerpt":{"rendered":"<p>Inspirada na Biodiversidade da Amaz\u00f4nia ind\u00fastria de MDF imprimi em seus pain\u00e9is as vozes que vem da mata, da terra, do ar e do rio com detalhes minuciosos ao natural como a pele do Pirarucu Maio, 2024 &#8211; A ind\u00fastria de MDF do Esp\u00edrito Santo, Placas do Brasil, lan\u00e7ou em grande estilo no restaurante Comolese, [&hellip;]<\/p>\n","protected":false},"author":1,"featured_media":23756,"comment_status":"open","ping_status":"open","sticky":false,"template":"","format":"standard","meta":{"_uag_custom_page_level_css":"","footnotes":""},"categories":[28],"tags":[1933,4543,26510,26512,26513,26511,14662],"class_list":["post-23755","post","type-post","status-publish","format-standard","has-post-thumbnail","hentry","category-arquitetura","tag-casa-e-decoracao","tag-espirito-santo","tag-mdfs-na-decoracao","tag-peixe-pirarucu","tag-peroba-do-brasil","tag-placas-do-brasil","tag-regiao-amazonica"],"blocksy_meta":[],"spectra_blocks_featured_image_url":{"thumbnail":{"url":"https:\/\/construcaocivil.siriusmarketingedesign.com.br\/wp-content\/uploads\/2024\/05\/Placas-do-Brasil-Sergio-Possato-e-Joao-Jantorno-designer-da-empresa-150x150.jpg","width":150,"height":150},"medium":{"url":"https:\/\/construcaocivil.siriusmarketingedesign.com.br\/wp-content\/uploads\/2024\/05\/Placas-do-Brasil-Sergio-Possato-e-Joao-Jantorno-designer-da-empresa-300x200.jpg","width":300,"height":200},"medium_large":{"url":"https:\/\/construcaocivil.siriusmarketingedesign.com.br\/wp-content\/uploads\/2024\/05\/Placas-do-Brasil-Sergio-Possato-e-Joao-Jantorno-designer-da-empresa-768x512.jpg","width":768,"height":512},"large":{"url":"https:\/\/construcaocivil.siriusmarketingedesign.com.br\/wp-content\/uploads\/2024\/05\/Placas-do-Brasil-Sergio-Possato-e-Joao-Jantorno-designer-da-empresa-1024x683.jpg","width":1024,"height":683},"full":{"url":"https:\/\/construcaocivil.siriusmarketingedesign.com.br\/wp-content\/uploads\/2024\/05\/Placas-do-Brasil-Sergio-Possato-e-Joao-Jantorno-designer-da-empresa-scaled.jpg","width":2560,"height":1707}},"spectra_blocks_author_info":{"display_name":"Jornal da Constru\u00e7\u00e3o Civil","avatar_url":"https:\/\/secure.gravatar.com\/avatar\/973c9774fd44ddaceb026973c4962faa70fc512bc4c9da68e8ebb40fecee6540?s=96&d=mm&r=g","author_link":"https:\/\/construcaocivil.siriusmarketingedesign.com.br\/?author=1","description":"Desde de 2013, levando muitas informa\u00e7\u00f5es, lan\u00e7amentos e produtos de qualidade para toda cadeia produtiva da constru\u00e7\u00e3o. O Futuro da constru\u00e7\u00e3o passa por aqui,"},"uagb_featured_image_src":{"full":["https:\/\/construcaocivil.siriusmarketingedesign.com.br\/wp-content\/uploads\/2024\/05\/Placas-do-Brasil-Sergio-Possato-e-Joao-Jantorno-designer-da-empresa-scaled.jpg",2560,1707,false],"thumbnail":["https:\/\/construcaocivil.siriusmarketingedesign.com.br\/wp-content\/uploads\/2024\/05\/Placas-do-Brasil-Sergio-Possato-e-Joao-Jantorno-designer-da-empresa-150x150.jpg",150,150,true],"medium":["https:\/\/construcaocivil.siriusmarketingedesign.com.br\/wp-content\/uploads\/2024\/05\/Placas-do-Brasil-Sergio-Possato-e-Joao-Jantorno-designer-da-empresa-300x200.jpg",300,200,true],"medium_large":["https:\/\/construcaocivil.siriusmarketingedesign.com.br\/wp-content\/uploads\/2024\/05\/Placas-do-Brasil-Sergio-Possato-e-Joao-Jantorno-designer-da-empresa-768x512.jpg",768,512,true],"large":["https:\/\/construcaocivil.siriusmarketingedesign.com.br\/wp-content\/uploads\/2024\/05\/Placas-do-Brasil-Sergio-Possato-e-Joao-Jantorno-designer-da-empresa-1024x683.jpg",1024,683,true],"1536x1536":["https:\/\/construcaocivil.siriusmarketingedesign.com.br\/wp-content\/uploads\/2024\/05\/Placas-do-Brasil-Sergio-Possato-e-Joao-Jantorno-designer-da-empresa-1536x1024.jpg",1536,1024,true],"2048x2048":["https:\/\/construcaocivil.siriusmarketingedesign.com.br\/wp-content\/uploads\/2024\/05\/Placas-do-Brasil-Sergio-Possato-e-Joao-Jantorno-designer-da-empresa-2048x1365.jpg",2048,1365,true]},"uagb_author_info":{"display_name":"Jornal da Constru\u00e7\u00e3o Civil","author_link":"https:\/\/construcaocivil.siriusmarketingedesign.com.br\/?author=1"},"uagb_comment_info":0,"uagb_excerpt":"Inspirada na Biodiversidade da Amaz\u00f4nia ind\u00fastria de MDF imprimi em seus pain\u00e9is as vozes que vem da mata, da terra, do ar e do rio com detalhes minuciosos ao natural como a pele do Pirarucu Maio, 2024 &#8211; A ind\u00fastria de MDF do Esp\u00edrito Santo, Placas do Brasil, lan\u00e7ou em grande estilo no restaurante Comolese,&hellip;","_links":{"self":[{"href":"https:\/\/construcaocivil.siriusmarketingedesign.com.br\/index.php?rest_route=\/wp\/v2\/posts\/23755","targetHints":{"allow":["GET"]}}],"collection":[{"href":"https:\/\/construcaocivil.siriusmarketingedesign.com.br\/index.php?rest_route=\/wp\/v2\/posts"}],"about":[{"href":"https:\/\/construcaocivil.siriusmarketingedesign.com.br\/index.php?rest_route=\/wp\/v2\/types\/post"}],"author":[{"embeddable":true,"href":"https:\/\/construcaocivil.siriusmarketingedesign.com.br\/index.php?rest_route=\/wp\/v2\/users\/1"}],"replies":[{"embeddable":true,"href":"https:\/\/construcaocivil.siriusmarketingedesign.com.br\/index.php?rest_route=%2Fwp%2Fv2%2Fcomments&post=23755"}],"version-history":[{"count":0,"href":"https:\/\/construcaocivil.siriusmarketingedesign.com.br\/index.php?rest_route=\/wp\/v2\/posts\/23755\/revisions"}],"wp:featuredmedia":[{"embeddable":true,"href":"https:\/\/construcaocivil.siriusmarketingedesign.com.br\/index.php?rest_route=\/wp\/v2\/media\/23756"}],"wp:attachment":[{"href":"https:\/\/construcaocivil.siriusmarketingedesign.com.br\/index.php?rest_route=%2Fwp%2Fv2%2Fmedia&parent=23755"}],"wp:term":[{"taxonomy":"category","embeddable":true,"href":"https:\/\/construcaocivil.siriusmarketingedesign.com.br\/index.php?rest_route=%2Fwp%2Fv2%2Fcategories&post=23755"},{"taxonomy":"post_tag","embeddable":true,"href":"https:\/\/construcaocivil.siriusmarketingedesign.com.br\/index.php?rest_route=%2Fwp%2Fv2%2Ftags&post=23755"}],"curies":[{"name":"wp","href":"https:\/\/api.w.org\/{rel}","templated":true}]}}