{"id":23776,"date":"2024-05-15T00:11:37","date_gmt":"2024-05-15T03:11:37","guid":{"rendered":"https:\/\/www.jornaldaconstrucaocivil.com.br\/?p=23776"},"modified":"2024-06-20T20:49:09","modified_gmt":"2024-06-20T23:49:09","slug":"evento-sobre-a-evolucao-do-cad-ao-bim-realizado-no-crea-df-sera-replicado-em-todo-o-pais-em-parceria-com-a-eng-dtp-multimidia","status":"publish","type":"post","link":"https:\/\/construcaocivil.siriusmarketingedesign.com.br\/?p=23776","title":{"rendered":"Evento sobre a evolu\u00e7\u00e3o do CAD ao BIM realizado no CREA-DF ser\u00e1 replicado em todo o pa\u00eds em parceria com a ENG DTP &#038; Multim\u00eddia"},"content":{"rendered":"<div>\n<p style=\"text-align: justify;\"><span lang=\"PT-BR\">BIM, recurso tecnol\u00f3gico que busca orientar sobre constru\u00e7\u00f5es muito al\u00e9m do aspecto f\u00edsico, \u00e9 um tema em evid\u00eancia entre engenheiros e arquitetos no pa\u00eds. Cinco\u00a0CREA\u00b4s\u00a0no Brasil j\u00e1 est\u00e3o organizando os eventos gratuitos inspirados no CREA Aprimora+, que reuniu mais de 200 profissionais da \u00e1rea em Bras\u00edlia dia 8 de maio.<\/span><\/p>\n<div style=\"text-align: justify;\">\n<p><span lang=\"PT-BR\">Maio, 2024 &#8211;\u00a0 \u00a0Devido ao tamanho sucesso da edi\u00e7\u00e3o do CREA Aprimora+,\u202fa\u00e7\u00e3o\u202fde aperfei\u00e7oamento profissional desenvolvida pelo CREA-DF, em Bras\u00edlia, em parceria com a ENG DTP &amp; Multim\u00eddia, o qual tratou da evolu\u00e7\u00e3o do CAD ao BIM, ou seja, da evolu\u00e7\u00e3o tecnol\u00f3gica dos recursos utilizados por engenheiros arquitetos, o evento ser\u00e1 replicado em todo o pa\u00eds em parceria com os Conselhos Regionais de Engenharia e Agronomia, CREA, interessados. <\/span><\/p>\n<\/div>\n<div style=\"text-align: justify;\">\n<p lang=\"PT-BR\"><span lang=\"PT-BR\">No \u00faltimo 8 de maio, mais de 200 profissionais entre engenheiros e arquitetos tiveram a oportunidade de conhecer mais sobre o BIM, que \u00e9 uma metodologia inovadora de projetos e obras para edifica\u00e7\u00f5es e obras p\u00fablicas. H\u00e1 pouco menos de seis meses, a ENG DTP &amp; Multim\u00eddia, que \u00e9 um Autodesk Center Brasil,\u00a0j\u00e1\u00a0havia realizado um workshop semelhante numa edi\u00e7\u00e3o do CREA Capacita, do CREA-SP, com grande audi\u00eancia, e excelentes resultados de dissemina\u00e7\u00e3o da tecnologia, cases que estimulam o evento se propagar.\u00a0<\/span><\/p>\n<\/div>\n<div style=\"text-align: justify;\">\n<p><span lang=\"PT-BR\">\u00a0\u00a0\u00a0\u00a0\u00a0\u00a0\u00a0\u00a0\u00a0\u00a0\u00a0\u00a0\u00a0\u00a0\u00a0\u00a0\u00a0\u00a0 O engenheiro \u00c1lvaro\u00a0Venegas, que representou a ENG DTP &amp; Multim\u00eddia, da qual \u00e9 fundador e CEO. fez uma explana\u00e7\u00e3o sobre o\u202fBIM na pr\u00e1tica, e usou como exemplo a pr\u00f3pria constru\u00e7\u00e3o da sede da ENG em S\u00e3o Paulo. &#8220;Com os avan\u00e7os tecnol\u00f3gicos na constru\u00e7\u00e3o civil contemplando engenheiros e arquitetos, percebemos com o BIM mais rapidez no desenvolvimento de projetos e execu\u00e7\u00e3o das obras, economia significativa nas etapas deste processo, precis\u00e3o e qualidade no resultado final, por isso, \u00e9 de suma import\u00e2ncia que os profissionais se atualizem&#8221;, explica o engenheiro \u00c1lvaro, que tem experi\u00eancia de quatro d\u00e9cadas na evolu\u00e7\u00e3o tecnol\u00f3gica de diversas \u00e1reas de atua\u00e7\u00e3o. \u202f<\/span><\/p>\n<\/div>\n<div style=\"text-align: justify;\">\n<p><span lang=\"PT-BR\">Ainda participaram do debate\u00a0no CREA-DF, o qual\u00a0dever\u00e1 ser replicado em outros\u00a0CREA\u00b4s\u00a0do Brasil,\u00a0as Instrutoras Certificadas Autodesk, Fernanda\u00a0Moreira\u00a0e B\u00e1rbara\u00a0Gomes, que discorreram sobre metodologias de\u00a0implementa\u00e7\u00e3o e as\u00a0dimens\u00f5es do uso do BIM, al\u00e9m do\u00a0Secret\u00e1rio de\u00a0Rela\u00e7\u00f5es\u00a0Institucionais do CREA- DF, Leonardo Duarte, que fez uma participa\u00e7\u00e3o\u00a0especial na discuss\u00e3o.<\/span><\/p>\n<\/div>\n<\/div>\n<div style=\"text-align: justify;\"><\/div>\n","protected":false},"excerpt":{"rendered":"<p>BIM, recurso tecnol\u00f3gico que busca orientar sobre constru\u00e7\u00f5es muito al\u00e9m do aspecto f\u00edsico, \u00e9 um tema em evid\u00eancia entre engenheiros e arquitetos no pa\u00eds. Cinco\u00a0CREA\u00b4s\u00a0no Brasil j\u00e1 est\u00e3o organizando os eventos gratuitos inspirados no CREA Aprimora+, que reuniu mais de 200 profissionais da \u00e1rea em Bras\u00edlia dia 8 de maio. Maio, 2024 &#8211;\u00a0 \u00a0Devido ao [&hellip;]<\/p>\n","protected":false},"author":1,"featured_media":23777,"comment_status":"open","ping_status":"open","sticky":false,"template":"","format":"standard","meta":{"_uag_custom_page_level_css":"","footnotes":""},"categories":[31],"tags":[908,26515,2963,3142,19225],"class_list":["post-23776","post","type-post","status-publish","format-standard","has-post-thumbnail","hentry","category-infraestrutura","tag-arquitetos","tag-bim-cad","tag-construtoras","tag-crea-df","tag-projetos-de-engenharia"],"blocksy_meta":[],"spectra_blocks_featured_image_url":{"thumbnail":{"url":"https:\/\/construcaocivil.siriusmarketingedesign.com.br\/wp-content\/uploads\/2024\/05\/Evento-BIM-crea-e-eng-2-150x150.jpg","width":150,"height":150},"medium":{"url":"https:\/\/construcaocivil.siriusmarketingedesign.com.br\/wp-content\/uploads\/2024\/05\/Evento-BIM-crea-e-eng-2-300x225.jpg","width":300,"height":225},"medium_large":{"url":"https:\/\/construcaocivil.siriusmarketingedesign.com.br\/wp-content\/uploads\/2024\/05\/Evento-BIM-crea-e-eng-2-768x576.jpg","width":768,"height":576},"large":{"url":"https:\/\/construcaocivil.siriusmarketingedesign.com.br\/wp-content\/uploads\/2024\/05\/Evento-BIM-crea-e-eng-2-1024x768.jpg","width":1024,"height":768},"full":{"url":"https:\/\/construcaocivil.siriusmarketingedesign.com.br\/wp-content\/uploads\/2024\/05\/Evento-BIM-crea-e-eng-2.jpg","width":1280,"height":960}},"spectra_blocks_author_info":{"display_name":"Jornal da Constru\u00e7\u00e3o Civil","avatar_url":"https:\/\/secure.gravatar.com\/avatar\/973c9774fd44ddaceb026973c4962faa70fc512bc4c9da68e8ebb40fecee6540?s=96&d=mm&r=g","author_link":"https:\/\/construcaocivil.siriusmarketingedesign.com.br\/?author=1","description":"Desde de 2013, levando muitas informa\u00e7\u00f5es, lan\u00e7amentos e produtos de qualidade para toda cadeia produtiva da constru\u00e7\u00e3o. O Futuro da constru\u00e7\u00e3o passa por aqui,"},"uagb_featured_image_src":{"full":["https:\/\/construcaocivil.siriusmarketingedesign.com.br\/wp-content\/uploads\/2024\/05\/Evento-BIM-crea-e-eng-2.jpg",1280,960,false],"thumbnail":["https:\/\/construcaocivil.siriusmarketingedesign.com.br\/wp-content\/uploads\/2024\/05\/Evento-BIM-crea-e-eng-2-150x150.jpg",150,150,true],"medium":["https:\/\/construcaocivil.siriusmarketingedesign.com.br\/wp-content\/uploads\/2024\/05\/Evento-BIM-crea-e-eng-2-300x225.jpg",300,225,true],"medium_large":["https:\/\/construcaocivil.siriusmarketingedesign.com.br\/wp-content\/uploads\/2024\/05\/Evento-BIM-crea-e-eng-2-768x576.jpg",768,576,true],"large":["https:\/\/construcaocivil.siriusmarketingedesign.com.br\/wp-content\/uploads\/2024\/05\/Evento-BIM-crea-e-eng-2-1024x768.jpg",1024,768,true],"1536x1536":["https:\/\/construcaocivil.siriusmarketingedesign.com.br\/wp-content\/uploads\/2024\/05\/Evento-BIM-crea-e-eng-2.jpg",1280,960,false],"2048x2048":["https:\/\/construcaocivil.siriusmarketingedesign.com.br\/wp-content\/uploads\/2024\/05\/Evento-BIM-crea-e-eng-2.jpg",1280,960,false]},"uagb_author_info":{"display_name":"Jornal da Constru\u00e7\u00e3o Civil","author_link":"https:\/\/construcaocivil.siriusmarketingedesign.com.br\/?author=1"},"uagb_comment_info":0,"uagb_excerpt":"BIM, recurso tecnol\u00f3gico que busca orientar sobre constru\u00e7\u00f5es muito al\u00e9m do aspecto f\u00edsico, \u00e9 um tema em evid\u00eancia entre engenheiros e arquitetos no pa\u00eds. Cinco\u00a0CREA\u00b4s\u00a0no Brasil j\u00e1 est\u00e3o organizando os eventos gratuitos inspirados no CREA Aprimora+, que reuniu mais de 200 profissionais da \u00e1rea em Bras\u00edlia dia 8 de maio. Maio, 2024 &#8211;\u00a0 \u00a0Devido ao&hellip;","_links":{"self":[{"href":"https:\/\/construcaocivil.siriusmarketingedesign.com.br\/index.php?rest_route=\/wp\/v2\/posts\/23776","targetHints":{"allow":["GET"]}}],"collection":[{"href":"https:\/\/construcaocivil.siriusmarketingedesign.com.br\/index.php?rest_route=\/wp\/v2\/posts"}],"about":[{"href":"https:\/\/construcaocivil.siriusmarketingedesign.com.br\/index.php?rest_route=\/wp\/v2\/types\/post"}],"author":[{"embeddable":true,"href":"https:\/\/construcaocivil.siriusmarketingedesign.com.br\/index.php?rest_route=\/wp\/v2\/users\/1"}],"replies":[{"embeddable":true,"href":"https:\/\/construcaocivil.siriusmarketingedesign.com.br\/index.php?rest_route=%2Fwp%2Fv2%2Fcomments&post=23776"}],"version-history":[{"count":0,"href":"https:\/\/construcaocivil.siriusmarketingedesign.com.br\/index.php?rest_route=\/wp\/v2\/posts\/23776\/revisions"}],"wp:featuredmedia":[{"embeddable":true,"href":"https:\/\/construcaocivil.siriusmarketingedesign.com.br\/index.php?rest_route=\/wp\/v2\/media\/23777"}],"wp:attachment":[{"href":"https:\/\/construcaocivil.siriusmarketingedesign.com.br\/index.php?rest_route=%2Fwp%2Fv2%2Fmedia&parent=23776"}],"wp:term":[{"taxonomy":"category","embeddable":true,"href":"https:\/\/construcaocivil.siriusmarketingedesign.com.br\/index.php?rest_route=%2Fwp%2Fv2%2Fcategories&post=23776"},{"taxonomy":"post_tag","embeddable":true,"href":"https:\/\/construcaocivil.siriusmarketingedesign.com.br\/index.php?rest_route=%2Fwp%2Fv2%2Ftags&post=23776"}],"curies":[{"name":"wp","href":"https:\/\/api.w.org\/{rel}","templated":true}]}}