{"id":23798,"date":"2024-05-20T00:50:36","date_gmt":"2024-05-20T03:50:36","guid":{"rendered":"https:\/\/www.jornaldaconstrucaocivil.com.br\/?p=23798"},"modified":"2024-05-20T00:50:36","modified_gmt":"2024-05-20T03:50:36","slug":"locacao-de-maquinas-e-laboratorio-para-fabricantes-aprimorarem-produtos-e-servicos","status":"publish","type":"post","link":"https:\/\/construcaocivil.siriusmarketingedesign.com.br\/?p=23798","title":{"rendered":"Loca\u00e7\u00e3o de m\u00e1quinas \u00e9 laborat\u00f3rio para fabricantes aprimorarem produtos e servi\u00e7os"},"content":{"rendered":"<p style=\"text-align: justify;\" align=\"center\"><span style=\"color: #993300;\"><i>De acordo com a organiza\u00e7\u00e3o da 2\u00aa Analoc Rental Show, a feira mostrar\u00e1 as inova\u00e7\u00f5es, tend\u00eancias tecnol\u00f3gicas e de gest\u00e3o para o avan\u00e7o da loca\u00e7\u00e3o de m\u00e1quinas<\/i><\/span><\/p>\n<p style=\"text-align: justify;\">\n<p style=\"text-align: justify;\">Maio, 2024 &#8211; O aumento na oferta de ferramentas el\u00e9tricas \u00e9 uma das tend\u00eancias que mais tem chamado a aten\u00e7\u00e3o no mercado de m\u00e1quinas. Tanto no segmento de manuais como no de compactas, as el\u00e9tricas n\u00e3o possuem emiss\u00f5es durante o uso, t\u00eam menor custo operacional em compara\u00e7\u00e3o com os modelos a combust\u00e3o, s\u00e3o de manuten\u00e7\u00e3o simplificada e possibilitam boa competitividade em um cen\u00e1rio global cada vez mais exigente e preocupado em descarbonizar os canteiros de obras e as ind\u00fastrias.<\/p>\n<p style=\"text-align: justify;\">\n<p style=\"text-align: justify;\">Esse grande marco para redu\u00e7\u00e3o de emiss\u00f5es ser\u00e1 um dos pontos importantes da 2\u00aa ANALOC Rental Show, que ser\u00e1 realizada de 2 a 4 de julho no Rio Centro, no Rio de Janeiro, e reunir\u00e1 os principais fabricantes e fornecedores de equipamentos e servi\u00e7os, para apresentar novidades espec\u00edficas a locadores de todo o pa\u00eds. O evento \u00e9 realizado em parceria entre a Associa\u00e7\u00e3o Brasileira dos Sindicatos e Associa\u00e7\u00f5es Setoriais de Loca\u00e7\u00e3o de Equipamentos para a Constru\u00e7\u00e3o (ANALOC) e o Grupo LocadoresBR.<\/p>\n<p style=\"text-align: justify;\">\n<p style=\"text-align: justify;\">&#8220;A tecnologia tem sido aprimorada para propiciar um forte impacto \u00e0 sustentabilidade e \u00e0 produtividade nos canteiros. Por isso, a feira deve apresentar os principais avan\u00e7os nesse sentido&#8221;, refor\u00e7a Reynaldo Fraiha, coordenador do evento. Outro ponto bastante discutido entre a ind\u00fastria e o setor de loca\u00e7\u00e3o, segundo Fraiha, \u00e9 como oferecer suporte a pr\u00e1ticas como redu\u00e7\u00e3o perdas, reciclagem de material e uso de energia limpa nas obras.<\/p>\n<p style=\"text-align: justify;\">\n<p style=\"text-align: justify;\">&#8220;As locadoras t\u00eam frequentemente dialogado com os fabricantes para contribuir de maneira propositiva na implementa\u00e7\u00e3o de melhorias, e as conquistas t\u00eam sido importantes. A ideia \u00e9 sempre trabalhar em conjunto, o setor de loca\u00e7\u00e3o pode fornecer feedbacks e informa\u00e7\u00f5es de campo importantes para a ind\u00fastria de equipamentos deixar seus produtos sempre condizentes com as necessidades do mercado. Ou seja, o rental \u00e9 um grande laborat\u00f3rio para a ind\u00fastria aprimorar as m\u00e1quinas&#8221;, explica Fraiha.<\/p>\n<p style=\"text-align: justify;\">\n<p style=\"text-align: justify;\">De acordo com ele, a feira ser\u00e1 um local para o encontro perfeito entre locadores, a ind\u00fastria em geral, com forte presen\u00e7a da constru\u00e7\u00e3o, e os fabricantes de m\u00e1quinas, al\u00e9m de importante balc\u00e3o de neg\u00f3cios para se obter condi\u00e7\u00f5es especiais de compra.<\/p>\n<p style=\"text-align: justify;\">\n<p style=\"text-align: justify;\"><b>Ritmo de crescimento<\/b><\/p>\n<p style=\"text-align: justify;\">\n<p style=\"text-align: justify;\">Dados da ANALOC apontam que o mercado de loca\u00e7\u00e3o apresentou um bom crescimento em 2023, deve avan\u00e7ar ainda mais em 2024 e manter o ritmo em 2025. &#8220;Desde a pandemia, identificamos uma melhoria cont\u00ednua do setor.\u00a0 Em 2021, por exemplo, registramos um salto de aproximadamente 9% e de l\u00e1 para c\u00e1, continuamos a crescer de maneira consistente&#8221;, reconhece o coordenador da ANALOC Rental Show.<\/p>\n<p style=\"text-align: justify;\">\n<p style=\"text-align: justify;\">Le\u00f4nidas Ferreira, conhecido como Leo Sisloc, diretor executivo da Sisloc Softwares de Gest\u00e3o, presidente do Grupo LocadoresBR e coordenador da Analoc Rental Show, salienta que o mercado de loca\u00e7\u00e3o \u00e9 tradicionalmente comprador e precisa renovar suas frotas com frequ\u00eancia, j\u00e1 que as empresas de loca\u00e7\u00e3o chegam a representar 95% das compras de alguns tipos de equipamentos, fomentando a alavancagem da ind\u00fastria.<\/p>\n<p style=\"text-align: justify;\">\n<p style=\"text-align: justify;\">&#8220;Semanalmente visitamos locadoras de diversos tamanhos, em sua grande maioria as de m\u00e9dio e pequeno porte, e temos constatado que o rental vem se consolidando como alternativa estrat\u00e9gica e econ\u00f4mica, nas mais diversas linhas de equipamentos&#8221;, observa Leo. De acordo com ele, todos os setores da cadeia produtiva no pa\u00eds recorrem \u00e0s locadoras em busca de m\u00e1quinas para manuten\u00e7\u00f5es industriais, constru\u00e7\u00e3o civil, obras de rodovias, terraplenagem, agroneg\u00f3cio, ferrovias, portos, aeroportos, saneamento b\u00e1sico, transporte, at\u00e9 para obras civis, que v\u00e3o desde edifica\u00e7\u00f5es at\u00e9 as dom\u00e9sticas.<\/p>\n<p style=\"text-align: justify;\">\n<p style=\"text-align: justify;\">&#8220;Mas para manter o mercado aquecido, \u00e9 preciso pol\u00edtica de estado ao inv\u00e9s dos planos setoriais que se modificam a cada governo, ou a cada quatro anos. Somente assim ser\u00e1 poss\u00edvel ter seguran\u00e7a jur\u00eddica e econ\u00f4mica que possibilitam investimentos com mais qualidade em todas as frentes, &#8221; observa Leo.<\/p>\n<p style=\"text-align: justify;\">\n<p style=\"text-align: justify;\"><b>ANALOC Rental Show 2024<\/b><\/p>\n<p style=\"text-align: justify;\">\n<p style=\"text-align: justify;\">Animados especialmente pelas perspectivas de novas obras e renova\u00e7\u00f5es de infraestrutura em 2024 e 2025, os organizadores esperam uma visita\u00e7\u00e3o ainda maior que a alcan\u00e7ada em 2023, quando a primeira edi\u00e7\u00e3o da feira aconteceu em Curitiba e mobilizou 4.850 visitantes. Uma das propostas \u00e9 trazer conte\u00fados paralelos que venham fortalecer a gest\u00e3o da loca\u00e7\u00e3o de m\u00e1quinas e as boas pr\u00e1ticas na administra\u00e7\u00e3o do neg\u00f3cio, capacitando as empresas para tornar o segmento ainda mais profissionalizado.<\/p>\n<p style=\"text-align: justify;\">\n<p style=\"text-align: justify;\">Um ponto vital para a realiza\u00e7\u00e3o de feiras anuais na \u00e1rea da loca\u00e7\u00e3o de m\u00e1quinas \u00e9, segundo Leo, a possibilidade de di\u00e1logo com todas as \u00e1reas que comp\u00f5em esse universo. &#8220;A ANALOC Rental Show \u00e9 tamb\u00e9m um canal de intera\u00e7\u00e3o entre expositores e locadores. Juntos, queremos realizar um trabalho onde os avan\u00e7os tecnol\u00f3gicos realmente sejam facilitadores de pr\u00e1ticas sustent\u00e1veis, maior produtividade e custos operacionais justos e coerentes&#8221;, arremata o presidente do Grupo LocadoresBR.<\/p>\n<p style=\"text-align: justify;\">\n<p style=\"text-align: justify;\"><b>2\u00aa Analoc Rental Show<\/b><\/p>\n<p style=\"text-align: justify;\">Data: 2 a 4 de julho de 2024<\/p>\n<p style=\"text-align: justify;\">Riocentro, Rio de Janeiro, RJ<\/p>\n","protected":false},"excerpt":{"rendered":"<p>De acordo com a organiza\u00e7\u00e3o da 2\u00aa Analoc Rental Show, a feira mostrar\u00e1 as inova\u00e7\u00f5es, tend\u00eancias tecnol\u00f3gicas e de gest\u00e3o para o avan\u00e7o da loca\u00e7\u00e3o de m\u00e1quinas Maio, 2024 &#8211; O aumento na oferta de ferramentas el\u00e9tricas \u00e9 uma das tend\u00eancias que mais tem chamado a aten\u00e7\u00e3o no mercado de m\u00e1quinas. Tanto no segmento de [&hellip;]<\/p>\n","protected":false},"author":1,"featured_media":23799,"comment_status":"open","ping_status":"open","sticky":false,"template":"","format":"standard","meta":{"_uag_custom_page_level_css":"","footnotes":""},"categories":[32],"tags":[26520,14083,6971,7215],"class_list":["post-23798","post","type-post","status-publish","format-standard","has-post-thumbnail","hentry","category-maquinas-e-equipamentos","tag-2a-analoc-rental-show","tag-analoc","tag-locacao-de-equipamentos","tag-maquinas-e-ferramentas"],"blocksy_meta":[],"spectra_blocks_featured_image_url":{"thumbnail":{"url":"https:\/\/construcaocivil.siriusmarketingedesign.com.br\/wp-content\/uploads\/2024\/05\/LOC--150x150.jpg","width":150,"height":150},"medium":{"url":"https:\/\/construcaocivil.siriusmarketingedesign.com.br\/wp-content\/uploads\/2024\/05\/LOC--243x300.jpg","width":243,"height":300},"medium_large":{"url":"https:\/\/construcaocivil.siriusmarketingedesign.com.br\/wp-content\/uploads\/2024\/05\/LOC-.jpg","width":252,"height":311},"large":{"url":"https:\/\/construcaocivil.siriusmarketingedesign.com.br\/wp-content\/uploads\/2024\/05\/LOC-.jpg","width":252,"height":311},"full":{"url":"https:\/\/construcaocivil.siriusmarketingedesign.com.br\/wp-content\/uploads\/2024\/05\/LOC-.jpg","width":252,"height":311}},"spectra_blocks_author_info":{"display_name":"Jornal da Constru\u00e7\u00e3o Civil","avatar_url":"https:\/\/secure.gravatar.com\/avatar\/973c9774fd44ddaceb026973c4962faa70fc512bc4c9da68e8ebb40fecee6540?s=96&d=mm&r=g","author_link":"https:\/\/construcaocivil.siriusmarketingedesign.com.br\/?author=1","description":"Desde de 2013, levando muitas informa\u00e7\u00f5es, lan\u00e7amentos e produtos de qualidade para toda cadeia produtiva da constru\u00e7\u00e3o. O Futuro da constru\u00e7\u00e3o passa por aqui,"},"uagb_featured_image_src":{"full":["https:\/\/construcaocivil.siriusmarketingedesign.com.br\/wp-content\/uploads\/2024\/05\/LOC-.jpg",252,311,false],"thumbnail":["https:\/\/construcaocivil.siriusmarketingedesign.com.br\/wp-content\/uploads\/2024\/05\/LOC--150x150.jpg",150,150,true],"medium":["https:\/\/construcaocivil.siriusmarketingedesign.com.br\/wp-content\/uploads\/2024\/05\/LOC--243x300.jpg",243,300,true],"medium_large":["https:\/\/construcaocivil.siriusmarketingedesign.com.br\/wp-content\/uploads\/2024\/05\/LOC-.jpg",252,311,false],"large":["https:\/\/construcaocivil.siriusmarketingedesign.com.br\/wp-content\/uploads\/2024\/05\/LOC-.jpg",252,311,false],"1536x1536":["https:\/\/construcaocivil.siriusmarketingedesign.com.br\/wp-content\/uploads\/2024\/05\/LOC-.jpg",252,311,false],"2048x2048":["https:\/\/construcaocivil.siriusmarketingedesign.com.br\/wp-content\/uploads\/2024\/05\/LOC-.jpg",252,311,false]},"uagb_author_info":{"display_name":"Jornal da Constru\u00e7\u00e3o Civil","author_link":"https:\/\/construcaocivil.siriusmarketingedesign.com.br\/?author=1"},"uagb_comment_info":0,"uagb_excerpt":"De acordo com a organiza\u00e7\u00e3o da 2\u00aa Analoc Rental Show, a feira mostrar\u00e1 as inova\u00e7\u00f5es, tend\u00eancias tecnol\u00f3gicas e de gest\u00e3o para o avan\u00e7o da loca\u00e7\u00e3o de m\u00e1quinas Maio, 2024 &#8211; O aumento na oferta de ferramentas el\u00e9tricas \u00e9 uma das tend\u00eancias que mais tem chamado a aten\u00e7\u00e3o no mercado de m\u00e1quinas. Tanto no segmento de&hellip;","_links":{"self":[{"href":"https:\/\/construcaocivil.siriusmarketingedesign.com.br\/index.php?rest_route=\/wp\/v2\/posts\/23798","targetHints":{"allow":["GET"]}}],"collection":[{"href":"https:\/\/construcaocivil.siriusmarketingedesign.com.br\/index.php?rest_route=\/wp\/v2\/posts"}],"about":[{"href":"https:\/\/construcaocivil.siriusmarketingedesign.com.br\/index.php?rest_route=\/wp\/v2\/types\/post"}],"author":[{"embeddable":true,"href":"https:\/\/construcaocivil.siriusmarketingedesign.com.br\/index.php?rest_route=\/wp\/v2\/users\/1"}],"replies":[{"embeddable":true,"href":"https:\/\/construcaocivil.siriusmarketingedesign.com.br\/index.php?rest_route=%2Fwp%2Fv2%2Fcomments&post=23798"}],"version-history":[{"count":0,"href":"https:\/\/construcaocivil.siriusmarketingedesign.com.br\/index.php?rest_route=\/wp\/v2\/posts\/23798\/revisions"}],"wp:featuredmedia":[{"embeddable":true,"href":"https:\/\/construcaocivil.siriusmarketingedesign.com.br\/index.php?rest_route=\/wp\/v2\/media\/23799"}],"wp:attachment":[{"href":"https:\/\/construcaocivil.siriusmarketingedesign.com.br\/index.php?rest_route=%2Fwp%2Fv2%2Fmedia&parent=23798"}],"wp:term":[{"taxonomy":"category","embeddable":true,"href":"https:\/\/construcaocivil.siriusmarketingedesign.com.br\/index.php?rest_route=%2Fwp%2Fv2%2Fcategories&post=23798"},{"taxonomy":"post_tag","embeddable":true,"href":"https:\/\/construcaocivil.siriusmarketingedesign.com.br\/index.php?rest_route=%2Fwp%2Fv2%2Ftags&post=23798"}],"curies":[{"name":"wp","href":"https:\/\/api.w.org\/{rel}","templated":true}]}}