{"id":23819,"date":"2024-05-23T01:11:37","date_gmt":"2024-05-23T04:11:37","guid":{"rendered":"https:\/\/www.jornaldaconstrucaocivil.com.br\/?p=23819"},"modified":"2024-05-23T01:11:37","modified_gmt":"2024-05-23T04:11:37","slug":"iab-rj-anuncia-vencedores-do-concurso-memorial-covid-19-fiocruz-ciencia-e-saude","status":"publish","type":"post","link":"https:\/\/construcaocivil.siriusmarketingedesign.com.br\/?p=23819","title":{"rendered":"IAB-RJ anuncia vencedores do Concurso Memorial Covid-19 Fiocruz \u2013 Ci\u00eancia e Sa\u00fade"},"content":{"rendered":"<p class=\"v1MsoNormal\" style=\"text-align: justify;\">A proposta da equipe paulista formada por Paulo Jos\u00e9 Tripoloni, Pablo Mora Peludo, Gabriel Costa Dantas e Fernanda Macedo Haddad \u00e9 a vencedora do Concurso Memorial Covid-19 Fiocruz \u2013 Ci\u00eancia e Sa\u00fade. O resultado da competi\u00e7\u00e3o foi publicado na ter\u00e7a-feira, dia 21 de maio, no site\u00a0<a href=\"https:\/\/memorialcovidfiocruz.com.br\/\" target=\"_blank\" rel=\"noopener noreferrer\">https:\/\/memorialcovidfiocruz.com.br\/<\/a><\/p>\n<p class=\"v1MsoNormal\" style=\"text-align: justify;\">De acordo com o j\u00fari, o trabalho configura not\u00e1vel proposta que une circula\u00e7\u00e3o e contempla\u00e7\u00e3o, demonstrando grande sensibilidade e entendimento sobre o memorial, com a rememora\u00e7\u00e3o da pandemia e dos sofrimentos a ela associados, a import\u00e2ncia da ci\u00eancia e a resili\u00eancia dos sobreviventes, narrando de modo pouco \u00f3bvio e bastante po\u00e9tico as fases do evento pand\u00eamico.<\/p>\n<p class=\"v1MsoNormal\" style=\"text-align: justify;\">&#8220;O trabalho resulta em um conjunto que abre visuais e acessos para a vegeta\u00e7\u00e3o, diferencia-se da arquitetura existente no entorno e marca a paisagem do local&#8221;, diz trecho da ata da comiss\u00e3o julgadora.<\/p>\n<p class=\"v1MsoNormal\" style=\"text-align: justify;\">A equipe composta por Gabriela Giraldez Barros, Guilherme Albamonte Mejias, Pedro Augusto Galbiati Silva Giachini, Danielle Mascaro Pioli e Dra. Norma Mejias Quinteiro (enfermeira consultora) ficou em segundo lugar. Os mineiros Augusto e Fl\u00e1via Rodrigues Dilascio em terceiro.<\/p>\n<p class=\"v1MsoNormal\" style=\"text-align: justify;\">O j\u00fari concedeu ainda cinco men\u00e7\u00f5es honrosas. Elas foram entregues \u00e0s equipes lideradas pelos seguintes respons\u00e1veis t\u00e9cnicos: Eron Costin (PR), Antonio Roberto Zanolla (SP), Maria Cristina Motta Oliverio (SP), Matheus Augusto de Oliveira e Carvalho (DF) e Duarte Vaz Guedes e Silva (RJ).<\/p>\n<p class=\"v1MsoNormal\" style=\"text-align: justify;\">Segundo a ata de julgamento, as propostas agraciadas com men\u00e7\u00e3o honrosa possuem potencial tanto do ponto de vista conceitual como projetual.<\/p>\n<p class=\"v1MsoNormal\" style=\"text-align: justify;\">Na opini\u00e3o da presidente do Departamento Rio de Janeiro do Instituto de Arquitetos do Brasil (IAB-RJ), Marcela Abla, o concurso nacional para escolha do projeto arquitet\u00f4nico e paisag\u00edstico do Memorial Covid-19 Fiocruz \u2013 Ci\u00eancia e Sa\u00fade atendeu \u00e0s expectativas. &#8220;As propostas oferecidas responderam bem ao edital e seguramente tanto a Fiocruz quanto o IAB-RJ estar\u00e3o oferecendo \u00e0 sociedade um espa\u00e7o de mem\u00f3ria&#8221;, afirmou.<\/p>\n<p class=\"v1MsoNormal\" style=\"text-align: justify;\">\n<p class=\"v1MsoNormal\" style=\"text-align: justify;\"><strong>Empenas com desenho org\u00e2nico<\/strong><\/p>\n<p class=\"v1MsoNormal\" style=\"text-align: justify;\">\n<p class=\"v1MsoNormal\" style=\"text-align: justify;\">O projeto vencedor do Concurso Memorial Covid-19 Fiocruz \u2013 Ci\u00eancia e Sa\u00fade apresenta um espa\u00e7o de serenidade que inspira reflex\u00e3o e transforma\u00e7\u00e3o. Lembra ainda os momentos vividos durante a pandemia: as ang\u00fastias, preocupa\u00e7\u00f5es, isolamento, mudan\u00e7as e a esperan\u00e7a de supera\u00e7\u00e3o, promovendo um conceito de continuidade da vida.<\/p>\n<p class=\"v1MsoNormal\" style=\"text-align: justify;\">A proposta cria uma pra\u00e7a protegida na \u00e1rea mais movimentada, a Avenida Brasil, e a entrada principal do compus sede da Fiocruz. A organiza\u00e7\u00e3o dos fluxos pelos acessos e percursos criados direciona o olhar para a natureza existente.<\/p>\n<p class=\"v1MsoNormal\" style=\"text-align: justify;\">&#8220;Fomos inspirados a criar empenas que, servindo de prote\u00e7\u00e3o ac\u00fastica e visual, tamb\u00e9m preserva um espa\u00e7o de acolhimento da alma. Este \u00e9 um isolamento \u00e0s avessas da pandemia. Um local de paz, verdade e ao som dos p\u00e1ssaros que nele habitam&#8221;, explicam os autores na proposta enviada.<\/p>\n<p class=\"v1MsoNormal\" style=\"text-align: justify;\">As empenas brancas que envolvem o conjunto s\u00e3o como len\u00e7os que enxugam as l\u00e1grimas. A \u00e1gua que cai como l\u00e1grimas, flui em dire\u00e7\u00e3o aos lagos, simbolizando a transforma\u00e7\u00e3o e o renascimento. Ao percorrer o memorial, os visitantes s\u00e3o guiados \u00e0 contempla\u00e7\u00e3o e incentivados a continuar atrav\u00e9s da intera\u00e7\u00e3o l\u00fadica com os espa\u00e7os naturais.<\/p>\n<p class=\"v1MsoNormal\" style=\"text-align: justify;\">\n<div style=\"text-align: justify;\"><\/div>\n","protected":false},"excerpt":{"rendered":"<p>A proposta da equipe paulista formada por Paulo Jos\u00e9 Tripoloni, Pablo Mora Peludo, Gabriel Costa Dantas e Fernanda Macedo Haddad \u00e9 a vencedora do Concurso Memorial Covid-19 Fiocruz \u2013 Ci\u00eancia e Sa\u00fade. O resultado da competi\u00e7\u00e3o foi publicado na ter\u00e7a-feira, dia 21 de maio, no site\u00a0https:\/\/memorialcovidfiocruz.com.br\/ De acordo com o j\u00fari, o trabalho configura not\u00e1vel [&hellip;]<\/p>\n","protected":false},"author":1,"featured_media":23821,"comment_status":"open","ping_status":"open","sticky":false,"template":"","format":"standard","meta":{"_uag_custom_page_level_css":"","footnotes":""},"categories":[28],"tags":[909,26532,26531,5092,5835],"class_list":["post-23819","post","type-post","status-publish","format-standard","has-post-thumbnail","hentry","category-arquitetura","tag-arquitetos-e-urbanistas","tag-ciencia-e-saude","tag-concurso-memorial-covid-19","tag-fiocruz","tag-iab-rj"],"blocksy_meta":[],"spectra_blocks_featured_image_url":{"thumbnail":{"url":"https:\/\/construcaocivil.siriusmarketingedesign.com.br\/wp-content\/uploads\/2024\/05\/1o-Lugar-Fernanda-de-Macedo-Haddad-1-150x150.jpg","width":150,"height":150},"medium":{"url":"https:\/\/construcaocivil.siriusmarketingedesign.com.br\/wp-content\/uploads\/2024\/05\/1o-Lugar-Fernanda-de-Macedo-Haddad-1-300x174.jpg","width":300,"height":174},"medium_large":{"url":"https:\/\/construcaocivil.siriusmarketingedesign.com.br\/wp-content\/uploads\/2024\/05\/1o-Lugar-Fernanda-de-Macedo-Haddad-1-768x446.jpg","width":768,"height":446},"large":{"url":"https:\/\/construcaocivil.siriusmarketingedesign.com.br\/wp-content\/uploads\/2024\/05\/1o-Lugar-Fernanda-de-Macedo-Haddad-1-1024x595.jpg","width":1024,"height":595},"full":{"url":"https:\/\/construcaocivil.siriusmarketingedesign.com.br\/wp-content\/uploads\/2024\/05\/1o-Lugar-Fernanda-de-Macedo-Haddad-1.jpg","width":2046,"height":1188}},"spectra_blocks_author_info":{"display_name":"Jornal da Constru\u00e7\u00e3o Civil","avatar_url":"https:\/\/secure.gravatar.com\/avatar\/973c9774fd44ddaceb026973c4962faa70fc512bc4c9da68e8ebb40fecee6540?s=96&d=mm&r=g","author_link":"https:\/\/construcaocivil.siriusmarketingedesign.com.br\/?author=1","description":"Desde de 2013, levando muitas informa\u00e7\u00f5es, lan\u00e7amentos e produtos de qualidade para toda cadeia produtiva da constru\u00e7\u00e3o. O Futuro da constru\u00e7\u00e3o passa por aqui,"},"uagb_featured_image_src":{"full":["https:\/\/construcaocivil.siriusmarketingedesign.com.br\/wp-content\/uploads\/2024\/05\/1o-Lugar-Fernanda-de-Macedo-Haddad-1.jpg",2046,1188,false],"thumbnail":["https:\/\/construcaocivil.siriusmarketingedesign.com.br\/wp-content\/uploads\/2024\/05\/1o-Lugar-Fernanda-de-Macedo-Haddad-1-150x150.jpg",150,150,true],"medium":["https:\/\/construcaocivil.siriusmarketingedesign.com.br\/wp-content\/uploads\/2024\/05\/1o-Lugar-Fernanda-de-Macedo-Haddad-1-300x174.jpg",300,174,true],"medium_large":["https:\/\/construcaocivil.siriusmarketingedesign.com.br\/wp-content\/uploads\/2024\/05\/1o-Lugar-Fernanda-de-Macedo-Haddad-1-768x446.jpg",768,446,true],"large":["https:\/\/construcaocivil.siriusmarketingedesign.com.br\/wp-content\/uploads\/2024\/05\/1o-Lugar-Fernanda-de-Macedo-Haddad-1-1024x595.jpg",1024,595,true],"1536x1536":["https:\/\/construcaocivil.siriusmarketingedesign.com.br\/wp-content\/uploads\/2024\/05\/1o-Lugar-Fernanda-de-Macedo-Haddad-1-1536x892.jpg",1536,892,true],"2048x2048":["https:\/\/construcaocivil.siriusmarketingedesign.com.br\/wp-content\/uploads\/2024\/05\/1o-Lugar-Fernanda-de-Macedo-Haddad-1.jpg",2046,1188,false]},"uagb_author_info":{"display_name":"Jornal da Constru\u00e7\u00e3o Civil","author_link":"https:\/\/construcaocivil.siriusmarketingedesign.com.br\/?author=1"},"uagb_comment_info":0,"uagb_excerpt":"A proposta da equipe paulista formada por Paulo Jos\u00e9 Tripoloni, Pablo Mora Peludo, Gabriel Costa Dantas e Fernanda Macedo Haddad \u00e9 a vencedora do Concurso Memorial Covid-19 Fiocruz \u2013 Ci\u00eancia e Sa\u00fade. O resultado da competi\u00e7\u00e3o foi publicado na ter\u00e7a-feira, dia 21 de maio, no site\u00a0https:\/\/memorialcovidfiocruz.com.br\/ De acordo com o j\u00fari, o trabalho configura not\u00e1vel&hellip;","_links":{"self":[{"href":"https:\/\/construcaocivil.siriusmarketingedesign.com.br\/index.php?rest_route=\/wp\/v2\/posts\/23819","targetHints":{"allow":["GET"]}}],"collection":[{"href":"https:\/\/construcaocivil.siriusmarketingedesign.com.br\/index.php?rest_route=\/wp\/v2\/posts"}],"about":[{"href":"https:\/\/construcaocivil.siriusmarketingedesign.com.br\/index.php?rest_route=\/wp\/v2\/types\/post"}],"author":[{"embeddable":true,"href":"https:\/\/construcaocivil.siriusmarketingedesign.com.br\/index.php?rest_route=\/wp\/v2\/users\/1"}],"replies":[{"embeddable":true,"href":"https:\/\/construcaocivil.siriusmarketingedesign.com.br\/index.php?rest_route=%2Fwp%2Fv2%2Fcomments&post=23819"}],"version-history":[{"count":0,"href":"https:\/\/construcaocivil.siriusmarketingedesign.com.br\/index.php?rest_route=\/wp\/v2\/posts\/23819\/revisions"}],"wp:featuredmedia":[{"embeddable":true,"href":"https:\/\/construcaocivil.siriusmarketingedesign.com.br\/index.php?rest_route=\/wp\/v2\/media\/23821"}],"wp:attachment":[{"href":"https:\/\/construcaocivil.siriusmarketingedesign.com.br\/index.php?rest_route=%2Fwp%2Fv2%2Fmedia&parent=23819"}],"wp:term":[{"taxonomy":"category","embeddable":true,"href":"https:\/\/construcaocivil.siriusmarketingedesign.com.br\/index.php?rest_route=%2Fwp%2Fv2%2Fcategories&post=23819"},{"taxonomy":"post_tag","embeddable":true,"href":"https:\/\/construcaocivil.siriusmarketingedesign.com.br\/index.php?rest_route=%2Fwp%2Fv2%2Ftags&post=23819"}],"curies":[{"name":"wp","href":"https:\/\/api.w.org\/{rel}","templated":true}]}}