{"id":23833,"date":"2024-05-25T15:23:55","date_gmt":"2024-05-25T18:23:55","guid":{"rendered":"https:\/\/www.jornaldaconstrucaocivil.com.br\/?p=23833"},"modified":"2024-05-25T15:23:55","modified_gmt":"2024-05-25T18:23:55","slug":"alexandre-salles-leva-releitura-contemporanea-de-terreiro-para-a-casacor-sao-paulo-2024","status":"publish","type":"post","link":"https:\/\/construcaocivil.siriusmarketingedesign.com.br\/?p=23833","title":{"rendered":"Alexandre Salles leva releitura contempor\u00e2nea de terreiro para a CASACOR S\u00e3o Paulo 2024"},"content":{"rendered":"<p style=\"text-align: justify;\"><i>O espa\u00e7o-instala\u00e7\u00e3o art\u00edstica de 141 m\u00b2 \u00e9 materializado na cor terracota para ressaltar a import\u00e2ncia hist\u00f3rica, cultural, religiosa \u2014 e de preserva\u00e7\u00e3o de mem\u00f3rias afro-brasileiras \u2014 no que promete ser uma das arenas mais disputadas da mostra<\/i><\/p>\n<p style=\"text-align: justify;\">Maio, 2024 &#8211; O arquiteto Alexandre Salles, \u00e0 frente do Est\u00fadio Tarimba, apresenta o Terreiro, um espa\u00e7o-instala\u00e7\u00e3o art\u00edstica com foco na ancestralidade afro-brasileira, que se destaca no formato proposto para a edi\u00e7\u00e3o da CASACOR S\u00e3o Paulo 2024.<\/p>\n<p style=\"text-align: justify;\">\n<p style=\"text-align: justify;\">Inspirado na vitalidade dos quintais e terreiros como espa\u00e7os tradicionais de conv\u00edvio social, Salles, que tamb\u00e9m \u00e9 mestre em Semi\u00f3tica Urbana pela FAU-USP, prop\u00f5e uma reinterpreta\u00e7\u00e3o contempor\u00e2nea desses ambientes, enfatizando sua import\u00e2ncia hist\u00f3rica, cultural, religiosa e de preserva\u00e7\u00e3o de mem\u00f3rias afro-brasileiras.<\/p>\n<figure id=\"attachment_23835\" aria-describedby=\"caption-attachment-23835\" style=\"width: 262px\" class=\"wp-caption alignleft\"><img loading=\"lazy\" decoding=\"async\" class=\"size-medium wp-image-23835\" src=\"https:\/\/www.jornaldaconstrucaocivil.com.br\/wp-content\/uploads\/2024\/05\/handler-262x300.jpg\" alt=\"\" width=\"262\" height=\"300\" srcset=\"https:\/\/construcaocivil.siriusmarketingedesign.com.br\/wp-content\/uploads\/2024\/05\/handler-262x300.jpg 262w, https:\/\/construcaocivil.siriusmarketingedesign.com.br\/wp-content\/uploads\/2024\/05\/handler-768x879.jpg 768w, https:\/\/construcaocivil.siriusmarketingedesign.com.br\/wp-content\/uploads\/2024\/05\/handler-200x229.jpg 200w, https:\/\/construcaocivil.siriusmarketingedesign.com.br\/wp-content\/uploads\/2024\/05\/handler.jpg 800w\" sizes=\"auto, (max-width: 262px) 100vw, 262px\" \/><figcaption id=\"caption-attachment-23835\" class=\"wp-caption-text\">Terreiro por Alexandre Salles<br \/>Foto por Salvador Cordaro<\/figcaption><\/figure>\n<p style=\"text-align: justify;\">O ambiente \u00e9 preenchido de elementos verticais que evocam materialidades e mem\u00f3rias, plantas e sincretismo em converg\u00eancia, resultando em um espa\u00e7o din\u00e2mico de viv\u00eancias, encontros e aprendizados. Ele convida os visitantes a explorar e refletir sobre a riqueza e a contribui\u00e7\u00e3o da heran\u00e7a cultural negra para o Brasil.<\/p>\n<p style=\"text-align: justify;\">\n<p style=\"text-align: justify;\">O foco \u00e9 a Casa Ancestral, o Il\u00ea, o Lar, o Abrigo, o Quintal \u2014 espa\u00e7os repletos de simbolismos e significados que ecoam por meio das gera\u00e7\u00f5es. A pesquisa divide-se em tr\u00eas partes essenciais: Origem, La\u00e7os Profundos e [RE]Exist\u00eancia.<\/p>\n<p style=\"text-align: justify;\">\n<p style=\"text-align: justify;\">&#8220;O terreiro \u00e9 um lugar de encontro, \u00e9 uma pra\u00e7a e est\u00e1 diretamente ligado a lugares de intera\u00e7\u00e3o. Celebro o terreiro tamb\u00e9m conectando-o ao quintal, que tem, muitas vezes, esse jardim sincr\u00e9tico, o jardim de v\u00f3 com flores e ervas&#8221;, explica o arquiteto<\/p>\n<p style=\"text-align: justify;\">A representatividade afro-brasileira \u00e9 enfatizada de maneiras f\u00edsica, sensorial e abstrata, at\u00e9 o campo digital. No projeto, Salles reinventa a materialidade do ambiente, incorporando elementos simb\u00f3licos, texturas e formas que evocam uma narrativa visual, destacando a cultura e a hist\u00f3ria afro-brasileira.<\/p>\n<p style=\"text-align: justify;\">\n<p style=\"text-align: justify;\">O espa\u00e7o tem 141 m\u00b2 e o protagonismo do matiz terracota se apropria do pisar no ch\u00e3o, da terra batida, do estar em casa. &#8220;Usar lajotas e revestimentos que criam essa liga\u00e7\u00e3o com a terra e com o barro faz todo sentido&#8221;, reflete.<\/p>\n<p style=\"text-align: justify;\">\n<p style=\"text-align: justify;\">Na entrada, as boas-vindas ao recinto, se d\u00e3o por meio de altares que recebem os visitantes fazendo refer\u00eancia \u00e0 fam\u00edlia e \u00e0 ancestralidade, um am\u00e1lgama preciso \u00e0 narrativa deste ano da edi\u00e7\u00e3o CASACOR S\u00e3o Paulo: &#8220;De presente, o agora&#8221;.<\/p>\n<p style=\"text-align: justify;\">\n<p style=\"text-align: justify;\">Logo ap\u00f3s, h\u00e1 os sete dias da semana representados por orix\u00e1s, por meio do design, sem imagens expl\u00edcitas, mas com pequenas instala\u00e7\u00f5es que evocam esse tipo de refer\u00eancia. E na sequ\u00eancia, ainda temos o espa\u00e7o central que \u00e9 protagonista do Terreiro. O ambiente se desdobra em um grande c\u00edrculo e ser\u00e1 usado como apoio para rodas de conversas e entre outros eventos sob a chancela oficial da CASACOR.<\/p>\n<p style=\"text-align: justify;\">\n<p style=\"text-align: justify;\">&#8220;Teremos outra parte que chamo de La\u00e7os Profundos, que ser\u00e1 preenchida por imagens, arte pl\u00e1stica e objetos que v\u00e3o trazer um pouco dessa mem\u00f3ria afro-brasileira. E eu tamb\u00e9m trago para o espa\u00e7o a intelig\u00eancia artificial&#8221;, ressalta.<\/p>\n<p style=\"text-align: justify;\">\n<p style=\"text-align: justify;\">Nesse sentido, o arquiteto trouxe para o layout uma parede com c\u00f3digo de intelig\u00eancia artificial, feita por Indio San. A composi\u00e7\u00e3o faz refer\u00eancia ao contingente de pesquisa realizada, apoiado em refer\u00eancias diversas sobre a heran\u00e7a cultural e tecnologia construtiva africanas e transmuta em um elemento arqueol\u00f3gico do futuro, propondo assim, um di\u00e1logo interessante com os aprendizados contempor\u00e2neos do agora.<\/p>\n<p style=\"text-align: justify;\">H\u00e1 ainda, a Instala\u00e7\u00e3o Costura do Tempo, uma homenagem \u00e0s matriarcas, \u00e0s m\u00e3es, s\u00edmbolos dos saberes da ancestralidade africana, referenciadas pela manualidade de cozer, do tecer, do unir, do gerar, do cantar, do sonhar, do passar adiante, em comunh\u00e3o com a representatividade destas mulheres frente a sua resili\u00eancia a temporalidade da vida.<\/p>\n<p style=\"text-align: justify;\">\n<p style=\"text-align: justify;\">&#8220;N\u00e3o tem como referenciar esse terreiro, esse quintal, sem a presen\u00e7a dessas mulheres: as nossas av\u00f3s, nossas m\u00e3es e as nossas bisav\u00f3s. Por isso, terminamos o trajeto com a pr\u00f3pria intelig\u00eancia artificial, sendo um convite para o futuro, mas sem esquecer o passado. O sonho \u00e9 azul, alinhavos de todos os nossos desejos e esperan\u00e7a. Ax\u00e9&#8221;, revela.<\/p>\n<p style=\"text-align: justify;\">\n<p style=\"text-align: justify;\">No ambiente, a engenharia \u00e9 realizada pela BSER Engenharia e RR Construtora, o forro ac\u00fastico e a cortina s\u00e3o produzidos por Ladytex, as bandeirolas de tecido s\u00e3o da Promex Decor, as estruturas de bambu s\u00e3o do designer Aur\u00e9lio Pimentel e o projeto de paisagismo de Gil Fialho.<\/p>\n<p style=\"text-align: justify;\">\n<p style=\"text-align: justify;\">Al\u00e9m deles, h\u00e1 tamb\u00e9m os vasos de polietileno 100% reciclado da Vasap Design que comp\u00f5em o ambiente, a luminot\u00e9cnica \u00e9 de Carlos Fortes Ilumina\u00e7\u00e3o, os pisos cer\u00e2micos s\u00e3o da Lepri, a pintura do espa\u00e7o das tintas da Coral e o piso cer\u00e2mico de caquinho telado s\u00e3o da Colormix.<\/p>\n<p style=\"text-align: justify;\">\n<p style=\"text-align: justify;\">A marcenaria \u00e9 da Marcenaria Tambor\u00e9 e Pipa Movelaria, serralheria da Carvalho &amp; Carvalho, a LG inclui no espa\u00e7o as caixas de som e pain\u00e9is de LED e o gesso \u00e9 da Gesso Guarapiranga.<\/p>\n<p style=\"text-align: justify;\">\n<p style=\"text-align: justify;\"><strong>SERVI\u00c7O \u2014 CASACOR S\u00e3o Paulo 2024<\/strong><\/p>\n<p style=\"text-align: justify;\"><strong>Onde<\/strong>: Conjunto Nacional, na Avenida Paulista, 2073<\/p>\n<p style=\"text-align: justify;\"><strong>Quando<\/strong>: de 21 de maio a 28 de julho de 2024<\/p>\n<p style=\"text-align: justify;\"><strong>Hor\u00e1rio de funcionamento do evento<\/strong>:<\/p>\n<p style=\"text-align: justify;\">Ter\u00e7a a S\u00e1bado das 12h \u00e0s 22h<\/p>\n<p style=\"text-align: justify;\">Domingos e Feriados das 11h \u00e0s 21h<\/p>\n<p style=\"text-align: justify;\"><strong>Hor\u00e1rio bilheteria<\/strong>:<\/p>\n<p style=\"text-align: justify;\">Ter\u00e7a a S\u00e1bado das 12h \u00e0s 20h<\/p>\n<p style=\"text-align: justify;\"><i><strong>*Fechamento da bilheteria f\u00edsica 15 minutos ap\u00f3s o \u00faltimo hor\u00e1rio de cada dia. A visita poder\u00e1 acontecer at\u00e9 \u00e0s 22h<\/strong><\/i><\/p>\n<p style=\"text-align: justify;\"><i><strong>Domingos e Feriados das 11h \u00e0s 19h<\/strong><\/i><\/p>\n<p style=\"text-align: justify;\"><i><strong>*Fechamento da bilheteria f\u00edsica 15 minutos ap\u00f3s o \u00faltimo hor\u00e1rio de cada dia. A visita poder\u00e1 acontecer at\u00e9 \u00e0s 21h<\/strong><\/i><\/p>\n<p style=\"text-align: justify;\">\n<p style=\"text-align: justify;\"><strong>Bilheteria digital<\/strong>:\u00a0<a href=\"https:\/\/appcasacor.com.br\/events\/sao-paulo-2024\/tickets\" target=\"_blank\" rel=\"noopener noreferrer\">Link\u00a0<\/a><\/p>\n<p style=\"text-align: justify;\">\n<p style=\"text-align: justify;\"><strong>Valores ingressos<\/strong>: De ter\u00e7a a domingo e feriados &#8211; R$111,00 (inteira) e R$ 56,00 (meia-entrada)<\/p>\n<p style=\"text-align: justify;\">\n<p style=\"text-align: justify;\"><strong>Compra de ingresso de meia-entrada<\/strong><\/p>\n<p style=\"text-align: justify;\">&#8211; Idoso a partir de 60 anos;<\/p>\n<p style=\"text-align: justify;\">&#8211; Estudante apresentando o documento v\u00e1lido com foto ou recibo de pagamento;<\/p>\n<p style=\"text-align: justify;\">&#8211; PNE (portador de necessidade especiais) e seu acompanhante (conforme lei 12.933\/13);<\/p>\n<p style=\"text-align: justify;\">&#8211; Professor da rede p\u00fablica e privada, apresentando o documento v\u00e1lido com foto.<\/p>\n<p style=\"text-align: justify;\"><i><strong>*Promo\u00e7\u00e3o de pr\u00e9-venda n\u00e3o v\u00e1lida para meia-entrada<\/strong><\/i><\/p>\n<p style=\"text-align: justify;\"><i><strong>*Comprova\u00e7\u00e3o de meia-entrada ser\u00e1 exigida na porta.<\/strong><\/i><\/p>\n<p style=\"text-align: justify;\">\n<p style=\"text-align: justify;\"><strong>Importante:<\/strong><\/p>\n<p style=\"text-align: justify;\">Gratuidade de entrada para crian\u00e7as com idade comprovada de at\u00e9 10 anos.<\/p>\n<p style=\"text-align: justify;\">1 (um) CPF pode comprar no m\u00e1ximo 10 ingressos.<\/p>\n<p style=\"text-align: justify;\"><strong>Venda Grupo:<\/strong><\/p>\n<p style=\"text-align: justify;\">Compras acima de 10 ingressos ou por CNPJ, envie e-mail para\u00a0<u><a href=\"mailto:bilheteriacasacor@abril.com.br\" rel=\"noreferrer\">bilheteriacasacor@abril.com.br<\/a><\/u><\/p>\n","protected":false},"excerpt":{"rendered":"<p>O espa\u00e7o-instala\u00e7\u00e3o art\u00edstica de 141 m\u00b2 \u00e9 materializado na cor terracota para ressaltar a import\u00e2ncia hist\u00f3rica, cultural, religiosa \u2014 e de preserva\u00e7\u00e3o de mem\u00f3rias afro-brasileiras \u2014 no que promete ser uma das arenas mais disputadas da mostra Maio, 2024 &#8211; O arquiteto Alexandre Salles, \u00e0 frente do Est\u00fadio Tarimba, apresenta o Terreiro, um espa\u00e7o-instala\u00e7\u00e3o art\u00edstica [&hellip;]<\/p>\n","protected":false},"author":1,"featured_media":23834,"comment_status":"open","ping_status":"open","sticky":false,"template":"","format":"standard","meta":{"_uag_custom_page_level_css":"","footnotes":""},"categories":[28],"tags":[25391,911,26539,3534,26537,26540,8595,26538],"class_list":["post-23833","post","type-post","status-publish","format-standard","has-post-thumbnail","hentry","category-arquitetura","tag-casacorsp","tag-arquitetura","tag-casa-cor-sp-2024","tag-design","tag-matriz-africana","tag-o-lar","tag-paisagismo","tag-terreiro-ancestral"],"blocksy_meta":[],"spectra_blocks_featured_image_url":{"thumbnail":{"url":"https:\/\/construcaocivil.siriusmarketingedesign.com.br\/wp-content\/uploads\/2024\/05\/6f977378704f0d85ebbfef5181639cc2-150x150.jpeg","width":150,"height":150},"medium":{"url":"https:\/\/construcaocivil.siriusmarketingedesign.com.br\/wp-content\/uploads\/2024\/05\/6f977378704f0d85ebbfef5181639cc2-300x200.jpeg","width":300,"height":200},"medium_large":{"url":"https:\/\/construcaocivil.siriusmarketingedesign.com.br\/wp-content\/uploads\/2024\/05\/6f977378704f0d85ebbfef5181639cc2-768x513.jpeg","width":768,"height":513},"large":{"url":"https:\/\/construcaocivil.siriusmarketingedesign.com.br\/wp-content\/uploads\/2024\/05\/6f977378704f0d85ebbfef5181639cc2-1024x683.jpeg","width":1024,"height":683},"full":{"url":"https:\/\/construcaocivil.siriusmarketingedesign.com.br\/wp-content\/uploads\/2024\/05\/6f977378704f0d85ebbfef5181639cc2-scaled.jpeg","width":2560,"height":1709}},"spectra_blocks_author_info":{"display_name":"Jornal da Constru\u00e7\u00e3o Civil","avatar_url":"https:\/\/secure.gravatar.com\/avatar\/973c9774fd44ddaceb026973c4962faa70fc512bc4c9da68e8ebb40fecee6540?s=96&d=mm&r=g","author_link":"https:\/\/construcaocivil.siriusmarketingedesign.com.br\/?author=1","description":"Desde de 2013, levando muitas informa\u00e7\u00f5es, lan\u00e7amentos e produtos de qualidade para toda cadeia produtiva da constru\u00e7\u00e3o. O Futuro da constru\u00e7\u00e3o passa por aqui,"},"uagb_featured_image_src":{"full":["https:\/\/construcaocivil.siriusmarketingedesign.com.br\/wp-content\/uploads\/2024\/05\/6f977378704f0d85ebbfef5181639cc2-scaled.jpeg",2560,1709,false],"thumbnail":["https:\/\/construcaocivil.siriusmarketingedesign.com.br\/wp-content\/uploads\/2024\/05\/6f977378704f0d85ebbfef5181639cc2-150x150.jpeg",150,150,true],"medium":["https:\/\/construcaocivil.siriusmarketingedesign.com.br\/wp-content\/uploads\/2024\/05\/6f977378704f0d85ebbfef5181639cc2-300x200.jpeg",300,200,true],"medium_large":["https:\/\/construcaocivil.siriusmarketingedesign.com.br\/wp-content\/uploads\/2024\/05\/6f977378704f0d85ebbfef5181639cc2-768x513.jpeg",768,513,true],"large":["https:\/\/construcaocivil.siriusmarketingedesign.com.br\/wp-content\/uploads\/2024\/05\/6f977378704f0d85ebbfef5181639cc2-1024x683.jpeg",1024,683,true],"1536x1536":["https:\/\/construcaocivil.siriusmarketingedesign.com.br\/wp-content\/uploads\/2024\/05\/6f977378704f0d85ebbfef5181639cc2-1536x1025.jpeg",1536,1025,true],"2048x2048":["https:\/\/construcaocivil.siriusmarketingedesign.com.br\/wp-content\/uploads\/2024\/05\/6f977378704f0d85ebbfef5181639cc2-2048x1367.jpeg",2048,1367,true]},"uagb_author_info":{"display_name":"Jornal da Constru\u00e7\u00e3o Civil","author_link":"https:\/\/construcaocivil.siriusmarketingedesign.com.br\/?author=1"},"uagb_comment_info":0,"uagb_excerpt":"O espa\u00e7o-instala\u00e7\u00e3o art\u00edstica de 141 m\u00b2 \u00e9 materializado na cor terracota para ressaltar a import\u00e2ncia hist\u00f3rica, cultural, religiosa \u2014 e de preserva\u00e7\u00e3o de mem\u00f3rias afro-brasileiras \u2014 no que promete ser uma das arenas mais disputadas da mostra Maio, 2024 &#8211; O arquiteto Alexandre Salles, \u00e0 frente do Est\u00fadio Tarimba, apresenta o Terreiro, um espa\u00e7o-instala\u00e7\u00e3o art\u00edstica&hellip;","_links":{"self":[{"href":"https:\/\/construcaocivil.siriusmarketingedesign.com.br\/index.php?rest_route=\/wp\/v2\/posts\/23833","targetHints":{"allow":["GET"]}}],"collection":[{"href":"https:\/\/construcaocivil.siriusmarketingedesign.com.br\/index.php?rest_route=\/wp\/v2\/posts"}],"about":[{"href":"https:\/\/construcaocivil.siriusmarketingedesign.com.br\/index.php?rest_route=\/wp\/v2\/types\/post"}],"author":[{"embeddable":true,"href":"https:\/\/construcaocivil.siriusmarketingedesign.com.br\/index.php?rest_route=\/wp\/v2\/users\/1"}],"replies":[{"embeddable":true,"href":"https:\/\/construcaocivil.siriusmarketingedesign.com.br\/index.php?rest_route=%2Fwp%2Fv2%2Fcomments&post=23833"}],"version-history":[{"count":0,"href":"https:\/\/construcaocivil.siriusmarketingedesign.com.br\/index.php?rest_route=\/wp\/v2\/posts\/23833\/revisions"}],"wp:featuredmedia":[{"embeddable":true,"href":"https:\/\/construcaocivil.siriusmarketingedesign.com.br\/index.php?rest_route=\/wp\/v2\/media\/23834"}],"wp:attachment":[{"href":"https:\/\/construcaocivil.siriusmarketingedesign.com.br\/index.php?rest_route=%2Fwp%2Fv2%2Fmedia&parent=23833"}],"wp:term":[{"taxonomy":"category","embeddable":true,"href":"https:\/\/construcaocivil.siriusmarketingedesign.com.br\/index.php?rest_route=%2Fwp%2Fv2%2Fcategories&post=23833"},{"taxonomy":"post_tag","embeddable":true,"href":"https:\/\/construcaocivil.siriusmarketingedesign.com.br\/index.php?rest_route=%2Fwp%2Fv2%2Ftags&post=23833"}],"curies":[{"name":"wp","href":"https:\/\/api.w.org\/{rel}","templated":true}]}}