{"id":2390,"date":"2016-06-30T21:32:19","date_gmt":"2016-06-30T21:32:19","guid":{"rendered":"http:\/\/www.jornaldaconstrucaocivil.com.br\/?p=2390"},"modified":"2016-06-30T21:32:19","modified_gmt":"2016-06-30T21:32:19","slug":"maxxi-training-traz-feira-de-conhecimentotecnico-para-o-rio-de-janeiro","status":"publish","type":"post","link":"https:\/\/construcaocivil.siriusmarketingedesign.com.br\/?p=2390","title":{"rendered":"Maxxi Training traz Feira de ConhecimentoT\u00e9cnico para o Rio de Janeiro"},"content":{"rendered":"<p><strong>Evento apresenta as novidades do mercado de repara\u00e7\u00e3o automotiva<\/strong><\/p>\n<p><span style=\"color: #000000;\">Os ve\u00edculos est\u00e3o cada vez mais passando por atualiza\u00e7\u00f5es e com isso ficando mais sofisticados, exigindo do reparador automotivo velocidade em seu processo de capacita\u00e7\u00e3o para atender a um mercado cada vez mais exigente.<\/span><\/p>\n<figure id=\"attachment_2391\" aria-describedby=\"caption-attachment-2391\" style=\"width: 300px\" class=\"wp-caption alignleft\"><a href=\"http:\/\/www.jornaldaconstrucaocivil.com.br\/wp-content\/uploads\/2016\/06\/DPCASCOL.jpg\"><img loading=\"lazy\" decoding=\"async\" class=\"wp-image-2391 size-medium\" src=\"http:\/\/www.jornaldaconstrucaocivil.com.br\/wp-content\/uploads\/2016\/06\/DPCASCOL-300x207.jpg\" alt=\"DPCASCOL\" width=\"300\" height=\"207\" \/><\/a><figcaption id=\"caption-attachment-2391\" class=\"wp-caption-text\"><span style=\"color: #ff0000;\">Alunos ter\u00e3o a oportunidades de se qualificarem mercado de repara\u00e7\u00e3o automotiva.<span style=\"color: #000080;\"> Imagem: DPK\u00a0<\/span><\/span><\/figcaption><\/figure>\n<p><span style=\"color: #000000;\">Com a ideia de ajudar este mec\u00e2nico, surge o Maxxi Training, um distribuidor de conhecimento, que traz para o Rio de Janeiro, nos dias 05,06 e 07 de julho, a <span style=\"color: #0000ff;\">270\u00aa Feira de Conhecimento T\u00e9cnico<\/span>. Estes encontros, realizados em todo Brasil, re\u00fanem fabricantes automotivos e aplicadores para uma exposi\u00e7\u00e3o e depois a capacita\u00e7\u00e3o destes profissionais.\u00a0A exposi\u00e7\u00e3o conta com a presen\u00e7a de diversas empresas do segmento como: DPK Pe\u00e7as, DPK Pneus, Top Service, Saff Maxx, #SaiZika, KDaPe\u00e7a, Dyna e Senai Jacarepagu\u00e1. Cerca de 500 pessoas s\u00e3o esperadas, durante os tr\u00eas dias de feira<\/span><\/p>\n<p>O Maxxi Training trabalha h\u00e1 quatro anos com o objetivo de consolidar o conhecimento e potencializar a certifica\u00e7\u00e3o de diversos trabalhadores da \u00e1rea automotiva. J\u00e1 entregou mais de 70 mil certifica\u00e7\u00f5es, entre 2011 e 2015. Percorreu 13 estados brasileiros, realizando mais de 260 \u201cFeiras do Conhecimento\u201d, com mais de 6.000 mil cursos de capacita\u00e7\u00e3o.<\/p>\n<p>\u201cO mercado de repara\u00e7\u00e3o automotiva est\u00e1 carente de m\u00e3o de obra especializada. Hoje em dia se atualizar sobre as tecnologias virou praticamente uma obriga\u00e7\u00e3o para quem est\u00e1 dentro desta \u00e1rea, Um profissional com conhecimento ir\u00e1 atender as expectativas de seu cliente\u201d, destaca T\u00e2nia Rios, supervisora do Maxxi Training.<\/p>\n<p>As inscri\u00e7\u00f5es s\u00e3o feitas pelo site<span style=\"color: #0000ff;\"> www.feiramt.com.br<\/span> e \u00e9 cobrada uma taxa de inscri\u00e7\u00e3o de R$20,00 por dia, que podem ser pagas via boleto ou dep\u00f3sito banc\u00e1rio, o curso emite certifica\u00e7\u00e3o.<\/p>\n<p>Para mais informa\u00e7\u00f5es sobre as outras edi\u00e7\u00f5es ou conferir os seus v\u00eddeos, basta acessar os links: <span style=\"color: #0000ff;\">https:\/\/www.facebook.com\/Maxxitraining\/?fref=ts<\/span>\u00a0ou<span style=\"color: #0000ff;\"> http:\/\/www.vimeo.com\/maxxitraining<\/span><\/p>\n<p><span style=\"color: #800080;\"><strong>Cursos t\u00e9cnicos<\/strong> <\/span><br \/>\n<span style=\"color: #000000;\">O Maxxi Training re\u00fane fabricantes e parceiros que estar\u00e3o presentes com os seguintes cursos t\u00e9cnicos:<\/span><\/p>\n<p><span style=\"color: #000000;\">LINHA LEVE \u2013 Suspens\u00e3o (Foco em amortecedores) \u2013 COFAP<\/span><br \/>\n<span style=\"color: #000000;\">LINHA LEVE \u2013 Rolamentos \u2013 Solu\u00e7\u00f5es Tecnol\u00f3gicas SKF \u2013 SKF<\/span><br \/>\n<span style=\"color: #000000;\">LINHA LEVE \u2013 (Dias 05 e 07) Terminal, barramento, piv\u00f4 e suspens\u00e3o NAKATA<\/span><br \/>\n<span style=\"color: #000000;\">LINHA PESADA \u2013 (Dia 06) Suspens\u00e3o e transmiss\u00e3o \u2013 NAKATA<\/span><br \/>\n<span style=\"color: #000000;\">LINHA LEVE \u2013 Embreagem \u2013 LUK<\/span><br \/>\n<span style=\"color: #000000;\">LINHA LEVE \u2013 Inje\u00e7\u00e3o eletr\u00f4nica \u2013 BOSCH<\/span><br \/>\n<span style=\"color: #000000;\">LINHA LEVE E ACESS\u00d3RIOS &#8211; Tecnologia e aplica\u00e7\u00e3o de baterias automotivas Heliar &#8211; HELIAR<\/span><\/p>\n<p><strong><span style=\"color: #000000;\">SERVI\u00c7O:<\/span><\/strong><br \/>\n<span style=\"color: #000000;\">Edi\u00e7\u00e3o: 270\u00aa Feira do Conhecimento<\/span><br \/>\n<span style=\"color: #000000;\">Data:05, 06 e 07 de Julho \u2013 ter\u00e7a, quarta e quinta feira.<\/span><br \/>\n<span style=\"color: #000000;\">Local: Senai Jacarepagu\u00e1<\/span><br \/>\n<span style=\"color: #000000;\"> Avenida Gerem\u00e1rio Dantas, 940, Jacarepagu\u00e1 \u2013 Rio de Janeiro\/RJ<\/span><\/p>\n<p><strong><span style=\"color: #000000;\">SOBRE A DPK<\/span><\/strong><\/p>\n<p><span style=\"color: #000000;\">A DPK \u00e9 uma rede especializada na distribui\u00e7\u00e3o de autope\u00e7as para todo o territ\u00f3rio nacional, que faz parte do Grupo DPaschoal. No mercado desde 1987, conta com o mais avan\u00e7ado sistema de distribui\u00e7\u00e3o com dezoito dep\u00f3sitos espalhados pelo Pa\u00eds, nas cidades de Campinas, matriz da empresa, Bel\u00e9m, Belo Horizonte, Bras\u00edlia, Campo Grande, Cuiab\u00e1, Curitiba, Florian\u00f3polis, Fortaleza, Goi\u00e2nia, Porto Alegre, Presidente Prudente, Recife, Ribeir\u00e3o Preto, Rio de Janeiro, Salvador, S\u00e3o Jos\u00e9 do Rio Preto, S\u00e3o Paulo e Vit\u00f3ria. O Grupo DPaschoal compreende tamb\u00e9m o Maxxi Training, portal AutoZ, a Funda\u00e7\u00e3o Educar e as empresas Daterra.<\/span><\/p>\n<p><span style=\"color: #000000;\">Saiba mais em <span style=\"color: #0000ff;\">www.dpaschoal.com.br<\/span> ou <span style=\"color: #0000ff;\">www.dpk.com.br<\/span>.<\/span><\/p>\n","protected":false},"excerpt":{"rendered":"<p>Evento apresenta as novidades do mercado de repara\u00e7\u00e3o automotiva Os ve\u00edculos est\u00e3o cada vez mais passando por atualiza\u00e7\u00f5es e com isso ficando mais sofisticados, exigindo do reparador automotivo velocidade em seu processo de capacita\u00e7\u00e3o para atender a um mercado cada vez mais exigente. Com a ideia de ajudar este mec\u00e2nico, surge o Maxxi Training, um [&hellip;]<\/p>\n","protected":false},"author":1,"featured_media":0,"comment_status":"open","ping_status":"open","sticky":false,"template":"","format":"standard","meta":{"_uag_custom_page_level_css":"","footnotes":""},"categories":[27],"tags":[1507,2395,3806,3807,4933,5760,7076,7394,8043,10878,11350],"class_list":["post-2390","post","type-post","status-publish","format-standard","hentry","category-acontece","tag-bosch","tag-cofap","tag-dpaschoal","tag-dpk","tag-feira-do-conhecimento-tecnico","tag-heliar","tag-luk","tag-maxxi-training","tag-nakata","tag-senai-jacarepaguarj","tag-solucoes-tecnologicas"],"blocksy_meta":[],"spectra_blocks_featured_image_url":null,"spectra_blocks_author_info":{"display_name":"Jornal da Constru\u00e7\u00e3o Civil","avatar_url":"https:\/\/secure.gravatar.com\/avatar\/973c9774fd44ddaceb026973c4962faa70fc512bc4c9da68e8ebb40fecee6540?s=96&d=mm&r=g","author_link":"https:\/\/construcaocivil.siriusmarketingedesign.com.br\/?author=1","description":"Desde de 2013, levando muitas informa\u00e7\u00f5es, lan\u00e7amentos e produtos de qualidade para toda cadeia produtiva da constru\u00e7\u00e3o. O Futuro da constru\u00e7\u00e3o passa por aqui,"},"uagb_featured_image_src":{"full":false,"thumbnail":false,"medium":false,"medium_large":false,"large":false,"1536x1536":false,"2048x2048":false},"uagb_author_info":{"display_name":"Jornal da Constru\u00e7\u00e3o Civil","author_link":"https:\/\/construcaocivil.siriusmarketingedesign.com.br\/?author=1"},"uagb_comment_info":0,"uagb_excerpt":"Evento apresenta as novidades do mercado de repara\u00e7\u00e3o automotiva Os ve\u00edculos est\u00e3o cada vez mais passando por atualiza\u00e7\u00f5es e com isso ficando mais sofisticados, exigindo do reparador automotivo velocidade em seu processo de capacita\u00e7\u00e3o para atender a um mercado cada vez mais exigente. Com a ideia de ajudar este mec\u00e2nico, surge o Maxxi Training, um&hellip;","_links":{"self":[{"href":"https:\/\/construcaocivil.siriusmarketingedesign.com.br\/index.php?rest_route=\/wp\/v2\/posts\/2390","targetHints":{"allow":["GET"]}}],"collection":[{"href":"https:\/\/construcaocivil.siriusmarketingedesign.com.br\/index.php?rest_route=\/wp\/v2\/posts"}],"about":[{"href":"https:\/\/construcaocivil.siriusmarketingedesign.com.br\/index.php?rest_route=\/wp\/v2\/types\/post"}],"author":[{"embeddable":true,"href":"https:\/\/construcaocivil.siriusmarketingedesign.com.br\/index.php?rest_route=\/wp\/v2\/users\/1"}],"replies":[{"embeddable":true,"href":"https:\/\/construcaocivil.siriusmarketingedesign.com.br\/index.php?rest_route=%2Fwp%2Fv2%2Fcomments&post=2390"}],"version-history":[{"count":0,"href":"https:\/\/construcaocivil.siriusmarketingedesign.com.br\/index.php?rest_route=\/wp\/v2\/posts\/2390\/revisions"}],"wp:attachment":[{"href":"https:\/\/construcaocivil.siriusmarketingedesign.com.br\/index.php?rest_route=%2Fwp%2Fv2%2Fmedia&parent=2390"}],"wp:term":[{"taxonomy":"category","embeddable":true,"href":"https:\/\/construcaocivil.siriusmarketingedesign.com.br\/index.php?rest_route=%2Fwp%2Fv2%2Fcategories&post=2390"},{"taxonomy":"post_tag","embeddable":true,"href":"https:\/\/construcaocivil.siriusmarketingedesign.com.br\/index.php?rest_route=%2Fwp%2Fv2%2Ftags&post=2390"}],"curies":[{"name":"wp","href":"https:\/\/api.w.org\/{rel}","templated":true}]}}