{"id":23910,"date":"2024-06-06T10:49:51","date_gmt":"2024-06-06T13:49:51","guid":{"rendered":"https:\/\/www.jornaldaconstrucaocivil.com.br\/?p=23910"},"modified":"2024-06-06T10:49:51","modified_gmt":"2024-06-06T13:49:51","slug":"feira-internacional-de-arquitetura-construcao-e-design-revest-rio-sera-de-17-a-19-de-outubro","status":"publish","type":"post","link":"https:\/\/construcaocivil.siriusmarketingedesign.com.br\/?p=23910","title":{"rendered":"Feira Internacional de Arquitetura, Constru\u00e7\u00e3o e Design, REVEST RIO ser\u00e1 de 17 a 19 de outubro"},"content":{"rendered":"<p style=\"text-align: justify;\"><span style=\"color: #993300;\"><i>Segunda edi\u00e7\u00e3o da Feira Internacional de Arquitetura, Constru\u00e7\u00e3o, Design, M\u00e1rmore e Revestimento volta ao Rio de Janeiro com novidades, conte\u00fado, debates sobre a ressignifica\u00e7\u00e3o da constru\u00e7\u00e3o sustent\u00e1vel, networking e exposi\u00e7\u00f5es de projetos urban\u00edsticos, arquitet\u00f4nicos e ilumina\u00e7\u00e3o<\/i><\/span><\/p>\n<div>\n<p style=\"text-align: justify;\">Depois de alguns anos, a esperada feira REVEST Rio retorna \u00e0 capital fluminense apresentando inova\u00e7\u00f5es significativas nos setores da arquitetura, design, acabamentos e revestimentos durante os dias 17 a 19 de outubro, na Expo Mag, na regi\u00e3o central da cidade.<\/p>\n<p style=\"text-align: justify;\">Organizada pela Editora VJ e realizada pelo Simagram (Sindicato das Ind\u00fastrias de M\u00e1rmores, Granitos, Rochas, Afins do Estado do Rio de Janeiro) com apoio da FIRJAN (Federa\u00e7\u00e3o das Ind\u00fastrias do Rio de Janeiro), o evento reunir\u00e1 cerca de 100 expositores em um encontro B2B entre as ind\u00fastrias, fornecedores, construtoras, home centers, engenheiros e arquitetos para troca de experi\u00eancias e gera\u00e7\u00e3o de neg\u00f3cios.<\/p>\n<p style=\"text-align: justify;\">A estimativa para esta edi\u00e7\u00e3o \u00e9 receber mais de 15 mil de visitantes, 10 mil arquitetos e designers e mais de 5 mil participantes nas palestras, exposi\u00e7\u00f5es e rodadas de neg\u00f3cios. Entre o p\u00fablico visitante a REVEST Rio contar\u00e1 tamb\u00e9m com a presen\u00e7a das maiores construtoras do pa\u00eds e as principais revendas e home centers nos eixos Rio, S\u00e3o Paulo, Minas Gerais e Esp\u00edrito Santo.<\/p>\n<p style=\"text-align: justify;\">Em uma \u00e1rea com 5000 m\u00b2 a REVEST RIO estar\u00e1 setorizada com cores que sinalizar\u00e3o as categorias de produtos expostos; M\u00e1rmores e Granitos, Revestimentos Cer\u00e2micos, Tintas e Texturas, Lou\u00e7as e Metais, Vidros e Esquadrias, Ilumina\u00e7\u00e3o, Energia Solar, Ar-Condicionado, Pisos Especiais, Solu\u00e7\u00f5es Ac\u00fasticas, eventos paralelos e experi\u00eancias imersivas que agu\u00e7ar\u00e3o sensa\u00e7\u00f5es e despertar\u00e3o os sentidos.<\/p>\n<p style=\"text-align: justify;\">\u201c<em>A REVEST Rio n\u00e3o \u00e9 apenas uma feira de produtos para constru\u00e7\u00e3o, e sim, um grande evento com diversas a\u00e7\u00f5es paralelas, simp\u00f3sios e f\u00f3runs, em que se debater\u00e1 temas relevantes sobre o futuro da arquitetura e constru\u00e7\u00e3o sustent\u00e1vel, retails design, inova\u00e7\u00f5es, tecnologias e intelig\u00eancia artificial reunindo os mais renomados profissionais e com vasta experi\u00eancia de cada setor\u201d,<\/em>\u00a0diz o CEO da REVEST RIO, Philip Vit\u00f3rio.\u00a0<em>\u201cEstamos falando de grandes nomes nacionais como o arquiteto carioca Ivan Resende, respons\u00e1vel pelo retrofit do Teatro Copacabana Palace; F\u00e1bio Aurichio, especializado em shopping centers, Maur\u00edcio Queiroz, uma refer\u00eancia em retail design, al\u00e9m do engenheiro Rog\u00e9rio Regazzi, s\u00f3 para citar alguns\u201d,<\/em>\u00a0complementa o CEO.<\/p>\n<p style=\"text-align: justify;\"><strong>Destaques da REVESTRIO<\/strong><\/p>\n<p style=\"text-align: justify;\"><strong>Design de interiores N\u00e1utico:<\/strong>\u00a0O Brasil \u00e9 apontado internacionalmente como 5\u00b0 melhor destino N\u00e1utico do mundo, mas ainda est\u00e1 distante de fazer jus aos 8,5 mil km de litoral banhado pelo o ceano Atl\u00e2ntico. Trazer essa discuss\u00e3o para a REVESTRIO \u00e9 abrir um mar de oportunidades para o universo da arquitetura e do design N\u00e1utico nacional. Os visitantes poder\u00e3o conferir de perto as novidades em design e decora\u00e7\u00e3o de interiores n\u00e1uticos e visualizar a criatividade capaz de equilibrar conforto, luxo e funcionalidade em espa\u00e7os reduzidos, obtendo inspira\u00e7\u00e3o para seus pr\u00f3prios projetos. iates se destacam como TINE HOUSES que flutuam.<\/p>\n<p style=\"text-align: justify;\"><strong>Sustentabilidade<\/strong>: Arquitetos, engenheiros e designers ter\u00e3o a oportunidade de conhecer de perto as propriedades t\u00e9cnicas dessas madeiras ecol\u00f3gicas da Eco Construction e suas diversas aplica\u00e7\u00f5es. Este lan\u00e7amento \u00e9 inovador feito com borras de caf\u00e9.<\/p>\n<p style=\"text-align: justify;\"><strong>Confira tamb\u00e9m os ESPA\u00c7OS SENSORIAIS que ter\u00e3o na 2\u00aa edi\u00e7\u00e3o REVESTRIO:<\/strong><\/p>\n<p style=\"text-align: justify;\"><strong>Shopping do Futuro &#8211;\u00a0<\/strong>Assinado por F\u00e1bio Aurichio<\/p>\n<p style=\"text-align: justify;\">Se destaca como um dos principais escrit\u00f3rios de arquitetura especializados em shopping centres na atualidade e assina o retrofit e as amplia\u00e7\u00f5es de famosos centros de compras como Shopping da Bahia, Shopping Vila Lobos, Shopping<strong>\u00a0West Plaza entre muitos outros<\/strong><\/p>\n<p style=\"text-align: justify;\"><strong>Loja do Futuro &#8211;\u00a0<\/strong>Asssinada por Maur\u00edcio Queiroz<\/p>\n<p style=\"text-align: justify;\">Com projetos em Portugal, Dubai e Marrocos, ele assina o projeto do Megastore da Cacau Show, Vivara, Petz, Ander Armour, Le Creuset, Kohler entre outras<\/p>\n<p style=\"text-align: justify;\"><strong>Exposi\u00e7\u00e3o Pot\u00eancias de 100 (Indoor)\u00a0<\/strong>&#8211; Assinado pelo videomaker future Rodrigo Oliva<\/p>\n<p style=\"text-align: justify;\">A exposi\u00e7\u00e3o presta uma homenagem aos 100 TOPS DA ARQUITETURA, ILUMINA\u00c7\u00c3O, DECORA\u00c7\u00c3O E PAISAGISMO do Rio de Janeiro<\/p>\n<p style=\"text-align: justify;\"><strong>Lounge Habemus M\u00e1rmores &#8211;\u00a0<\/strong>Assinado pelo Simagram\/RJ<\/p>\n<p style=\"text-align: justify;\"><strong>Lounge Ilha da Cor &#8211;\u00a0<\/strong>Assinado pelo Comit\u00ea Brasileiro de Cores CBC<\/p>\n<p style=\"text-align: justify;\"><strong>Sensa\u00e7\u00f5es Ac\u00fasticas\u00a0<\/strong>&#8211; Assinado pelo engenheiro especializado em ac\u00fastica e defesa biol\u00f3gica Rog\u00e9rio Regazzi e pela premiada lighting designer Silvia Carneiro<\/p>\n<p style=\"text-align: justify;\">A REVEST Rio nasceu carioca, valoriza a arquitetura genu\u00edna, mas al\u00e7ar\u00e1 voos internacionais. Em uma a\u00e7\u00e3o conjunta entre o Simagram, Firjan e Editora VJ a feira ser\u00e1 conectada ao mundo atrav\u00e9s de pa\u00edses \u201cirm\u00e3os\u201d com as feiras REVEST Rio Portugal e REVEST Rio \u00c1frica com previs\u00e3o de serem realizadas em 2025.<\/p>\n<p style=\"text-align: justify;\">REVEST RIO<\/p>\n<p style=\"text-align: justify;\">De 17 a 19 de outubro de 2024 &#8211; 10h \u00e0s 18h<\/p>\n<p style=\"text-align: justify;\">Local: ExpoMag \u2013 Rio de Janeiro<\/p>\n<p style=\"text-align: justify;\"><a href=\"http:\/\/www.revestrio.com.br\/\" target=\"_blank\" rel=\"noopener noreferrer\">www.revestrio.com.br<\/a>\u00a0 |@revestriooficial<\/p>\n<\/div>\n","protected":false},"excerpt":{"rendered":"<p>Segunda edi\u00e7\u00e3o da Feira Internacional de Arquitetura, Constru\u00e7\u00e3o, Design, M\u00e1rmore e Revestimento volta ao Rio de Janeiro com novidades, conte\u00fado, debates sobre a ressignifica\u00e7\u00e3o da constru\u00e7\u00e3o sustent\u00e1vel, networking e exposi\u00e7\u00f5es de projetos urban\u00edsticos, arquitet\u00f4nicos e ilumina\u00e7\u00e3o Depois de alguns anos, a esperada feira REVEST Rio retorna \u00e0 capital fluminense apresentando inova\u00e7\u00f5es significativas nos setores da [&hellip;]<\/p>\n","protected":false},"author":1,"featured_media":23912,"comment_status":"open","ping_status":"open","sticky":false,"template":"","format":"standard","meta":{"_uag_custom_page_level_css":"","footnotes":""},"categories":[28],"tags":[26588,918,1933,2826,2917,11412],"class_list":["post-23910","post","type-post","status-publish","format-standard","has-post-thumbnail","hentry","category-arquitetura","tag-revestrio2024","tag-arquitetura-e-design","tag-casa-e-decoracao","tag-construcao-civil","tag-construcoes-sustentaveis","tag-steel-frame"],"blocksy_meta":[],"spectra_blocks_featured_image_url":{"thumbnail":{"url":"https:\/\/construcaocivil.siriusmarketingedesign.com.br\/wp-content\/uploads\/2024\/06\/folder-AA-150x150.jpg","width":150,"height":150},"medium":{"url":"https:\/\/construcaocivil.siriusmarketingedesign.com.br\/wp-content\/uploads\/2024\/06\/folder-AA-212x300.jpg","width":212,"height":300},"medium_large":{"url":"https:\/\/construcaocivil.siriusmarketingedesign.com.br\/wp-content\/uploads\/2024\/06\/folder-AA.jpg","width":452,"height":640},"large":{"url":"https:\/\/construcaocivil.siriusmarketingedesign.com.br\/wp-content\/uploads\/2024\/06\/folder-AA.jpg","width":452,"height":640},"full":{"url":"https:\/\/construcaocivil.siriusmarketingedesign.com.br\/wp-content\/uploads\/2024\/06\/folder-AA.jpg","width":452,"height":640}},"spectra_blocks_author_info":{"display_name":"Jornal da Constru\u00e7\u00e3o Civil","avatar_url":"https:\/\/secure.gravatar.com\/avatar\/973c9774fd44ddaceb026973c4962faa70fc512bc4c9da68e8ebb40fecee6540?s=96&d=mm&r=g","author_link":"https:\/\/construcaocivil.siriusmarketingedesign.com.br\/?author=1","description":"Desde de 2013, levando muitas informa\u00e7\u00f5es, lan\u00e7amentos e produtos de qualidade para toda cadeia produtiva da constru\u00e7\u00e3o. O Futuro da constru\u00e7\u00e3o passa por aqui,"},"uagb_featured_image_src":{"full":["https:\/\/construcaocivil.siriusmarketingedesign.com.br\/wp-content\/uploads\/2024\/06\/folder-AA.jpg",452,640,false],"thumbnail":["https:\/\/construcaocivil.siriusmarketingedesign.com.br\/wp-content\/uploads\/2024\/06\/folder-AA-150x150.jpg",150,150,true],"medium":["https:\/\/construcaocivil.siriusmarketingedesign.com.br\/wp-content\/uploads\/2024\/06\/folder-AA-212x300.jpg",212,300,true],"medium_large":["https:\/\/construcaocivil.siriusmarketingedesign.com.br\/wp-content\/uploads\/2024\/06\/folder-AA.jpg",452,640,false],"large":["https:\/\/construcaocivil.siriusmarketingedesign.com.br\/wp-content\/uploads\/2024\/06\/folder-AA.jpg",452,640,false],"1536x1536":["https:\/\/construcaocivil.siriusmarketingedesign.com.br\/wp-content\/uploads\/2024\/06\/folder-AA.jpg",452,640,false],"2048x2048":["https:\/\/construcaocivil.siriusmarketingedesign.com.br\/wp-content\/uploads\/2024\/06\/folder-AA.jpg",452,640,false]},"uagb_author_info":{"display_name":"Jornal da Constru\u00e7\u00e3o Civil","author_link":"https:\/\/construcaocivil.siriusmarketingedesign.com.br\/?author=1"},"uagb_comment_info":0,"uagb_excerpt":"Segunda edi\u00e7\u00e3o da Feira Internacional de Arquitetura, Constru\u00e7\u00e3o, Design, M\u00e1rmore e Revestimento volta ao Rio de Janeiro com novidades, conte\u00fado, debates sobre a ressignifica\u00e7\u00e3o da constru\u00e7\u00e3o sustent\u00e1vel, networking e exposi\u00e7\u00f5es de projetos urban\u00edsticos, arquitet\u00f4nicos e ilumina\u00e7\u00e3o Depois de alguns anos, a esperada feira REVEST Rio retorna \u00e0 capital fluminense apresentando inova\u00e7\u00f5es significativas nos setores da&hellip;","_links":{"self":[{"href":"https:\/\/construcaocivil.siriusmarketingedesign.com.br\/index.php?rest_route=\/wp\/v2\/posts\/23910","targetHints":{"allow":["GET"]}}],"collection":[{"href":"https:\/\/construcaocivil.siriusmarketingedesign.com.br\/index.php?rest_route=\/wp\/v2\/posts"}],"about":[{"href":"https:\/\/construcaocivil.siriusmarketingedesign.com.br\/index.php?rest_route=\/wp\/v2\/types\/post"}],"author":[{"embeddable":true,"href":"https:\/\/construcaocivil.siriusmarketingedesign.com.br\/index.php?rest_route=\/wp\/v2\/users\/1"}],"replies":[{"embeddable":true,"href":"https:\/\/construcaocivil.siriusmarketingedesign.com.br\/index.php?rest_route=%2Fwp%2Fv2%2Fcomments&post=23910"}],"version-history":[{"count":0,"href":"https:\/\/construcaocivil.siriusmarketingedesign.com.br\/index.php?rest_route=\/wp\/v2\/posts\/23910\/revisions"}],"wp:featuredmedia":[{"embeddable":true,"href":"https:\/\/construcaocivil.siriusmarketingedesign.com.br\/index.php?rest_route=\/wp\/v2\/media\/23912"}],"wp:attachment":[{"href":"https:\/\/construcaocivil.siriusmarketingedesign.com.br\/index.php?rest_route=%2Fwp%2Fv2%2Fmedia&parent=23910"}],"wp:term":[{"taxonomy":"category","embeddable":true,"href":"https:\/\/construcaocivil.siriusmarketingedesign.com.br\/index.php?rest_route=%2Fwp%2Fv2%2Fcategories&post=23910"},{"taxonomy":"post_tag","embeddable":true,"href":"https:\/\/construcaocivil.siriusmarketingedesign.com.br\/index.php?rest_route=%2Fwp%2Fv2%2Ftags&post=23910"}],"curies":[{"name":"wp","href":"https:\/\/api.w.org\/{rel}","templated":true}]}}