{"id":23929,"date":"2024-06-10T16:13:09","date_gmt":"2024-06-10T19:13:09","guid":{"rendered":"https:\/\/www.jornaldaconstrucaocivil.com.br\/?p=23929"},"modified":"2024-06-10T16:13:09","modified_gmt":"2024-06-10T19:13:09","slug":"enchentes-no-rio-grande-do-sul-impactam-vendas-de-cimento","status":"publish","type":"post","link":"https:\/\/construcaocivil.siriusmarketingedesign.com.br\/?p=23929","title":{"rendered":"Enchentes no Rio Grande do Sul impactam vendas de cimento"},"content":{"rendered":"<p><span style=\"color: #993300;\"><i><strong>&#8220;Em apoio a popula\u00e7\u00e3o ga\u00facha afetada pelas fortes inunda\u00e7\u00f5es e chuvas, as f\u00e1bricas de cimento instaladas no Rio Grande do Sul est\u00e3o em plena opera\u00e7\u00e3o para ajudar em sua reconstru\u00e7\u00e3o, com abastecimento normalizado do produto, que ser\u00e1 indispens\u00e1vel para execu\u00e7\u00e3o das centenas de obras que ser\u00e3o necess\u00e1rias em todo o Estado.&#8221;<\/strong><\/i><\/span><\/p>\n<p style=\"text-align: right;\"><i><strong>Paulo Camillo Penna \u2013 Presidente do SNIC<\/strong><\/i><\/p>\n<p>&nbsp;<\/p>\n<p style=\"text-align: justify;\">Junho &#8211; O desastre natural causado pelas fortes chuvas e inunda\u00e7\u00f5es no estado do Rio Grande do Sul afetaram as vendas cimento no m\u00eas de maio. Em termos nominais foram comercializadas <strong>5,3<\/strong>\u00a0milh\u00f5es de toneladas, uma<strong>\u00a0queda<\/strong>\u00a0de\u00a0<strong>5,6%<\/strong>\u00a0em compara\u00e7\u00e3o ao mesmo m\u00eas do ano passado, de acordo com o Sindicato Nacional da Ind\u00fastria de Cimento (SNIC). A comercializa\u00e7\u00e3o do produto no acumulado dos cinco primeiros meses do ano somou\u00a0<strong>25,2<\/strong>\u00a0milh\u00f5es de toneladas, um ligeiro aumento de\u00a0<strong>0,8%.\u00a0<\/strong>A trag\u00e9dia ambiental no Rio Grande do Sul influenciou tamb\u00e9m na queda da confian\u00e7a do consumidor<sup>1<\/sup>, diante dos impactos nas condi\u00e7\u00f5es de vida dos cidad\u00e3os e incertezas em rela\u00e7\u00e3o \u00e0 economia local.\n<\/p>\n<p style=\"text-align: justify;\">Apesar do \u00edndice de confian\u00e7a da constru\u00e7\u00e3o<sup>2<\/sup>\u00a0ter apresentado retomada em maio, disseminada pelos tr\u00eas grandes segmentos de atividade: Edifica\u00e7\u00f5es, Infraestrutura e Servi\u00e7os Especializados, ser\u00e1 necess\u00e1rio acompanhar os efeitos secund\u00e1rios do desastre ga\u00facho nos pr\u00f3ximos meses. O processo de reconstru\u00e7\u00e3o pode real\u00e7ar a dificuldade na contrata\u00e7\u00e3o de m\u00e3o de obra qualificada.\n<\/p>\n<p style=\"text-align: justify;\">A confian\u00e7a da ind\u00fastria<sup>3<\/sup>\u00a0continua avan\u00e7ando. A percep\u00e7\u00e3o sobre a demanda continua melhorando gradualmente, com os estoques se aproximando da normalidade. H\u00e1 uma percep\u00e7\u00e3o positiva do ambiente de neg\u00f3cios para o segundo semestre, com o aquecimento no mercado de trabalho e alta da massa salarial.\n<\/p>\n<p style=\"text-align: justify;\">Por\u00e9m, cabe ressaltar que o \u00edndice n\u00e3o captou a danosa publica\u00e7\u00e3o da Medida Provis\u00f3ria n\u00ba 1.227, no dia 4 de junho, cujo efeito impacta diretamente a competitividade da ind\u00fastria e o fluxo de caixa das empresas, pois limita e impossibilita a compensa\u00e7\u00e3o de cr\u00e9ditos tribut\u00e1rios de PIS\/COFINS. Essa medida vem na contram\u00e3o das premissas do governo, prevista no programa Nova Ind\u00fastria Brasil.\n<\/p>\n<p style=\"text-align: justify;\">No entanto, ainda que o Produto Interno Bruto (PIB) tenha crescido 0,8% no primeiro trimestre de 2023 em rela\u00e7\u00e3o ao trimestre anterior, a Constru\u00e7\u00e3o caiu 0,5% em igual per\u00edodo, resultado da taxa de juros ainda elevada, que desafia o setor e traz reflexos diretos tanto para os financiamentos, quanto para os investimentos produtivos e no consumo da popula\u00e7\u00e3o.\n<\/p>\n<p style=\"text-align: justify;\">Mesmo diante desses entraves, a ind\u00fastria brasileira de cimento segue otimista com a amplia\u00e7\u00e3o do or\u00e7amento anual do FGTS para habita\u00e7\u00e3o, o que ir\u00e1 aquecer mais o Minha Casa, Minha Vida (MCMV), programa que desempenha importante papel na demanda do produto.<\/p>\n<p style=\"text-align: justify;\">\n<p><strong>TABELA<\/strong><\/p>\n<table class=\"v1image v1image_resized\" width=\"734\" align=\"center\">\n<tbody>\n<tr>\n<td><img decoding=\"async\" src=\"https:\/\/s2406.imxsnd16.com\/6=Y2N6QTO4UWZwojci5SbvNmLslmdpN2bhNWdyR3cu92YhRGbh5mcvpGQvF2YhRWZypjNxMDOxQDN2IzM6cmbw5iMxYGZ1gDMjNzYlJGN3MGNyUTM4cTOzQGN3EzMiNzYhZkMlMzYhZkMlAzN0AjMGJTJ2IDMx8VL1ETLf9VLwITLfpTO\" width=\"734\" \/><\/p>\n<table class=\"v1figcap\" border=\"0\" width=\"734\" cellspacing=\"0\" cellpadding=\"0\" align=\"center\">\n<tbody>\n<tr class=\"v1tr001\">\n<td width=\"734\"><\/td>\n<\/tr>\n<\/tbody>\n<\/table>\n<\/td>\n<\/tr>\n<\/tbody>\n<\/table>\n<p>&nbsp;<\/p>\n<p>&nbsp;<\/p>\n<p><strong>GR\u00c1FICO<\/strong><\/p>\n<table class=\"v1image v1image_resized\" width=\"784\" align=\"center\">\n<tbody>\n<tr>\n<td><img decoding=\"async\" src=\"https:\/\/s2406.imxsnd16.com\/4=Y2N6ITN1QzM1ojci5SbvNmLslmdpN2bhNWdyR3cu92YhRGbh5mcvpGQvF2YhRWZypjNxMDOxQDN2IzM6cmbw5iYxEjMzgDNxEGZ4YjZ5ITZ0YWMiJjZlZDN1kjNmRDN4YkMlQDN4YkMlAzN0AjMGJTJ2IDMx8VL1ETLf9VLwITLfpjM\" width=\"784\" \/><\/p>\n<table class=\"v1figcap\" border=\"0\" width=\"784\" cellspacing=\"0\" cellpadding=\"0\" align=\"center\">\n<tbody>\n<tr class=\"v1tr001\">\n<td width=\"784\"><\/td>\n<\/tr>\n<\/tbody>\n<\/table>\n<\/td>\n<\/tr>\n<\/tbody>\n<\/table>\n<p><i>FONTES:<\/i><\/p>\n<ol>\n<li><a href=\"https:\/\/portalibre.fgv.br\/ultima-divulgacao\/86#:~:text=Em%20maio%2C%20a%20queda%20da,(94%2C6%20pontos).\" target=\"_blank\" rel=\"noopener noreferrer\">\u00cdndice de confian\u00e7a do consumidor (FGV)<\/a><\/li>\n<li><a href=\"https:\/\/portalibre.fgv.br\/system\/files\/divulgacao\/noticias\/mat-complementar\/2024-05\/Sondagem%20da%20Construcao%20FGV_press%20release_Mai24.pdf\" target=\"_blank\" rel=\"noopener noreferrer\">\u00cdndice de confian\u00e7a da constru\u00e7\u00e3o (FGV)<\/a><\/li>\n<li><a href=\"https:\/\/portalibre.fgv.br\/system\/files\/divulgacao\/noticias\/mat-complementar\/2024-05\/Sondagem%20da%20Industria%20FGV_press%20release_Mai24.pdf\" target=\"_blank\" rel=\"noopener noreferrer\">\u00cdndice de confian\u00e7a da ind\u00fastria (FGV)<\/a><\/li>\n<\/ol>\n","protected":false},"excerpt":{"rendered":"<p>&#8220;Em apoio a popula\u00e7\u00e3o ga\u00facha afetada pelas fortes inunda\u00e7\u00f5es e chuvas, as f\u00e1bricas de cimento instaladas no Rio Grande do Sul est\u00e3o em plena opera\u00e7\u00e3o para ajudar em sua reconstru\u00e7\u00e3o, com abastecimento normalizado do produto, que ser\u00e1 indispens\u00e1vel para execu\u00e7\u00e3o das centenas de obras que ser\u00e3o necess\u00e1rias em todo o Estado.&#8221; Paulo Camillo Penna \u2013 [&hellip;]<\/p>\n","protected":false},"author":1,"featured_media":23930,"comment_status":"open","ping_status":"open","sticky":false,"template":"","format":"standard","meta":{"_uag_custom_page_level_css":"","footnotes":""},"categories":[33],"tags":[26496,10384,11260,14596],"class_list":["post-23929","post","type-post","status-publish","format-standard","has-post-thumbnail","hentry","category-mercado","tag-enchentes-rs","tag-rio-grande-do-sul","tag-snic","tag-vendas-de-cimento"],"blocksy_meta":[],"spectra_blocks_featured_image_url":{"thumbnail":{"url":"https:\/\/construcaocivil.siriusmarketingedesign.com.br\/wp-content\/uploads\/2024\/06\/OK-Cimento-150x150.jpg","width":150,"height":150},"medium":{"url":"https:\/\/construcaocivil.siriusmarketingedesign.com.br\/wp-content\/uploads\/2024\/06\/OK-Cimento-271x300.jpg","width":271,"height":300},"medium_large":{"url":"https:\/\/construcaocivil.siriusmarketingedesign.com.br\/wp-content\/uploads\/2024\/06\/OK-Cimento.jpg","width":683,"height":755},"large":{"url":"https:\/\/construcaocivil.siriusmarketingedesign.com.br\/wp-content\/uploads\/2024\/06\/OK-Cimento.jpg","width":683,"height":755},"full":{"url":"https:\/\/construcaocivil.siriusmarketingedesign.com.br\/wp-content\/uploads\/2024\/06\/OK-Cimento.jpg","width":683,"height":755}},"spectra_blocks_author_info":{"display_name":"Jornal da Constru\u00e7\u00e3o Civil","avatar_url":"https:\/\/secure.gravatar.com\/avatar\/973c9774fd44ddaceb026973c4962faa70fc512bc4c9da68e8ebb40fecee6540?s=96&d=mm&r=g","author_link":"https:\/\/construcaocivil.siriusmarketingedesign.com.br\/?author=1","description":"Desde de 2013, levando muitas informa\u00e7\u00f5es, lan\u00e7amentos e produtos de qualidade para toda cadeia produtiva da constru\u00e7\u00e3o. O Futuro da constru\u00e7\u00e3o passa por aqui,"},"uagb_featured_image_src":{"full":["https:\/\/construcaocivil.siriusmarketingedesign.com.br\/wp-content\/uploads\/2024\/06\/OK-Cimento.jpg",683,755,false],"thumbnail":["https:\/\/construcaocivil.siriusmarketingedesign.com.br\/wp-content\/uploads\/2024\/06\/OK-Cimento-150x150.jpg",150,150,true],"medium":["https:\/\/construcaocivil.siriusmarketingedesign.com.br\/wp-content\/uploads\/2024\/06\/OK-Cimento-271x300.jpg",271,300,true],"medium_large":["https:\/\/construcaocivil.siriusmarketingedesign.com.br\/wp-content\/uploads\/2024\/06\/OK-Cimento.jpg",683,755,false],"large":["https:\/\/construcaocivil.siriusmarketingedesign.com.br\/wp-content\/uploads\/2024\/06\/OK-Cimento.jpg",683,755,false],"1536x1536":["https:\/\/construcaocivil.siriusmarketingedesign.com.br\/wp-content\/uploads\/2024\/06\/OK-Cimento.jpg",683,755,false],"2048x2048":["https:\/\/construcaocivil.siriusmarketingedesign.com.br\/wp-content\/uploads\/2024\/06\/OK-Cimento.jpg",683,755,false]},"uagb_author_info":{"display_name":"Jornal da Constru\u00e7\u00e3o Civil","author_link":"https:\/\/construcaocivil.siriusmarketingedesign.com.br\/?author=1"},"uagb_comment_info":0,"uagb_excerpt":"&#8220;Em apoio a popula\u00e7\u00e3o ga\u00facha afetada pelas fortes inunda\u00e7\u00f5es e chuvas, as f\u00e1bricas de cimento instaladas no Rio Grande do Sul est\u00e3o em plena opera\u00e7\u00e3o para ajudar em sua reconstru\u00e7\u00e3o, com abastecimento normalizado do produto, que ser\u00e1 indispens\u00e1vel para execu\u00e7\u00e3o das centenas de obras que ser\u00e3o necess\u00e1rias em todo o Estado.&#8221; Paulo Camillo Penna \u2013&hellip;","_links":{"self":[{"href":"https:\/\/construcaocivil.siriusmarketingedesign.com.br\/index.php?rest_route=\/wp\/v2\/posts\/23929","targetHints":{"allow":["GET"]}}],"collection":[{"href":"https:\/\/construcaocivil.siriusmarketingedesign.com.br\/index.php?rest_route=\/wp\/v2\/posts"}],"about":[{"href":"https:\/\/construcaocivil.siriusmarketingedesign.com.br\/index.php?rest_route=\/wp\/v2\/types\/post"}],"author":[{"embeddable":true,"href":"https:\/\/construcaocivil.siriusmarketingedesign.com.br\/index.php?rest_route=\/wp\/v2\/users\/1"}],"replies":[{"embeddable":true,"href":"https:\/\/construcaocivil.siriusmarketingedesign.com.br\/index.php?rest_route=%2Fwp%2Fv2%2Fcomments&post=23929"}],"version-history":[{"count":0,"href":"https:\/\/construcaocivil.siriusmarketingedesign.com.br\/index.php?rest_route=\/wp\/v2\/posts\/23929\/revisions"}],"wp:featuredmedia":[{"embeddable":true,"href":"https:\/\/construcaocivil.siriusmarketingedesign.com.br\/index.php?rest_route=\/wp\/v2\/media\/23930"}],"wp:attachment":[{"href":"https:\/\/construcaocivil.siriusmarketingedesign.com.br\/index.php?rest_route=%2Fwp%2Fv2%2Fmedia&parent=23929"}],"wp:term":[{"taxonomy":"category","embeddable":true,"href":"https:\/\/construcaocivil.siriusmarketingedesign.com.br\/index.php?rest_route=%2Fwp%2Fv2%2Fcategories&post=23929"},{"taxonomy":"post_tag","embeddable":true,"href":"https:\/\/construcaocivil.siriusmarketingedesign.com.br\/index.php?rest_route=%2Fwp%2Fv2%2Ftags&post=23929"}],"curies":[{"name":"wp","href":"https:\/\/api.w.org\/{rel}","templated":true}]}}