{"id":2394,"date":"2016-06-30T21:44:02","date_gmt":"2016-06-30T21:44:02","guid":{"rendered":"http:\/\/www.jornaldaconstrucaocivil.com.br\/?p=2394"},"modified":"2016-06-30T21:44:02","modified_gmt":"2016-06-30T21:44:02","slug":"reforma-da-colonia-de-pescadores-da-lagoa-e-mais-um-legado-do-rio-de-janeiro","status":"publish","type":"post","link":"https:\/\/construcaocivil.siriusmarketingedesign.com.br\/?p=2394","title":{"rendered":"Reforma da Col\u00f4nia de Pescadores da Lagoa \u00e9 mais um legado do Rio de Janeiro"},"content":{"rendered":"<figure id=\"attachment_2395\" aria-describedby=\"caption-attachment-2395\" style=\"width: 300px\" class=\"wp-caption alignleft\"><a href=\"http:\/\/www.jornaldaconstrucaocivil.com.br\/wp-content\/uploads\/2016\/06\/01_2016.06.29-Colonia-de-Pescadores-Renato-Sette-Camara_Prefeitura-do-Rio.jpg-OK.jpg\"><img loading=\"lazy\" decoding=\"async\" class=\"wp-image-2395 size-medium\" src=\"http:\/\/www.jornaldaconstrucaocivil.com.br\/wp-content\/uploads\/2016\/06\/01_2016.06.29-Colonia-de-Pescadores-Renato-Sette-Camara_Prefeitura-do-Rio.jpg-OK-300x200.jpg\" alt=\"01_2016.06.29-Colonia-de-Pescadores-Renato-Sette-Camara_Prefeitura-do-Rio.jpg OK\" width=\"300\" height=\"200\" \/><\/a><figcaption id=\"caption-attachment-2395\" class=\"wp-caption-text\"><span style=\"color: #ff0000;\">Col\u00f4nia de Pescadores. <span style=\"color: #000080;\">Cr\u00e9ditos: Renato Sette Camara &#8211; Prefeitura do Rio<\/span><\/span><\/figcaption><\/figure>\n<p><span style=\"color: #000080;\"><strong><em>Projeto foi contrapartida social da constru\u00e7\u00e3o de est\u00fadio de TV tempor\u00e1rio no Arpoador, para uso jornal\u00edstico durante os Jogos Rio 2016<\/em><\/strong><\/span><\/p>\n<p><span style=\"color: #000000;\">Com a reforma do n\u00facleo Lagoa Rodrigo de Freitas da Col\u00f4nia de Pescadores Z-13, a Prefeitura do Rio de Janeiro entregou na quarta-feira (29\/06) mais um legado ol\u00edmpico \u00e0 popula\u00e7\u00e3o. Os pescadores t\u00eam agora sete estruturas de cais de concreto e cinco quiosques novos &#8211; com alojamento para pernoite e novas pias para limpar quilos e quilos de robalo, tainha e paratis fisgados na Lagoa. Al\u00e9m disso, todos os quiosques est\u00e3o conectados \u00e0 rede de saneamento da Cedae.\u00a0 A conquista foi comemorada com uma missa em honra a S\u00e3o Pedro, bem no dia do santo padroeiro dos pescadores, e uma festa junina com bolo e canjica.<\/span><\/p>\n<p><span style=\"color: #993300;\">Fonte: Riomediacenter\u00a0<\/span><\/p>\n","protected":false},"excerpt":{"rendered":"<p>Projeto foi contrapartida social da constru\u00e7\u00e3o de est\u00fadio de TV tempor\u00e1rio no Arpoador, para uso jornal\u00edstico durante os Jogos Rio 2016 Com a reforma do n\u00facleo Lagoa Rodrigo de Freitas da Col\u00f4nia de Pescadores Z-13, a Prefeitura do Rio de Janeiro entregou na quarta-feira (29\/06) mais um legado ol\u00edmpico \u00e0 popula\u00e7\u00e3o. Os pescadores t\u00eam agora [&hellip;]<\/p>\n","protected":false},"author":1,"featured_media":2395,"comment_status":"open","ping_status":"open","sticky":false,"template":"","format":"standard","meta":{"_uag_custom_page_level_css":"","footnotes":""},"categories":[27],"tags":[2431,6668,6772,7934,9298,10368],"class_list":["post-2394","post","type-post","status-publish","format-standard","has-post-thumbnail","hentry","category-acontece","tag-colonia-de-pescadores","tag-lagoa-rodrigo-de-freitasrj","tag-legado-olimpico","tag-mpf","tag-prefeitura-do-rio","tag-rio-2016"],"blocksy_meta":[],"spectra_blocks_featured_image_url":[],"spectra_blocks_author_info":{"display_name":"Jornal da Constru\u00e7\u00e3o Civil","avatar_url":"https:\/\/secure.gravatar.com\/avatar\/973c9774fd44ddaceb026973c4962faa70fc512bc4c9da68e8ebb40fecee6540?s=96&d=mm&r=g","author_link":"https:\/\/construcaocivil.siriusmarketingedesign.com.br\/?author=1","description":"Desde de 2013, levando muitas informa\u00e7\u00f5es, lan\u00e7amentos e produtos de qualidade para toda cadeia produtiva da constru\u00e7\u00e3o. O Futuro da constru\u00e7\u00e3o passa por aqui,"},"uagb_featured_image_src":{"full":false,"thumbnail":false,"medium":false,"medium_large":false,"large":false,"1536x1536":false,"2048x2048":false},"uagb_author_info":{"display_name":"Jornal da Constru\u00e7\u00e3o Civil","author_link":"https:\/\/construcaocivil.siriusmarketingedesign.com.br\/?author=1"},"uagb_comment_info":0,"uagb_excerpt":"Projeto foi contrapartida social da constru\u00e7\u00e3o de est\u00fadio de TV tempor\u00e1rio no Arpoador, para uso jornal\u00edstico durante os Jogos Rio 2016 Com a reforma do n\u00facleo Lagoa Rodrigo de Freitas da Col\u00f4nia de Pescadores Z-13, a Prefeitura do Rio de Janeiro entregou na quarta-feira (29\/06) mais um legado ol\u00edmpico \u00e0 popula\u00e7\u00e3o. Os pescadores t\u00eam agora&hellip;","_links":{"self":[{"href":"https:\/\/construcaocivil.siriusmarketingedesign.com.br\/index.php?rest_route=\/wp\/v2\/posts\/2394","targetHints":{"allow":["GET"]}}],"collection":[{"href":"https:\/\/construcaocivil.siriusmarketingedesign.com.br\/index.php?rest_route=\/wp\/v2\/posts"}],"about":[{"href":"https:\/\/construcaocivil.siriusmarketingedesign.com.br\/index.php?rest_route=\/wp\/v2\/types\/post"}],"author":[{"embeddable":true,"href":"https:\/\/construcaocivil.siriusmarketingedesign.com.br\/index.php?rest_route=\/wp\/v2\/users\/1"}],"replies":[{"embeddable":true,"href":"https:\/\/construcaocivil.siriusmarketingedesign.com.br\/index.php?rest_route=%2Fwp%2Fv2%2Fcomments&post=2394"}],"version-history":[{"count":0,"href":"https:\/\/construcaocivil.siriusmarketingedesign.com.br\/index.php?rest_route=\/wp\/v2\/posts\/2394\/revisions"}],"wp:attachment":[{"href":"https:\/\/construcaocivil.siriusmarketingedesign.com.br\/index.php?rest_route=%2Fwp%2Fv2%2Fmedia&parent=2394"}],"wp:term":[{"taxonomy":"category","embeddable":true,"href":"https:\/\/construcaocivil.siriusmarketingedesign.com.br\/index.php?rest_route=%2Fwp%2Fv2%2Fcategories&post=2394"},{"taxonomy":"post_tag","embeddable":true,"href":"https:\/\/construcaocivil.siriusmarketingedesign.com.br\/index.php?rest_route=%2Fwp%2Fv2%2Ftags&post=2394"}],"curies":[{"name":"wp","href":"https:\/\/api.w.org\/{rel}","templated":true}]}}