{"id":23960,"date":"2024-06-12T17:21:21","date_gmt":"2024-06-12T20:21:21","guid":{"rendered":"https:\/\/www.jornaldaconstrucaocivil.com.br\/?p=23960"},"modified":"2024-06-12T17:21:21","modified_gmt":"2024-06-12T20:21:21","slug":"ix-seminario-juridico-cbic-o-maior-evento-juridico-da-industria-da-construcao-sera-nos-dias-13-e-14-de-junho","status":"publish","type":"post","link":"https:\/\/construcaocivil.siriusmarketingedesign.com.br\/?p=23960","title":{"rendered":"IX Semin\u00e1rio Jur\u00eddico CBIC: O maior evento jur\u00eddico da ind\u00fastria da constru\u00e7\u00e3o ser\u00e1 nos dias 13 e 14 de junho"},"content":{"rendered":"<p style=\"text-align: justify;\">O IX Semin\u00e1rio Jur\u00eddico CBIC acontecer\u00e1 nos dias 13 e 14 de junho de 2024, em Salvador, Bahia. O evento \u00e9 uma realiza\u00e7\u00e3o da\u00a0C\u00e2mara Brasileira da Ind\u00fastria da Constru\u00e7\u00e3o (CBIC), Associa\u00e7\u00e3o de Dirigentes de Empresas do Mercado Imobili\u00e1rio da Bahia (ADEMI-BA) e Sindicato da Ind\u00fastria da Constru\u00e7\u00e3o do Estado da Bahia (SINDUSCON-BA), com o apoio do Senai Nacional e da Federa\u00e7\u00e3o das Ind\u00fastrias do Estado da Bahia (FIEB).<\/p>\n<p style=\"text-align: justify;\">O semin\u00e1rio promete ser um ambiente ideal para networking e neg\u00f3cios, reunindo diversos agentes da cadeia produtiva e do mundo jur\u00eddico. O objetivo \u00e9 proporcionar informa\u00e7\u00f5es valiosas e criar oportunidades para debater os desafios enfrentados pela ind\u00fastria da constru\u00e7\u00e3o e pelo mercado imobili\u00e1rio.<\/p>\n<p style=\"text-align: justify;\"><strong>Programa\u00e7\u00e3o<\/strong><\/p>\n<p style=\"text-align: justify;\">O IX Semin\u00e1rio Jur\u00eddico CBIC contar\u00e1 com uma programa\u00e7\u00e3o estrat\u00e9gica, com palestras e pain\u00e9is apresentados por palestrantes altamente qualificados, abordando temas de grande relev\u00e2ncia para o setor. Confira a programa\u00e7\u00e3o detalhada:<\/p>\n<p style=\"text-align: justify;\">Quinta-feira, 13 de junho de 2024<\/p>\n<p style=\"text-align: justify;\">\u2013 18h00: Credenciamento<\/p>\n<p style=\"text-align: justify;\">\u2013 18h45 \u00e0s 20h30: Solenidade de abertura com a presen\u00e7a de autoridades<\/p>\n<p style=\"text-align: justify;\">\u2013 20h45 \u00e0s 21h30: Palestra Magna de Abertura \u2013 &#8220;Os 60 Anos da Lei de Incorpora\u00e7\u00e3o Imobili\u00e1ria (Lei 4.591\/64)&#8221;<\/p>\n<p style=\"text-align: justify;\">\u2013 21h30: Coquetel de boas-vindas<\/p>\n<p style=\"text-align: justify;\">Sexta-feira, 14 de junho de 2024<\/p>\n<p style=\"text-align: justify;\">\u2013 08h00: Credenciamento e caf\u00e9 de recep\u00e7\u00e3o<\/p>\n<p style=\"text-align: justify;\">\u2013 08h45 \u00e0s 10h30: Painel 01 \u2013 &#8220;V\u00edcios Construtivos: A Import\u00e2ncia do Laudo Pericial e a Aplica\u00e7\u00e3o Adequada das Normas T\u00e9cnicas para a Determina\u00e7\u00e3o da Exist\u00eancia de Patologias Construtivas e do Nexo Causal&#8221;<\/p>\n<p style=\"text-align: justify;\">\u2013 10h45 \u00e0s 12h00: Painel 02 \u2013 &#8220;M\u00e9todos Extrajudiciais de Solu\u00e7\u00f5es de Conflitos no \u00c2mbito dos Contratos com a Administra\u00e7\u00e3o P\u00fablica&#8221;<\/p>\n<p style=\"text-align: justify;\">\u2013 12h00 \u00e0s 13h30: Intervalo para almo\u00e7o<\/p>\n<p style=\"text-align: justify;\">\u2013 13h30 \u00e0s 14h45: Painel 03 \u2013 &#8220;Justi\u00e7a Imobili\u00e1ria Multiportas: Modos e T\u00e9cnicas de Solu\u00e7\u00e3o de Conflitos&#8221;<\/p>\n<p style=\"text-align: justify;\">\u2013 15h00 \u00e0s 16h15: Painel 04 \u2013 &#8220;Retifica\u00e7\u00e3o Administrativa Extrajudicial no Registro Imobili\u00e1rio&#8221;<\/p>\n<p style=\"text-align: justify;\">\u2013 16h30 \u00e0s 17h45: Palestra Magna de Encerramento \u2013 &#8220;Desafios para a Redu\u00e7\u00e3o da Litigiosidade no Setor da Constru\u00e7\u00e3o e do Mercado Imobili\u00e1rio&#8221;<\/p>\n<p style=\"text-align: justify;\">\u2013 18h00: Encerramento<\/p>\n<p style=\"text-align: justify;\">Este evento representa uma oportunidade \u00fanica para profissionais do setor da constru\u00e7\u00e3o e do mercado imobili\u00e1rio se atualizarem, trocarem experi\u00eancias e fortalecerem suas redes de contatos. N\u00e3o perca a chance de participar do IX Semin\u00e1rio Jur\u00eddico CBIC e se preparar para enfrentar os desafios do setor com conhecimento e inova\u00e7\u00e3o.<\/p>\n<p style=\"text-align: justify;\"><strong>Servi\u00e7o:<\/strong><br \/>\n<strong>Evento:<\/strong>\u00a0Semin\u00e1rio Jur\u00eddico CBIC<br \/>\n<strong>Quando:<\/strong>\u00a013 e 14 de junho<br \/>\n<strong>Local:<\/strong>\u00a0Audit\u00f3rio da FIEB- Rua Ed\u00edstio Pond\u00e9, 342 Stiep, Salvador \u2013 BA<br \/>\n<strong>Inscri\u00e7\u00f5es:<\/strong>\u00a0www.cbic.org.br\/seminariojuridico.<\/p>\n","protected":false},"excerpt":{"rendered":"<p>O IX Semin\u00e1rio Jur\u00eddico CBIC acontecer\u00e1 nos dias 13 e 14 de junho de 2024, em Salvador, Bahia. O evento \u00e9 uma realiza\u00e7\u00e3o da\u00a0C\u00e2mara Brasileira da Ind\u00fastria da Constru\u00e7\u00e3o (CBIC), Associa\u00e7\u00e3o de Dirigentes de Empresas do Mercado Imobili\u00e1rio da Bahia (ADEMI-BA) e Sindicato da Ind\u00fastria da Constru\u00e7\u00e3o do Estado da Bahia (SINDUSCON-BA), com o apoio [&hellip;]<\/p>\n","protected":false},"author":1,"featured_media":23961,"comment_status":"open","ping_status":"open","sticky":false,"template":"","format":"standard","meta":{"_uag_custom_page_level_css":"","footnotes":""},"categories":[33],"tags":[1569,2029,26615,10583,26614],"class_list":["post-23960","post","type-post","status-publish","format-standard","has-post-thumbnail","hentry","category-mercado","tag-brasilia","tag-cbic","tag-contratos-e-seguranca-juridica","tag-salvador-ba","tag-setor-juridico"],"blocksy_meta":[],"spectra_blocks_featured_image_url":{"thumbnail":{"url":"https:\/\/construcaocivil.siriusmarketingedesign.com.br\/wp-content\/uploads\/2024\/06\/IX-Seminario-Juridico-CBIC-em-Salvador-Sympla-Google-Chrome-12_06_2024-17_16_23-150x150.png","width":150,"height":150},"medium":{"url":"https:\/\/construcaocivil.siriusmarketingedesign.com.br\/wp-content\/uploads\/2024\/06\/IX-Seminario-Juridico-CBIC-em-Salvador-Sympla-Google-Chrome-12_06_2024-17_16_23-300x119.png","width":300,"height":119},"medium_large":{"url":"https:\/\/construcaocivil.siriusmarketingedesign.com.br\/wp-content\/uploads\/2024\/06\/IX-Seminario-Juridico-CBIC-em-Salvador-Sympla-Google-Chrome-12_06_2024-17_16_23-768x305.png","width":768,"height":305},"large":{"url":"https:\/\/construcaocivil.siriusmarketingedesign.com.br\/wp-content\/uploads\/2024\/06\/IX-Seminario-Juridico-CBIC-em-Salvador-Sympla-Google-Chrome-12_06_2024-17_16_23-1024x406.png","width":1024,"height":406},"full":{"url":"https:\/\/construcaocivil.siriusmarketingedesign.com.br\/wp-content\/uploads\/2024\/06\/IX-Seminario-Juridico-CBIC-em-Salvador-Sympla-Google-Chrome-12_06_2024-17_16_23.png","width":1036,"height":411}},"spectra_blocks_author_info":{"display_name":"Jornal da Constru\u00e7\u00e3o Civil","avatar_url":"https:\/\/secure.gravatar.com\/avatar\/973c9774fd44ddaceb026973c4962faa70fc512bc4c9da68e8ebb40fecee6540?s=96&d=mm&r=g","author_link":"https:\/\/construcaocivil.siriusmarketingedesign.com.br\/?author=1","description":"Desde de 2013, levando muitas informa\u00e7\u00f5es, lan\u00e7amentos e produtos de qualidade para toda cadeia produtiva da constru\u00e7\u00e3o. O Futuro da constru\u00e7\u00e3o passa por aqui,"},"uagb_featured_image_src":{"full":["https:\/\/construcaocivil.siriusmarketingedesign.com.br\/wp-content\/uploads\/2024\/06\/IX-Seminario-Juridico-CBIC-em-Salvador-Sympla-Google-Chrome-12_06_2024-17_16_23.png",1036,411,false],"thumbnail":["https:\/\/construcaocivil.siriusmarketingedesign.com.br\/wp-content\/uploads\/2024\/06\/IX-Seminario-Juridico-CBIC-em-Salvador-Sympla-Google-Chrome-12_06_2024-17_16_23-150x150.png",150,150,true],"medium":["https:\/\/construcaocivil.siriusmarketingedesign.com.br\/wp-content\/uploads\/2024\/06\/IX-Seminario-Juridico-CBIC-em-Salvador-Sympla-Google-Chrome-12_06_2024-17_16_23-300x119.png",300,119,true],"medium_large":["https:\/\/construcaocivil.siriusmarketingedesign.com.br\/wp-content\/uploads\/2024\/06\/IX-Seminario-Juridico-CBIC-em-Salvador-Sympla-Google-Chrome-12_06_2024-17_16_23-768x305.png",768,305,true],"large":["https:\/\/construcaocivil.siriusmarketingedesign.com.br\/wp-content\/uploads\/2024\/06\/IX-Seminario-Juridico-CBIC-em-Salvador-Sympla-Google-Chrome-12_06_2024-17_16_23-1024x406.png",1024,406,true],"1536x1536":["https:\/\/construcaocivil.siriusmarketingedesign.com.br\/wp-content\/uploads\/2024\/06\/IX-Seminario-Juridico-CBIC-em-Salvador-Sympla-Google-Chrome-12_06_2024-17_16_23.png",1036,411,false],"2048x2048":["https:\/\/construcaocivil.siriusmarketingedesign.com.br\/wp-content\/uploads\/2024\/06\/IX-Seminario-Juridico-CBIC-em-Salvador-Sympla-Google-Chrome-12_06_2024-17_16_23.png",1036,411,false]},"uagb_author_info":{"display_name":"Jornal da Constru\u00e7\u00e3o Civil","author_link":"https:\/\/construcaocivil.siriusmarketingedesign.com.br\/?author=1"},"uagb_comment_info":0,"uagb_excerpt":"O IX Semin\u00e1rio Jur\u00eddico CBIC acontecer\u00e1 nos dias 13 e 14 de junho de 2024, em Salvador, Bahia. O evento \u00e9 uma realiza\u00e7\u00e3o da\u00a0C\u00e2mara Brasileira da Ind\u00fastria da Constru\u00e7\u00e3o (CBIC), Associa\u00e7\u00e3o de Dirigentes de Empresas do Mercado Imobili\u00e1rio da Bahia (ADEMI-BA) e Sindicato da Ind\u00fastria da Constru\u00e7\u00e3o do Estado da Bahia (SINDUSCON-BA), com o apoio&hellip;","_links":{"self":[{"href":"https:\/\/construcaocivil.siriusmarketingedesign.com.br\/index.php?rest_route=\/wp\/v2\/posts\/23960","targetHints":{"allow":["GET"]}}],"collection":[{"href":"https:\/\/construcaocivil.siriusmarketingedesign.com.br\/index.php?rest_route=\/wp\/v2\/posts"}],"about":[{"href":"https:\/\/construcaocivil.siriusmarketingedesign.com.br\/index.php?rest_route=\/wp\/v2\/types\/post"}],"author":[{"embeddable":true,"href":"https:\/\/construcaocivil.siriusmarketingedesign.com.br\/index.php?rest_route=\/wp\/v2\/users\/1"}],"replies":[{"embeddable":true,"href":"https:\/\/construcaocivil.siriusmarketingedesign.com.br\/index.php?rest_route=%2Fwp%2Fv2%2Fcomments&post=23960"}],"version-history":[{"count":0,"href":"https:\/\/construcaocivil.siriusmarketingedesign.com.br\/index.php?rest_route=\/wp\/v2\/posts\/23960\/revisions"}],"wp:featuredmedia":[{"embeddable":true,"href":"https:\/\/construcaocivil.siriusmarketingedesign.com.br\/index.php?rest_route=\/wp\/v2\/media\/23961"}],"wp:attachment":[{"href":"https:\/\/construcaocivil.siriusmarketingedesign.com.br\/index.php?rest_route=%2Fwp%2Fv2%2Fmedia&parent=23960"}],"wp:term":[{"taxonomy":"category","embeddable":true,"href":"https:\/\/construcaocivil.siriusmarketingedesign.com.br\/index.php?rest_route=%2Fwp%2Fv2%2Fcategories&post=23960"},{"taxonomy":"post_tag","embeddable":true,"href":"https:\/\/construcaocivil.siriusmarketingedesign.com.br\/index.php?rest_route=%2Fwp%2Fv2%2Ftags&post=23960"}],"curies":[{"name":"wp","href":"https:\/\/api.w.org\/{rel}","templated":true}]}}