{"id":240,"date":"2015-10-21T18:43:27","date_gmt":"2015-10-21T18:43:27","guid":{"rendered":"http:\/\/www.jornaldaconstrucaocivil.com.br\/?p=240"},"modified":"2015-10-21T18:43:27","modified_gmt":"2015-10-21T18:43:27","slug":"sinduscon-sp-realiza-amanha-6o-seminario-internacional-bim","status":"publish","type":"post","link":"https:\/\/construcaocivil.siriusmarketingedesign.com.br\/?p=240","title":{"rendered":"SindusCon-SP realiza amanh\u00e3 6\u00ba Semin\u00e1rio Internacional BIM"},"content":{"rendered":"<p><strong><em>Tecnologia Laser scanning ser\u00e1 o foco do evento reconhecido por antecipar temas e tend\u00eancias do mercado\u00a0<\/em><\/strong><\/p>\n<p><span style=\"color: #000000;\">Amanh\u00e3 (22) acontecer\u00e1 a sexta edi\u00e7\u00e3o do Semin\u00e1rio Internacional BIM, uma realiza\u00e7\u00e3o do GT BIM do Comit\u00ea de Tecnologia e Qualidade (CTQ) do Sindicato da Ind\u00fastria da Constru\u00e7\u00e3o Civil do Estado de S\u00e3o Paulo (SindusCon-SP).\u00a0<\/span><\/p>\n<p><span style=\"color: #000000;\">O evento, que ter\u00e1 como tema as dificuldades para a implanta\u00e7\u00e3o e utiliza\u00e7\u00e3o do BIM em tempos de crise, reunir\u00e1 especialistas do Brasil e do exterior em um debate sobre como esse processo tem avan\u00e7ado em outros pa\u00edses e os benef\u00edcios conquistados pelas empresas que optaram pela ado\u00e7\u00e3o dessa ferramenta. Tamb\u00e9m ser\u00e3o apresentados os n\u00fameros de um dos principais centros de pesquisa mundiais no BIM, o Center for Integrated Facility Engineering (CIFE) da Universidade de Stanford.<\/span><\/p>\n<p><span style=\"color: #000000;\">No primeiro painel, \u201cBIM: Porque investir (mais ainda) em tempos de crise\u201d, o professor L\u00facio Soibelman, doutor em Engenharia pelo Instituto de Tecnologia Massachusetts (MIT) e professor da Universidade do Sul da Calif\u00f3rnia (EUA), abordar\u00e1 a evolu\u00e7\u00e3o em BIM p\u00f3s 2008 nos EUA. Segundo ele, a mentalidade do empres\u00e1rio americano, que busca investir em capacita\u00e7\u00e3o nos momentos de crise, \u00e9 diferente do brasileiro comum, mas o Pa\u00eds est\u00e1 no caminho certo e tem avan\u00e7ado muito na \u00e1rea. \u201cA grande dificuldade das empresas no momento \u00e9 conseguir pessoas capacitadas e nisso voc\u00eas j\u00e1 est\u00e3o trabalhando\u201d, disse Soibelman. Outros exemplos de ganhos proporcionados pelo uso do processo BIM ser\u00e3o apresentados pelo professor do CIFE, John Kunz.<\/span><\/p>\n<p><span style=\"color: #000000;\">J\u00e1 as vantagens do <em>Laser Scanning<\/em> ser\u00e3o tratadas pelo gerente de contas da Divis\u00e3o de Laser Scanner da FARO para o Brasil, Adriano Scheuer, e pelo gerente geral para Am\u00e9rica Latina da eFM, Alessandro Marchetti.\u00a0<\/span><\/p>\n<p><span style=\"color: #000000;\"><strong>Terceiriza\u00e7\u00e3o e cases de sucesso<\/strong> Na sequ\u00eancia, o painel sobre alternativas para a implanta\u00e7\u00e3o de BIM contar\u00e1 com as presen\u00e7as do diretor de Servi\u00e7os BIM para a Am\u00e9rica Latina da EngWorks, Luiz Guillen, que palestrar\u00e1 sobre a terceiriza\u00e7\u00e3o de profissionais, e do engenheiro da FortBIM, Bruno Angelim,\u00a0 que tratar\u00e1 do Servi\u00e7o BIM 5D para empreendimentos. \u00a0<\/span><\/p>\n<p><span style=\"color: #000000;\">O futuro do BIM na constru\u00e7\u00e3o de edif\u00edcios e infraestrutura ser\u00e1 o foco das palestras dos professores David Gerber e Burcin Becerik-Gerber, da Universidade do Sul da Calif\u00f3rnia (EUA), e de Dominic Thasarathar, da Autodesk de Londres. <strong>\u00a0<\/strong><\/span><\/p>\n<p><span style=\"color: #000000;\">Destaque entre os cases brasileiros de sucesso, o BIM manager da Camargo Corr\u00eaa Desenvolvimento Imobili\u00e1rio (CCDI), Carlos Cabral, apresentar\u00e1 detalhes da implanta\u00e7\u00e3o e resultados do BIM em projetos da empresa. Entre os cases internacionais, Sonny Andalis, do Building and Construction Authority de Cingapura, far\u00e1 uma exposi\u00e7\u00e3o dos percal\u00e7os enfrentados na implanta\u00e7\u00e3o do BIM para desenvolvimento e licenciamento de obras no pa\u00eds.<\/span><\/p>\n<p><span style=\"color: #000000;\">Ao final de cada painel ser\u00e3o organizados debates. As discuss\u00f5es ser\u00e3o moderadas pelo vice-presidente do SindusCon-SP, Francisco Vasconcellos Neto; pelo vice-presidente de<\/span> <span style=\"color: #000000;\">Tecnologia e Qualidade do sindicato, Paulo Sanchez; pelos membros do CTQ, Fernando Augusto Corr\u00eaa da Silva e Andr\u00e9 Glogowsky; e pelo coordenador t\u00e9cnico do semin\u00e1rio e pesquisador do Departamento de Engenharia de Constru\u00e7\u00e3o Civil da Escola Polit\u00e9cnica da USP, Eduardo Toledo Santos.<\/span><\/p>\n<p><span style=\"color: #000000;\"><strong>Sobre o evento:<\/strong> Criado pelo SindusCon-SP em 2010, o Semin\u00e1rio Internacional BIM chega a sua sexta edi\u00e7\u00e3o consolidado como o evento mais importante do g\u00eanero no pa\u00eds, reconhecido por antecipar temas e tend\u00eancias do mercado, com a presen\u00e7a de renomados especialistas do Brasil e do exterior.<\/span><\/p>\n<p><span style=\"color: #000000;\"><strong> <strong>Apoios<\/strong> <\/strong>Associa\u00e7\u00e3o Brasileira de Alum\u00ednio (Abal), Associa\u00e7\u00e3o Brasileira de Incorporadoras Imobili\u00e1rias (Abrainc), Associa\u00e7\u00e3o Brasileira de Engenharia e Consultoria Estrutural (Abece), Associa\u00e7\u00e3o Brasileira de Sistemas Prediais (Abrasip), Associa\u00e7\u00e3o Brasileira de Refrigera\u00e7\u00e3o, Ar Condicionado, Ventila\u00e7\u00e3o e Aquecimento (Abrava), Associa\u00e7\u00e3o Brasileira de Distribuidores e Processadores de Vidros Planos (Abravidro), Associa\u00e7\u00e3o Brasileira dos Escrit\u00f3rios de Arquitetura (Asbea), Associa\u00e7\u00e3o Nacional de Fabricantes de Esquadrias de Alum\u00ednio (Afeal), Associa\u00e7\u00e3o Brasileira dos Gestores e Coordenadores de Projeto (Agesc), C\u00e2mara Brasileira da Ind\u00fastria da Constru\u00e7\u00e3o (CBIC), o Comit\u00ea Brasileiro da Constru\u00e7\u00e3o Civil (CB-02) da ABNT, Sinduscon-TAP, Sinduscon-RIO, Sindusco-ES, Sinduscon-CE, Sinduscon-SE, Sinduscon-DF, Sinduscon-RS, Sinduscon-PE, Secovi-SP, Mackenzie, FAAP, Instituto de Engenharia, Escola Polit\u00e9cnica da USP, Unicamp e International Enterprise Singapore.<\/span><\/p>\n<p><span style=\"color: #000000;\"><strong>Servi\u00e7o:<\/strong> <strong>6\u00ba Semin\u00e1rio Internacional BIM<\/strong><strong> <strong>Data:<\/strong><\/strong> 22 de outubro de 2015, das 08h30 \u00e0s 18h30 <strong>Local: <\/strong>Hotel Caesar Business S\u00e3o Paulo Faria Lima \u2013 Rua Olimp\u00edadas, 205 \u2013 Itaim Bibi <strong>Mais informa\u00e7\u00f5es e inscri\u00e7\u00f5es<\/strong>: <a style=\"color: #000000;\" href=\"http:\/\/emkt.sindusconsp-informa.com.br\/emkt\/tracer\/?2,2640625,7cb4dc9c,081c,1\">clique aqui<\/a><\/span><\/p>\n<p><span style=\"color: #000000;\"><strong>Sobre o SindusCon-SP<\/strong> O Sindicato da Ind\u00fastria da Constru\u00e7\u00e3o Civil do Estado de S\u00e3o Paulo (SindusCon-SP) \u00e9 a maior associa\u00e7\u00e3o de empresas do setor na Am\u00e9rica Latina. Congrega e representa 650 construtoras associadas e 15 mil filiadas em todo o estado. A constru\u00e7\u00e3o paulista representa 34% da constru\u00e7\u00e3o brasileira, que por sua vez equivale a<\/span> <span style=\"color: #000000;\">5,5% do Produto Interno Bruto do Brasil.<\/span><\/p>\n<p><span style=\"color: #000000;\"><strong>Fonte: Assessoria de imprensa SindusCon-SP:<\/strong><\/span><\/p>\n","protected":false},"excerpt":{"rendered":"<p>Tecnologia Laser scanning ser\u00e1 o foco do evento reconhecido por antecipar temas e tend\u00eancias do mercado\u00a0 Amanh\u00e3 (22) acontecer\u00e1 a sexta edi\u00e7\u00e3o do Semin\u00e1rio Internacional BIM, uma realiza\u00e7\u00e3o do GT BIM do Comit\u00ea de Tecnologia e Qualidade (CTQ) do Sindicato da Ind\u00fastria da Constru\u00e7\u00e3o Civil do Estado de S\u00e3o Paulo (SindusCon-SP).\u00a0 O evento, que ter\u00e1 [&hellip;]<\/p>\n","protected":false},"author":1,"featured_media":0,"comment_status":"open","ping_status":"open","sticky":false,"template":"","format":"quote","meta":{"_uag_custom_page_level_css":"","footnotes":""},"categories":[27],"tags":[1114,1394,10845,11168],"class_list":["post-240","post","type-post","status-publish","format-quote","hentry","category-acontece","tag-autodesk","tag-bim","tag-seminario","tag-sinduscon-sp","post_format-post-format-quote"],"blocksy_meta":[],"spectra_blocks_featured_image_url":null,"spectra_blocks_author_info":{"display_name":"Jornal da Constru\u00e7\u00e3o Civil","avatar_url":"https:\/\/secure.gravatar.com\/avatar\/973c9774fd44ddaceb026973c4962faa70fc512bc4c9da68e8ebb40fecee6540?s=96&d=mm&r=g","author_link":"https:\/\/construcaocivil.siriusmarketingedesign.com.br\/?author=1","description":"Desde de 2013, levando muitas informa\u00e7\u00f5es, lan\u00e7amentos e produtos de qualidade para toda cadeia produtiva da constru\u00e7\u00e3o. O Futuro da constru\u00e7\u00e3o passa por aqui,"},"uagb_featured_image_src":{"full":false,"thumbnail":false,"medium":false,"medium_large":false,"large":false,"1536x1536":false,"2048x2048":false},"uagb_author_info":{"display_name":"Jornal da Constru\u00e7\u00e3o Civil","author_link":"https:\/\/construcaocivil.siriusmarketingedesign.com.br\/?author=1"},"uagb_comment_info":0,"uagb_excerpt":"Tecnologia Laser scanning ser\u00e1 o foco do evento reconhecido por antecipar temas e tend\u00eancias do mercado\u00a0 Amanh\u00e3 (22) acontecer\u00e1 a sexta edi\u00e7\u00e3o do Semin\u00e1rio Internacional BIM, uma realiza\u00e7\u00e3o do GT BIM do Comit\u00ea de Tecnologia e Qualidade (CTQ) do Sindicato da Ind\u00fastria da Constru\u00e7\u00e3o Civil do Estado de S\u00e3o Paulo (SindusCon-SP).\u00a0 O evento, que ter\u00e1&hellip;","_links":{"self":[{"href":"https:\/\/construcaocivil.siriusmarketingedesign.com.br\/index.php?rest_route=\/wp\/v2\/posts\/240","targetHints":{"allow":["GET"]}}],"collection":[{"href":"https:\/\/construcaocivil.siriusmarketingedesign.com.br\/index.php?rest_route=\/wp\/v2\/posts"}],"about":[{"href":"https:\/\/construcaocivil.siriusmarketingedesign.com.br\/index.php?rest_route=\/wp\/v2\/types\/post"}],"author":[{"embeddable":true,"href":"https:\/\/construcaocivil.siriusmarketingedesign.com.br\/index.php?rest_route=\/wp\/v2\/users\/1"}],"replies":[{"embeddable":true,"href":"https:\/\/construcaocivil.siriusmarketingedesign.com.br\/index.php?rest_route=%2Fwp%2Fv2%2Fcomments&post=240"}],"version-history":[{"count":0,"href":"https:\/\/construcaocivil.siriusmarketingedesign.com.br\/index.php?rest_route=\/wp\/v2\/posts\/240\/revisions"}],"wp:attachment":[{"href":"https:\/\/construcaocivil.siriusmarketingedesign.com.br\/index.php?rest_route=%2Fwp%2Fv2%2Fmedia&parent=240"}],"wp:term":[{"taxonomy":"category","embeddable":true,"href":"https:\/\/construcaocivil.siriusmarketingedesign.com.br\/index.php?rest_route=%2Fwp%2Fv2%2Fcategories&post=240"},{"taxonomy":"post_tag","embeddable":true,"href":"https:\/\/construcaocivil.siriusmarketingedesign.com.br\/index.php?rest_route=%2Fwp%2Fv2%2Ftags&post=240"}],"curies":[{"name":"wp","href":"https:\/\/api.w.org\/{rel}","templated":true}]}}