{"id":24007,"date":"2024-06-25T00:10:59","date_gmt":"2024-06-25T03:10:59","guid":{"rendered":"https:\/\/www.jornaldaconstrucaocivil.com.br\/?p=24007"},"modified":"2024-06-25T00:10:59","modified_gmt":"2024-06-25T03:10:59","slug":"palestra-internacional-e-debate-sobre-locacao-no-brasil-serao-destaques-na-2a-analoc-rental-show","status":"publish","type":"post","link":"https:\/\/construcaocivil.siriusmarketingedesign.com.br\/?p=24007","title":{"rendered":"Palestra internacional e debate sobre loca\u00e7\u00e3o no Brasil ser\u00e3o destaques na 2\u00aa ANALOC Rental Show"},"content":{"rendered":"<p style=\"text-align: justify;\" align=\"center\"><em><strong>St\u00e9phane H\u00e9non, presidente da Associa\u00e7\u00e3o Europeia de Loca\u00e7\u00e3o, falar\u00e1 sobre a competitividade e a maturidade do rental na Europa<\/strong><\/em><\/p>\n<p style=\"text-align: justify;\">\n<p style=\"text-align: justify;\">Marcada para acontecer de\u00a0<b>2 a 4 de julho no Riocentro<\/b>, Rio de Janeiro, a\u00a0<b>2\u00aa ANALOC Rental Show 2024<\/b>\u00a0ter\u00e1 uma programa\u00e7\u00e3o diferenciada e marcante. J\u00e1 nesta edi\u00e7\u00e3o, contar\u00e1 com uma palestra internacional: St\u00e9phane H\u00e9non, presidente da ERA \u2013 European Rental Association (Associa\u00e7\u00e3o Europeia de Loca\u00e7\u00e3o) e diretor da Loxam, estar\u00e1 no evento para falar sobre o tema &#8216;Mercado europeu de rental e competitividade em mercado maduro&#8217;, abordando pontos importantes sobre o setor na Europa e compartilhando experi\u00eancias da atividade num continente onde a loca\u00e7\u00e3o \u00e9 bem avan\u00e7ada. A palestra ser\u00e1 realizada em\u00a0<b>4 de julho, \u00e0s 14h50<\/b>.<\/p>\n<p style=\"text-align: justify;\">\n<p style=\"text-align: justify;\">A presen\u00e7a de H\u00e9non ser\u00e1 importante para os locadores entenderem melhor as caracter\u00edsticas do mercado internacional, estabelecerem compara\u00e7\u00f5es e extra\u00edrem o que acharem interessante em benef\u00edcio de suas empresas. As diferen\u00e7as entre os mercados europeu e o brasileiro refletem as distintas trajet\u00f3rias de desenvolvimento econ\u00f4mico e industrial de cada regi\u00e3o, bem como suas prioridades regulat\u00f3rias e culturais.<\/p>\n<p style=\"text-align: justify;\">\n<p style=\"text-align: justify;\">&#8220;O mercado europeu \u00e9 mais maduro e estruturado, com maior penetra\u00e7\u00e3o de empresas de loca\u00e7\u00e3o e servi\u00e7os complementares bem estabelecidos. A Europa possui normas de seguran\u00e7a e ambientais mais rigorosas e melhor aplicadas&#8221;, descreve Reynaldo Fraiha, coordenador do evento. De acordo com ele, os pa\u00edses europeus lideram na ado\u00e7\u00e3o de tecnologias avan\u00e7adas para gest\u00e3o de frota e efici\u00eancia operacional.<\/p>\n<p style=\"text-align: justify;\">\n<p style=\"text-align: justify;\">&#8220;Na Europa, h\u00e1 d\u00e9cadas a loca\u00e7\u00e3o est\u00e1 amplamente aceita e preferida por seus benef\u00edcios, enquanto no Brasil a posse de equipamentos ainda \u00e9 bastante valorizada, embora essa realidade esteja mudando&#8221;, complementa Le\u00f4nidas Ferreira, conhecido como Leo Sisloc, diretor executivo da Sisloc Softwares de Gest\u00e3o, presidente do Grupo LocadoresBR e coordenador da Analoc Rental Show.<\/p>\n<p style=\"text-align: justify;\">\n<p style=\"text-align: justify;\">Segundo L\u00e9o, o rental brasileiro est\u00e1 evoluindo para incluir mais servi\u00e7os adicionais, mas ainda \u00e9 comum encontrar loca\u00e7\u00f5es sem muitos servi\u00e7os complementares. &#8220;J\u00e1 nos pa\u00edses europeus, as locadoras frequentemente operam em modelos de neg\u00f3cio integrados, oferecendo servi\u00e7os adicionais como manuten\u00e7\u00e3o, treinamento e consultoria. Parcerias estrat\u00e9gicas entre fabricantes de equipamentos e empresas de loca\u00e7\u00e3o s\u00e3o comuns&#8221;, diz.<\/p>\n<p style=\"text-align: justify;\">\n<p style=\"text-align: justify;\"><b>\u00a0<\/b><\/p>\n<p style=\"text-align: justify;\"><b><u>Programa\u00e7\u00e3o bem planejada<\/u><\/b><\/p>\n<p style=\"text-align: justify;\">\n<p style=\"text-align: justify;\">A programa\u00e7\u00e3o traz debates sobre temas atuais ministrados por profissionais reconhecidos da \u00e1rea.\u00a0<b>No dia 02, \u00e0s 14h30<\/b>,\u00a0<a href=\"https:\/\/www.instagram.com\/andremenezes\/\" target=\"_blank\" rel=\"noopener noreferrer\">Andr\u00e9 Menezes<\/a>\u00a0falar\u00e1 sobre &#8216;Lideran\u00e7a como diferencial competitivo locadoras&#8217;; e na sequ\u00eancia acontece \u00e0s 16h30 o Painel Mulheres Gestoras, conduzido pelo Grupo GestorasBR, sobre o tema &#8216;Lideran\u00e7a no ecossistema de loca\u00e7\u00e3o brasileiro&#8217;, com participa\u00e7\u00e3o de\u00a0<a href=\"https:\/\/www.instagram.com\/zaccaro.talita\/\" target=\"_blank\" rel=\"noopener noreferrer\">Talita Z\u00e1ccaro<\/a>,\u00a0<a href=\"https:\/\/www.instagram.com\/euhelenzaccaro\/\" target=\"_blank\" rel=\"noopener noreferrer\">Helen Z\u00e1ccaro<\/a>,\u00a0<a href=\"https:\/\/www.instagram.com\/monicabarroszambolini\/\" target=\"_blank\" rel=\"noopener noreferrer\">Monica Barros Zambolini<\/a>,\u00a0<a href=\"https:\/\/www.instagram.com\/ana_pauladeamorim\/\" target=\"_blank\" rel=\"noopener noreferrer\">Ana Paula de Amorim<\/a>, e\u00a0<a href=\"https:\/\/www.instagram.com\/kellysouzape\/\" target=\"_blank\" rel=\"noopener noreferrer\">Kelly Souza<\/a>.<\/p>\n<p style=\"text-align: justify;\">\n<p style=\"text-align: justify;\"><b>No dia 03, \u00e0s 14h<\/b>,\u00a0<a href=\"https:\/\/www.instagram.com\/assis_gestao\/\" target=\"_blank\" rel=\"noopener noreferrer\">Alexandre Assis<\/a>\u00a0inicia as atividades com a palestra &#8216;Como gerar valor para sua locadora com governan\u00e7a&#8217;; e em seguida, \u00e0s 15h, o jornalista\u00a0<a href=\"https:\/\/www.instagram.com\/luisarturnogueira\/\" target=\"_blank\" rel=\"noopener noreferrer\">Lu\u00eds Artur Nogueira<\/a>\u00a0falar\u00e1 sobre &#8216;Perspectivas macroecon\u00f4micas e pol\u00edticas para o mercado de loca\u00e7\u00e3o 2024\/2025&#8217;.<\/p>\n<p style=\"text-align: justify;\">\n<p style=\"text-align: justify;\"><b>Dia 04, \u00e0s 14h<\/b>, o evento come\u00e7a com a palestra &#8216;Empreendedorismo e gest\u00e3o&#8217;, por\u00a0<a href=\"https:\/\/www.instagram.com\/poitwilson\/\" target=\"_blank\" rel=\"noopener noreferrer\">Wilson Poit<\/a>; prossegue \u00e0s 14h50 com\u00a0<a href=\"https:\/\/www.linkedin.com\/in\/st%C3%A9phane-h%C3%A9non-loxam\/\" target=\"_blank\" rel=\"noopener noreferrer\">St\u00e9phane H\u00e9non<\/a>, no tema &#8216;Mercado europeu de rental e competitividade em mercado maduro&#8217;; e \u00e0s 15h40 ter\u00e1 uma mesa redonda com\u00a0<a href=\"https:\/\/www.instagram.com\/eurimilson_daniel\/\" target=\"_blank\" rel=\"noopener noreferrer\">Eurimilson Daniel<\/a>,\u00a0<a href=\"https:\/\/www.instagram.com\/leosisloc\/\" target=\"_blank\" rel=\"noopener noreferrer\">L\u00e9o Sisloc<\/a>\u00a0e\u00a0<a href=\"https:\/\/www.instagram.com\/paulo.esteves71\/\" target=\"_blank\" rel=\"noopener noreferrer\">Paulo Esteves<\/a>, que falar\u00e3o sobre o &#8216;Mercado de rental no Brasil e a influ\u00eancia das associa\u00e7\u00f5es.<\/p>\n<p style=\"text-align: justify;\">\n<p style=\"text-align: justify;\"><b><u>Mercado em transforma\u00e7\u00e3o constante<\/u><\/b><\/p>\n<p style=\"text-align: justify;\">\n<p style=\"text-align: justify;\">A ANALOC Rental Show tem sido a vitrine da constante evolu\u00e7\u00e3o e transforma\u00e7\u00e3o nos \u00faltimos anos do mercado brasileiro, em franco crescimento e processo de capacita\u00e7\u00e3o.<\/p>\n<p style=\"text-align: justify;\">O evento \u00e9 fruto da parceria entre a Associa\u00e7\u00e3o Brasileira dos Sindicatos e Associa\u00e7\u00f5es Setoriais de Loca\u00e7\u00e3o de Equipamentos para a Constru\u00e7\u00e3o (ANALOC) e o Grupo LocadoresBR, e re\u00fane os principais fabricantes e fornecedores de equipamentos e servi\u00e7os, para apresentar novidades espec\u00edficas a locadores de todo o pa\u00eds.<\/p>\n<p style=\"text-align: justify;\">\n<p style=\"text-align: justify;\">Com p\u00fablico altamente focado, a primeira edi\u00e7\u00e3o da feira aconteceu em Curitiba (PR) no ano passado e teve cerca de 4.850 visitantes, segundo os organizadores. O evento superou as expectativas tanto de p\u00fablico (eram esperadas 2500 pessoas) como de gera\u00e7\u00e3o de neg\u00f3cios, atingindo a marca dos R$ 58 milh\u00f5es.<\/p>\n<p style=\"text-align: justify;\">\n<p style=\"text-align: justify;\">A feira do Rio de Janeiro dever\u00e1 superar esses n\u00fameros.<\/p>\n<p style=\"text-align: justify;\">\n<p style=\"text-align: justify;\"><span style=\"color: #0000ff;\"><a style=\"color: #0000ff;\" href=\"https:\/\/analocrentalshow.com.br\/\" target=\"_blank\" rel=\"noopener noreferrer\">https:\/\/analocrentalshow.com.br\/<\/a><\/span><\/p>\n","protected":false},"excerpt":{"rendered":"<p>St\u00e9phane H\u00e9non, presidente da Associa\u00e7\u00e3o Europeia de Loca\u00e7\u00e3o, falar\u00e1 sobre a competitividade e a maturidade do rental na Europa Marcada para acontecer de\u00a02 a 4 de julho no Riocentro, Rio de Janeiro, a\u00a02\u00aa ANALOC Rental Show 2024\u00a0ter\u00e1 uma programa\u00e7\u00e3o diferenciada e marcante. J\u00e1 nesta edi\u00e7\u00e3o, contar\u00e1 com uma palestra internacional: St\u00e9phane H\u00e9non, presidente da ERA [&hellip;]<\/p>\n","protected":false},"author":1,"featured_media":24008,"comment_status":"open","ping_status":"open","sticky":false,"template":"","format":"standard","meta":{"_uag_custom_page_level_css":"","footnotes":""},"categories":[32],"tags":[26639,14083,26640,8756,26465,10406],"class_list":["post-24007","post","type-post","status-publish","format-standard","has-post-thumbnail","hentry","category-maquinas-e-equipamentos","tag-2-analoc-rental-show-2024","tag-analoc","tag-locadoresbr","tag-pecas-e-equipamentos","tag-rental-maquinas-para-construcao","tag-riocentro"],"blocksy_meta":[],"spectra_blocks_featured_image_url":{"thumbnail":{"url":"https:\/\/construcaocivil.siriusmarketingedesign.com.br\/wp-content\/uploads\/2024\/06\/analoc_rental_show_JUNHO_2-150x150.jpg","width":150,"height":150},"medium":{"url":"https:\/\/construcaocivil.siriusmarketingedesign.com.br\/wp-content\/uploads\/2024\/06\/analoc_rental_show_JUNHO_2-300x200.jpg","width":300,"height":200},"medium_large":{"url":"https:\/\/construcaocivil.siriusmarketingedesign.com.br\/wp-content\/uploads\/2024\/06\/analoc_rental_show_JUNHO_2-768x512.jpg","width":768,"height":512},"large":{"url":"https:\/\/construcaocivil.siriusmarketingedesign.com.br\/wp-content\/uploads\/2024\/06\/analoc_rental_show_JUNHO_2-1024x683.jpg","width":1024,"height":683},"full":{"url":"https:\/\/construcaocivil.siriusmarketingedesign.com.br\/wp-content\/uploads\/2024\/06\/analoc_rental_show_JUNHO_2-scaled.jpg","width":2560,"height":1707}},"spectra_blocks_author_info":{"display_name":"Jornal da Constru\u00e7\u00e3o Civil","avatar_url":"https:\/\/secure.gravatar.com\/avatar\/973c9774fd44ddaceb026973c4962faa70fc512bc4c9da68e8ebb40fecee6540?s=96&d=mm&r=g","author_link":"https:\/\/construcaocivil.siriusmarketingedesign.com.br\/?author=1","description":"Desde de 2013, levando muitas informa\u00e7\u00f5es, lan\u00e7amentos e produtos de qualidade para toda cadeia produtiva da constru\u00e7\u00e3o. O Futuro da constru\u00e7\u00e3o passa por aqui,"},"uagb_featured_image_src":{"full":["https:\/\/construcaocivil.siriusmarketingedesign.com.br\/wp-content\/uploads\/2024\/06\/analoc_rental_show_JUNHO_2-scaled.jpg",2560,1707,false],"thumbnail":["https:\/\/construcaocivil.siriusmarketingedesign.com.br\/wp-content\/uploads\/2024\/06\/analoc_rental_show_JUNHO_2-150x150.jpg",150,150,true],"medium":["https:\/\/construcaocivil.siriusmarketingedesign.com.br\/wp-content\/uploads\/2024\/06\/analoc_rental_show_JUNHO_2-300x200.jpg",300,200,true],"medium_large":["https:\/\/construcaocivil.siriusmarketingedesign.com.br\/wp-content\/uploads\/2024\/06\/analoc_rental_show_JUNHO_2-768x512.jpg",768,512,true],"large":["https:\/\/construcaocivil.siriusmarketingedesign.com.br\/wp-content\/uploads\/2024\/06\/analoc_rental_show_JUNHO_2-1024x683.jpg",1024,683,true],"1536x1536":["https:\/\/construcaocivil.siriusmarketingedesign.com.br\/wp-content\/uploads\/2024\/06\/analoc_rental_show_JUNHO_2-1536x1024.jpg",1536,1024,true],"2048x2048":["https:\/\/construcaocivil.siriusmarketingedesign.com.br\/wp-content\/uploads\/2024\/06\/analoc_rental_show_JUNHO_2-2048x1365.jpg",2048,1365,true]},"uagb_author_info":{"display_name":"Jornal da Constru\u00e7\u00e3o Civil","author_link":"https:\/\/construcaocivil.siriusmarketingedesign.com.br\/?author=1"},"uagb_comment_info":0,"uagb_excerpt":"St\u00e9phane H\u00e9non, presidente da Associa\u00e7\u00e3o Europeia de Loca\u00e7\u00e3o, falar\u00e1 sobre a competitividade e a maturidade do rental na Europa Marcada para acontecer de\u00a02 a 4 de julho no Riocentro, Rio de Janeiro, a\u00a02\u00aa ANALOC Rental Show 2024\u00a0ter\u00e1 uma programa\u00e7\u00e3o diferenciada e marcante. J\u00e1 nesta edi\u00e7\u00e3o, contar\u00e1 com uma palestra internacional: St\u00e9phane H\u00e9non, presidente da ERA&hellip;","_links":{"self":[{"href":"https:\/\/construcaocivil.siriusmarketingedesign.com.br\/index.php?rest_route=\/wp\/v2\/posts\/24007","targetHints":{"allow":["GET"]}}],"collection":[{"href":"https:\/\/construcaocivil.siriusmarketingedesign.com.br\/index.php?rest_route=\/wp\/v2\/posts"}],"about":[{"href":"https:\/\/construcaocivil.siriusmarketingedesign.com.br\/index.php?rest_route=\/wp\/v2\/types\/post"}],"author":[{"embeddable":true,"href":"https:\/\/construcaocivil.siriusmarketingedesign.com.br\/index.php?rest_route=\/wp\/v2\/users\/1"}],"replies":[{"embeddable":true,"href":"https:\/\/construcaocivil.siriusmarketingedesign.com.br\/index.php?rest_route=%2Fwp%2Fv2%2Fcomments&post=24007"}],"version-history":[{"count":0,"href":"https:\/\/construcaocivil.siriusmarketingedesign.com.br\/index.php?rest_route=\/wp\/v2\/posts\/24007\/revisions"}],"wp:featuredmedia":[{"embeddable":true,"href":"https:\/\/construcaocivil.siriusmarketingedesign.com.br\/index.php?rest_route=\/wp\/v2\/media\/24008"}],"wp:attachment":[{"href":"https:\/\/construcaocivil.siriusmarketingedesign.com.br\/index.php?rest_route=%2Fwp%2Fv2%2Fmedia&parent=24007"}],"wp:term":[{"taxonomy":"category","embeddable":true,"href":"https:\/\/construcaocivil.siriusmarketingedesign.com.br\/index.php?rest_route=%2Fwp%2Fv2%2Fcategories&post=24007"},{"taxonomy":"post_tag","embeddable":true,"href":"https:\/\/construcaocivil.siriusmarketingedesign.com.br\/index.php?rest_route=%2Fwp%2Fv2%2Ftags&post=24007"}],"curies":[{"name":"wp","href":"https:\/\/api.w.org\/{rel}","templated":true}]}}