{"id":24014,"date":"2024-06-26T14:32:36","date_gmt":"2024-06-26T17:32:36","guid":{"rendered":"https:\/\/www.jornaldaconstrucaocivil.com.br\/?p=24014"},"modified":"2024-06-26T14:32:36","modified_gmt":"2024-06-26T17:32:36","slug":"armac-registra-crescimento-de-20-nas-operacoes-do-porto-de-santos-nos-ultimos-12-meses","status":"publish","type":"post","link":"https:\/\/construcaocivil.siriusmarketingedesign.com.br\/?p=24014","title":{"rendered":"Armac registra crescimento de 20% nas opera\u00e7\u00f5es do Porto de Santos nos \u00faltimos 12 meses"},"content":{"rendered":"<p style=\"text-align: justify;\"><i>Al\u00e9m da qualifica\u00e7\u00e3o t\u00e9cnica do seu time de colaboradores, um dos diferenciais das opera\u00e7\u00f5es da empresa no porto de Santos \u00e9 a maneira como \u00e9 feita a manuten\u00e7\u00e3o das m\u00e1quinas, com o objetivo de assegurar a disponibilidade da frota contratada<\/i><\/p>\n<p style=\"text-align: justify;\"><strong>S\u00e3o Paulo, 26 de junho de 2024\u00a0<\/strong>\u2013 O Porto de Santos, o maior da Am\u00e9rica Latina, movimentou 173,3 milh\u00f5es de toneladas de cargas em 2023, um recorde hist\u00f3rico e um crescimento de 6,7% em rela\u00e7\u00e3o ao ano anterior. Continuando sua trajet\u00f3ria de recordes consecutivos, o primeiro quadrimestre de 2024 j\u00e1 apresentou um crescimento de 13,5% na movimenta\u00e7\u00e3o de cargas em rela\u00e7\u00e3o aos quatro primeiros meses do ano passado, somando 57 milh\u00f5es de toneladas, recorde para o per\u00edodo.<\/p>\n<p style=\"text-align: justify;\">\n<p style=\"text-align: justify;\">Esses resultados consolidam a posi\u00e7\u00e3o estrat\u00e9gica do porto como porta de entrada e sa\u00edda para mais de 25% da balan\u00e7a comercial brasileira, escoando produtos agr\u00edcolas, industrializados e minerais para diversos pa\u00edses. O crescimento exponencial das atividades portu\u00e1rias de movimenta\u00e7\u00e3o nos terminais de Santos tamb\u00e9m \u00e9 acompanhado pela Armac, refer\u00eancia nacional em presta\u00e7\u00e3o de servi\u00e7os e loca\u00e7\u00e3o de m\u00e1quinas e equipamentos.<\/p>\n<p style=\"text-align: justify;\">\n<p style=\"text-align: justify;\">&#8220;Nos \u00faltimos 12 meses, registramos 20% de aumento no n\u00famero de m\u00e1quinas e equipamentos operando no Porto de Santos, mantendo o n\u00famero de clientes atendidos, o que comprova a crescente pujan\u00e7a das opera\u00e7\u00f5es locais&#8221;, afirma Gabriela Marchezin, head comercial da Armac. A movimenta\u00e7\u00e3o recorde do porto tamb\u00e9m trouxe oportunidades de crescimento em obras de infraestrutura na regi\u00e3o. Al\u00e9m das opera\u00e7\u00f5es cont\u00ednuas nos terminais, a empresa conta com mais de 90 equipamentos em opera\u00e7\u00f5es de infraestrutura no litoral de S\u00e3o Paulo.<\/p>\n<p style=\"text-align: justify;\">\n<p style=\"text-align: justify;\"><strong>Manuten\u00e7\u00e3o \u00e9 um dos diferenciais<\/strong><\/p>\n<p style=\"text-align: justify;\">\n<p style=\"text-align: justify;\">A Armac atua h\u00e1 mais de sete anos no Porto de Santos, atuando em opera\u00e7\u00f5es diversas de movimenta\u00e7\u00e3o de gr\u00e3os, farelo, fertilizantes, a\u00e7\u00facar, sal e enxofre; tracionamento de vag\u00f5es; limpeza de \u00e1reas e apoio de expedi\u00e7\u00e3o de material dentro dos silos de armazenamento nos por\u00f5es de navios, para importa\u00e7\u00e3o e exporta\u00e7\u00e3o de material.<\/p>\n<p style=\"text-align: justify;\">\n<p style=\"text-align: justify;\">Pela complexidade e diversidade das atividades locais, a empresa desenvolveu uma ampla expertise para garantir a excel\u00eancia e seguran\u00e7a dos servi\u00e7os prestados, de forma a sempre garantir opera\u00e7\u00f5es seguras e cont\u00ednuas a seus clientes. Al\u00e9m da qualifica\u00e7\u00e3o t\u00e9cnica do seu time de colaboradores, um dos diferenciais das opera\u00e7\u00f5es da Armac no porto de Santos \u00e9 a maneira como \u00e9 feita a manuten\u00e7\u00e3o das m\u00e1quinas, com o objetivo de assegurar a disponibilidade da frota contratada. &#8220;Nas opera\u00e7\u00f5es que movimentam fertilizantes, por exemplo, o servi\u00e7o prestado em nossas oficinas \u00e9 primordial, j\u00e1 que as atividades cotidianas danificam bastante o equipamento pela natureza corrosiva dos materiais&#8221;, explica Antonio Clemente, diretor de Opera\u00e7\u00f5es da Armac.<\/p>\n<p style=\"text-align: justify;\">\n<p style=\"text-align: justify;\">Outro desafio \u00e9 a movimenta\u00e7\u00e3o com farelo, uma vez que os radiadores e trocadores de calor utilizados neste tipo de opera\u00e7\u00e3o ficam impregnados, causando baixa efici\u00eancia de troca t\u00e9rmica. &#8220;Estabelecemos um cronograma de sopragem das m\u00e1quinas que controlou essa quest\u00e3o e hoje mantemos as m\u00e1quinas em opera\u00e7\u00e3o pelo maior tempo poss\u00edvel&#8221;, finaliza Clemente.<\/p>\n","protected":false},"excerpt":{"rendered":"<p>Al\u00e9m da qualifica\u00e7\u00e3o t\u00e9cnica do seu time de colaboradores, um dos diferenciais das opera\u00e7\u00f5es da empresa no porto de Santos \u00e9 a maneira como \u00e9 feita a manuten\u00e7\u00e3o das m\u00e1quinas, com o objetivo de assegurar a disponibilidade da frota contratada S\u00e3o Paulo, 26 de junho de 2024\u00a0\u2013 O Porto de Santos, o maior da Am\u00e9rica [&hellip;]<\/p>\n","protected":false},"author":1,"featured_media":24015,"comment_status":"open","ping_status":"open","sticky":false,"template":"","format":"standard","meta":{"_uag_custom_page_level_css":"","footnotes":""},"categories":[32],"tags":[26541,2886,5188,6978,26646],"class_list":["post-24014","post","type-post","status-publish","format-standard","has-post-thumbnail","hentry","category-maquinas-e-equipamentos","tag-armac","tag-construcao-e-mineracao","tag-fornecedores-de-pecas-e-servicos","tag-logistica","tag-porto-de-santos-sp"],"blocksy_meta":[],"spectra_blocks_featured_image_url":{"thumbnail":{"url":"https:\/\/construcaocivil.siriusmarketingedesign.com.br\/wp-content\/uploads\/2024\/06\/handler-1-150x150.png","width":150,"height":150},"medium":{"url":"https:\/\/construcaocivil.siriusmarketingedesign.com.br\/wp-content\/uploads\/2024\/06\/handler-1-300x169.png","width":300,"height":169},"medium_large":{"url":"https:\/\/construcaocivil.siriusmarketingedesign.com.br\/wp-content\/uploads\/2024\/06\/handler-1-768x432.png","width":768,"height":432},"large":{"url":"https:\/\/construcaocivil.siriusmarketingedesign.com.br\/wp-content\/uploads\/2024\/06\/handler-1-1024x577.png","width":1024,"height":577},"full":{"url":"https:\/\/construcaocivil.siriusmarketingedesign.com.br\/wp-content\/uploads\/2024\/06\/handler-1.png","width":1062,"height":598}},"spectra_blocks_author_info":{"display_name":"Jornal da Constru\u00e7\u00e3o Civil","avatar_url":"https:\/\/secure.gravatar.com\/avatar\/973c9774fd44ddaceb026973c4962faa70fc512bc4c9da68e8ebb40fecee6540?s=96&d=mm&r=g","author_link":"https:\/\/construcaocivil.siriusmarketingedesign.com.br\/?author=1","description":"Desde de 2013, levando muitas informa\u00e7\u00f5es, lan\u00e7amentos e produtos de qualidade para toda cadeia produtiva da constru\u00e7\u00e3o. O Futuro da constru\u00e7\u00e3o passa por aqui,"},"uagb_featured_image_src":{"full":["https:\/\/construcaocivil.siriusmarketingedesign.com.br\/wp-content\/uploads\/2024\/06\/handler-1.png",1062,598,false],"thumbnail":["https:\/\/construcaocivil.siriusmarketingedesign.com.br\/wp-content\/uploads\/2024\/06\/handler-1-150x150.png",150,150,true],"medium":["https:\/\/construcaocivil.siriusmarketingedesign.com.br\/wp-content\/uploads\/2024\/06\/handler-1-300x169.png",300,169,true],"medium_large":["https:\/\/construcaocivil.siriusmarketingedesign.com.br\/wp-content\/uploads\/2024\/06\/handler-1-768x432.png",768,432,true],"large":["https:\/\/construcaocivil.siriusmarketingedesign.com.br\/wp-content\/uploads\/2024\/06\/handler-1-1024x577.png",1024,577,true],"1536x1536":["https:\/\/construcaocivil.siriusmarketingedesign.com.br\/wp-content\/uploads\/2024\/06\/handler-1.png",1062,598,false],"2048x2048":["https:\/\/construcaocivil.siriusmarketingedesign.com.br\/wp-content\/uploads\/2024\/06\/handler-1.png",1062,598,false]},"uagb_author_info":{"display_name":"Jornal da Constru\u00e7\u00e3o Civil","author_link":"https:\/\/construcaocivil.siriusmarketingedesign.com.br\/?author=1"},"uagb_comment_info":0,"uagb_excerpt":"Al\u00e9m da qualifica\u00e7\u00e3o t\u00e9cnica do seu time de colaboradores, um dos diferenciais das opera\u00e7\u00f5es da empresa no porto de Santos \u00e9 a maneira como \u00e9 feita a manuten\u00e7\u00e3o das m\u00e1quinas, com o objetivo de assegurar a disponibilidade da frota contratada S\u00e3o Paulo, 26 de junho de 2024\u00a0\u2013 O Porto de Santos, o maior da Am\u00e9rica&hellip;","_links":{"self":[{"href":"https:\/\/construcaocivil.siriusmarketingedesign.com.br\/index.php?rest_route=\/wp\/v2\/posts\/24014","targetHints":{"allow":["GET"]}}],"collection":[{"href":"https:\/\/construcaocivil.siriusmarketingedesign.com.br\/index.php?rest_route=\/wp\/v2\/posts"}],"about":[{"href":"https:\/\/construcaocivil.siriusmarketingedesign.com.br\/index.php?rest_route=\/wp\/v2\/types\/post"}],"author":[{"embeddable":true,"href":"https:\/\/construcaocivil.siriusmarketingedesign.com.br\/index.php?rest_route=\/wp\/v2\/users\/1"}],"replies":[{"embeddable":true,"href":"https:\/\/construcaocivil.siriusmarketingedesign.com.br\/index.php?rest_route=%2Fwp%2Fv2%2Fcomments&post=24014"}],"version-history":[{"count":0,"href":"https:\/\/construcaocivil.siriusmarketingedesign.com.br\/index.php?rest_route=\/wp\/v2\/posts\/24014\/revisions"}],"wp:featuredmedia":[{"embeddable":true,"href":"https:\/\/construcaocivil.siriusmarketingedesign.com.br\/index.php?rest_route=\/wp\/v2\/media\/24015"}],"wp:attachment":[{"href":"https:\/\/construcaocivil.siriusmarketingedesign.com.br\/index.php?rest_route=%2Fwp%2Fv2%2Fmedia&parent=24014"}],"wp:term":[{"taxonomy":"category","embeddable":true,"href":"https:\/\/construcaocivil.siriusmarketingedesign.com.br\/index.php?rest_route=%2Fwp%2Fv2%2Fcategories&post=24014"},{"taxonomy":"post_tag","embeddable":true,"href":"https:\/\/construcaocivil.siriusmarketingedesign.com.br\/index.php?rest_route=%2Fwp%2Fv2%2Ftags&post=24014"}],"curies":[{"name":"wp","href":"https:\/\/api.w.org\/{rel}","templated":true}]}}