{"id":24029,"date":"2024-06-27T18:14:12","date_gmt":"2024-06-27T21:14:12","guid":{"rendered":"https:\/\/www.jornaldaconstrucaocivil.com.br\/?p=24029"},"modified":"2024-06-27T18:14:12","modified_gmt":"2024-06-27T21:14:12","slug":"2o-dia-do-congresso-cidades-lixo-zero-destaca-educacao-ambiental-e-praticas-sustentaveis-em-painel-internacional","status":"publish","type":"post","link":"https:\/\/construcaocivil.siriusmarketingedesign.com.br\/?p=24029","title":{"rendered":"2\u00ba dia do Congresso Cidades Lixo Zero destaca educa\u00e7\u00e3o ambiental e pr\u00e1ticas sustent\u00e1veis em painel internacional"},"content":{"rendered":"<p style=\"text-align: justify;\">No segundo dia do Congresso Cidades Lixo Zero, no Museu da Rep\u00fablica, em Bras\u00edlia, o painel Educa\u00e7\u00e3o e Conscientiza\u00e7\u00e3o reuniu especialistas para discutir a import\u00e2ncia da transforma\u00e7\u00e3o dos modos de produ\u00e7\u00e3o e consumo como resposta \u00e0s mudan\u00e7as clim\u00e1ticas.<\/p>\n<p style=\"text-align: justify;\">\n<p style=\"text-align: justify;\">\n<p style=\"text-align: justify;\">\n<p style=\"text-align: justify;\">Marcos Sorrentino, diretor do Departamento de Educa\u00e7\u00e3o Ambiental do Minist\u00e9rio do Meio Ambiente, afirmou que a educa\u00e7\u00e3o ambiental deve ir al\u00e9m do lixo, abrangendo h\u00e1bitos de consumo, dieta e cultura, com todos se vendo como parte de uma cadeia de consumo.<\/p>\n<p style=\"text-align: justify;\">\n<p style=\"text-align: justify;\">\n<p style=\"text-align: justify;\">\n<p style=\"text-align: justify;\">Nelson, propriet\u00e1rio do Bar e Restaurante do Nelson em Paraty, RJ, compartilhou suas pr\u00e1ticas sustent\u00e1veis aplicadas ao longo de 25 anos, destacando os princ\u00edpios dos 6 R&#8217;s: Repensar, Recusar, Reduzir, Reutilizar, Reparar e Reciclar. Nelson \u00e9 certificado por utilizar saneamento ecol\u00f3gico em seu estabelecimento.<\/p>\n<p style=\"text-align: justify;\">\n<p style=\"text-align: justify;\">\n<p style=\"text-align: justify;\">\n<p style=\"text-align: justify;\">A professora de biologia Margarida, de Portugal, exp\u00f4s a necessidade urgente de mudar o modo de vida da humanidade para coexistir em simbiose com a Terra. Ela apresentou dados recentes sobre as mudan\u00e7as clim\u00e1ticas e ressaltou a import\u00e2ncia de passar do Antropoceno para o Simbioceno, promovendo um metabolismo urbano melhorado e metas de lixo zero.<\/p>\n<p style=\"text-align: justify;\">\n<p style=\"text-align: justify;\">Pal Martensson, coordenador do Zero Waste International, destacou a import\u00e2ncia da auditoria de res\u00edduos como ferramenta essencial para entender e resolver a crise de res\u00edduos. Ele explicou que a auditoria permite identificar a quantidade e os tipos de res\u00edduos gerados, fornecendo dados concretos para pol\u00edticas e pr\u00e1ticas de gest\u00e3o eficazes. Martensson tamb\u00e9m introduziu o conceito de \u201cname, shame, and fame\u201d, enfatizando a necessidade de responsabilizar os grandes emissores de res\u00edduos. Segundo ele, destacar publicamente aqueles que geram maiores impactos negativos e elogiar os que adotam pr\u00e1ticas exemplares \u00e9 crucial para promover a responsabilidade ambiental. Al\u00e9m disso, Martensson destacou a relev\u00e2ncia da colabora\u00e7\u00e3o entre governos, ind\u00fastrias e cidad\u00e3os no processo de auditoria de res\u00edduos, essencial para a transi\u00e7\u00e3o para uma economia circular.<\/p>\n<figure id=\"attachment_24031\" aria-describedby=\"caption-attachment-24031\" style=\"width: 300px\" class=\"wp-caption alignleft\"><img loading=\"lazy\" decoding=\"async\" class=\"size-medium wp-image-24031\" src=\"https:\/\/www.jornaldaconstrucaocivil.com.br\/wp-content\/uploads\/2024\/06\/unnamed-7-300x200.jpg\" alt=\"\" width=\"300\" height=\"200\" srcset=\"https:\/\/construcaocivil.siriusmarketingedesign.com.br\/wp-content\/uploads\/2024\/06\/unnamed-7-300x200.jpg 300w, https:\/\/construcaocivil.siriusmarketingedesign.com.br\/wp-content\/uploads\/2024\/06\/unnamed-7-1024x681.jpg 1024w, https:\/\/construcaocivil.siriusmarketingedesign.com.br\/wp-content\/uploads\/2024\/06\/unnamed-7-768x511.jpg 768w, https:\/\/construcaocivil.siriusmarketingedesign.com.br\/wp-content\/uploads\/2024\/06\/unnamed-7-1536x1022.jpg 1536w, https:\/\/construcaocivil.siriusmarketingedesign.com.br\/wp-content\/uploads\/2024\/06\/unnamed-7-2048x1363.jpg 2048w, https:\/\/construcaocivil.siriusmarketingedesign.com.br\/wp-content\/uploads\/2024\/06\/unnamed-7-200x133.jpg 200w\" sizes=\"auto, (max-width: 300px) 100vw, 300px\" \/><figcaption id=\"caption-attachment-24031\" class=\"wp-caption-text\">Fotos Tsunami de Pl\u00e1stico &#8211; Bruna Ara\u00fajo<\/figcaption><\/figure>\n<p style=\"text-align: justify;\">O painel refor\u00e7ou a necessidade de pr\u00e1ticas de auditoria de res\u00edduos como parte integrante das pol\u00edticas p\u00fablicas e estrat\u00e9gias de gest\u00e3o, visando a redu\u00e7\u00e3o da polui\u00e7\u00e3o e a melhoria da qualidade ambiental.<\/p>\n<p style=\"text-align: justify;\">\n<p style=\"text-align: justify;\"><strong>Oceanos em foco<\/strong><\/p>\n<p style=\"text-align: justify;\">\n<p style=\"text-align: justify;\">Mais cedo, durante o \u201cPainel de Pol\u00edticas P\u00fablicas e Legisla\u00e7\u00e3o\u201d do Congresso Internacional Cidades Lixo Zero, Lara Iwanicki, Gerente de Advocacy da Oceana, destacou o Projeto de Lei 2524\/2022, que prop\u00f5e um marco regulat\u00f3rio para a economia circular do pl\u00e1stico no Brasil. O PL, de autoria do senador Jean Paul Prates, visa reduzir a polui\u00e7\u00e3o pl\u00e1stica e promover a sustentabilidade.<\/p>\n<p style=\"text-align: justify;\">\n<p style=\"text-align: justify;\">Iwanicki salientou a urg\u00eancia do Brasil, maior produtor de pl\u00e1stico na Am\u00e9rica Latina, em seguir o exemplo de pa\u00edses como Canad\u00e1 e \u00cdndia, que j\u00e1 adotaram leis para reduzir pl\u00e1sticos descart\u00e1veis. O PL 2524\/2022, fruto de discuss\u00f5es com a sociedade civil, incluindo organiza\u00e7\u00f5es como a Oceana e o Movimento Nacional dos Catadores de Materiais Recicl\u00e1veis (MNCR), agora depende da aprova\u00e7\u00e3o dos legisladores para efetivar a mudan\u00e7a.<\/p>\n<p style=\"text-align: justify;\">\n<p style=\"text-align: justify;\"><strong>Tsunami de Pl\u00e1stico<\/strong><\/p>\n<p style=\"text-align: justify;\">\n<p style=\"text-align: justify;\">No III Congresso Internacional Cidades Lixo Zero, a Oceana se destaca com a instala\u00e7\u00e3o imersiva \u201cO Tsunami de Pl\u00e1stico\u201d, idealizada por Mundano. Patrocinada pelo Instituto Lixo Zero e desenvolvida pelo Movimento Reinventando Futuros, a obra conscientiza sobre a polui\u00e7\u00e3o pl\u00e1stica nos oceanos. A onda infl\u00e1vel de 10 metros de altura e 20 metros de largura, feita de 605m\u00b2 de pl\u00e1stico soldado, incluindo 1.100 sacolas pl\u00e1sticas, relembra \u201cA Grande Onda de Kanagawa\u201d de Hokusai.<\/p>\n<p style=\"text-align: justify;\">\n<p style=\"text-align: justify;\">Criada com apoio do coletivo Flutua e do Pimp My Carro\u00e7a, a instala\u00e7\u00e3o envolveu catadores de material recicl\u00e1vel na coleta e higieniza\u00e7\u00e3o dos pl\u00e1sticos e na produ\u00e7\u00e3o do infl\u00e1vel. A cenografia interna simula o fundo do mar com res\u00edduos pl\u00e1sticos como garrafas PET e vapers. A instala\u00e7\u00e3o, aberta ao p\u00fablico durante o congresso, provoca reflex\u00e3o sobre o consumo de pl\u00e1sticos de uso \u00fanico e a necessidade de legisla\u00e7\u00f5es mais rigorosas para combater a polui\u00e7\u00e3o pl\u00e1stica. Mundano enfatiza a import\u00e2ncia de repensar h\u00e1bitos de consumo e a responsabilidade das ind\u00fastrias e do poder p\u00fablico.<\/p>\n<p style=\"text-align: justify;\">\n<p style=\"text-align: justify;\">Al\u00e9m da instala\u00e7\u00e3o, o Movimento Reinventando Futuros organiza pain\u00e9is e rodas de conversa sobre a polui\u00e7\u00e3o pl\u00e1stica e o papel crucial dos catadores na mitiga\u00e7\u00e3o deste problema. A instala\u00e7\u00e3o celebra a contribui\u00e7\u00e3o dos catadores para a reciclagem e a gest\u00e3o eficiente de res\u00edduos.<\/p>\n","protected":false},"excerpt":{"rendered":"<p>No segundo dia do Congresso Cidades Lixo Zero, no Museu da Rep\u00fablica, em Bras\u00edlia, o painel Educa\u00e7\u00e3o e Conscientiza\u00e7\u00e3o reuniu especialistas para discutir a import\u00e2ncia da transforma\u00e7\u00e3o dos modos de produ\u00e7\u00e3o e consumo como resposta \u00e0s mudan\u00e7as clim\u00e1ticas. Marcos Sorrentino, diretor do Departamento de Educa\u00e7\u00e3o Ambiental do Minist\u00e9rio do Meio Ambiente, afirmou que a educa\u00e7\u00e3o [&hellip;]<\/p>\n","protected":false},"author":1,"featured_media":24030,"comment_status":"open","ping_status":"open","sticky":false,"template":"","format":"standard","meta":{"_uag_custom_page_level_css":"","footnotes":""},"categories":[37],"tags":[26657,26656,26655,26658,10255],"class_list":["post-24029","post","type-post","status-publish","format-standard","has-post-thumbnail","hentry","category-sustentabilidade","tag-cidades-lixo-zero","tag-cidades-sem-aterros-sanitario-s","tag-lixo-zero","tag-oceanos-sem-plastico","tag-residuos-solidos"],"blocksy_meta":[],"spectra_blocks_featured_image_url":{"thumbnail":{"url":"https:\/\/construcaocivil.siriusmarketingedesign.com.br\/wp-content\/uploads\/2024\/06\/unnamed-8-150x150.jpg","width":150,"height":150},"medium":{"url":"https:\/\/construcaocivil.siriusmarketingedesign.com.br\/wp-content\/uploads\/2024\/06\/unnamed-8-300x200.jpg","width":300,"height":200},"medium_large":{"url":"https:\/\/construcaocivil.siriusmarketingedesign.com.br\/wp-content\/uploads\/2024\/06\/unnamed-8-768x512.jpg","width":768,"height":512},"large":{"url":"https:\/\/construcaocivil.siriusmarketingedesign.com.br\/wp-content\/uploads\/2024\/06\/unnamed-8-1024x683.jpg","width":1024,"height":683},"full":{"url":"https:\/\/construcaocivil.siriusmarketingedesign.com.br\/wp-content\/uploads\/2024\/06\/unnamed-8.jpg","width":1920,"height":1280}},"spectra_blocks_author_info":{"display_name":"Jornal da Constru\u00e7\u00e3o Civil","avatar_url":"https:\/\/secure.gravatar.com\/avatar\/973c9774fd44ddaceb026973c4962faa70fc512bc4c9da68e8ebb40fecee6540?s=96&d=mm&r=g","author_link":"https:\/\/construcaocivil.siriusmarketingedesign.com.br\/?author=1","description":"Desde de 2013, levando muitas informa\u00e7\u00f5es, lan\u00e7amentos e produtos de qualidade para toda cadeia produtiva da constru\u00e7\u00e3o. O Futuro da constru\u00e7\u00e3o passa por aqui,"},"uagb_featured_image_src":{"full":["https:\/\/construcaocivil.siriusmarketingedesign.com.br\/wp-content\/uploads\/2024\/06\/unnamed-8.jpg",1920,1280,false],"thumbnail":["https:\/\/construcaocivil.siriusmarketingedesign.com.br\/wp-content\/uploads\/2024\/06\/unnamed-8-150x150.jpg",150,150,true],"medium":["https:\/\/construcaocivil.siriusmarketingedesign.com.br\/wp-content\/uploads\/2024\/06\/unnamed-8-300x200.jpg",300,200,true],"medium_large":["https:\/\/construcaocivil.siriusmarketingedesign.com.br\/wp-content\/uploads\/2024\/06\/unnamed-8-768x512.jpg",768,512,true],"large":["https:\/\/construcaocivil.siriusmarketingedesign.com.br\/wp-content\/uploads\/2024\/06\/unnamed-8-1024x683.jpg",1024,683,true],"1536x1536":["https:\/\/construcaocivil.siriusmarketingedesign.com.br\/wp-content\/uploads\/2024\/06\/unnamed-8-1536x1024.jpg",1536,1024,true],"2048x2048":["https:\/\/construcaocivil.siriusmarketingedesign.com.br\/wp-content\/uploads\/2024\/06\/unnamed-8.jpg",1920,1280,false]},"uagb_author_info":{"display_name":"Jornal da Constru\u00e7\u00e3o Civil","author_link":"https:\/\/construcaocivil.siriusmarketingedesign.com.br\/?author=1"},"uagb_comment_info":0,"uagb_excerpt":"No segundo dia do Congresso Cidades Lixo Zero, no Museu da Rep\u00fablica, em Bras\u00edlia, o painel Educa\u00e7\u00e3o e Conscientiza\u00e7\u00e3o reuniu especialistas para discutir a import\u00e2ncia da transforma\u00e7\u00e3o dos modos de produ\u00e7\u00e3o e consumo como resposta \u00e0s mudan\u00e7as clim\u00e1ticas. Marcos Sorrentino, diretor do Departamento de Educa\u00e7\u00e3o Ambiental do Minist\u00e9rio do Meio Ambiente, afirmou que a educa\u00e7\u00e3o&hellip;","_links":{"self":[{"href":"https:\/\/construcaocivil.siriusmarketingedesign.com.br\/index.php?rest_route=\/wp\/v2\/posts\/24029","targetHints":{"allow":["GET"]}}],"collection":[{"href":"https:\/\/construcaocivil.siriusmarketingedesign.com.br\/index.php?rest_route=\/wp\/v2\/posts"}],"about":[{"href":"https:\/\/construcaocivil.siriusmarketingedesign.com.br\/index.php?rest_route=\/wp\/v2\/types\/post"}],"author":[{"embeddable":true,"href":"https:\/\/construcaocivil.siriusmarketingedesign.com.br\/index.php?rest_route=\/wp\/v2\/users\/1"}],"replies":[{"embeddable":true,"href":"https:\/\/construcaocivil.siriusmarketingedesign.com.br\/index.php?rest_route=%2Fwp%2Fv2%2Fcomments&post=24029"}],"version-history":[{"count":0,"href":"https:\/\/construcaocivil.siriusmarketingedesign.com.br\/index.php?rest_route=\/wp\/v2\/posts\/24029\/revisions"}],"wp:featuredmedia":[{"embeddable":true,"href":"https:\/\/construcaocivil.siriusmarketingedesign.com.br\/index.php?rest_route=\/wp\/v2\/media\/24030"}],"wp:attachment":[{"href":"https:\/\/construcaocivil.siriusmarketingedesign.com.br\/index.php?rest_route=%2Fwp%2Fv2%2Fmedia&parent=24029"}],"wp:term":[{"taxonomy":"category","embeddable":true,"href":"https:\/\/construcaocivil.siriusmarketingedesign.com.br\/index.php?rest_route=%2Fwp%2Fv2%2Fcategories&post=24029"},{"taxonomy":"post_tag","embeddable":true,"href":"https:\/\/construcaocivil.siriusmarketingedesign.com.br\/index.php?rest_route=%2Fwp%2Fv2%2Ftags&post=24029"}],"curies":[{"name":"wp","href":"https:\/\/api.w.org\/{rel}","templated":true}]}}