{"id":24054,"date":"2024-07-03T15:56:27","date_gmt":"2024-07-03T18:56:27","guid":{"rendered":"https:\/\/www.jornaldaconstrucaocivil.com.br\/?p=24054"},"modified":"2024-07-03T15:56:27","modified_gmt":"2024-07-03T18:56:27","slug":"em-24h-acidentes-com-elevadores-mata-2-e-fere-1-crea-rj-vai-apurar-a-existencia-de-responsaveis-tecnicos-por-manutencao-de-elevadores-que-registraram-acidentes","status":"publish","type":"post","link":"https:\/\/construcaocivil.siriusmarketingedesign.com.br\/?p=24054","title":{"rendered":"Em 24h, acidentes com elevadores mata 2 e fere 1: Crea-RJ vai apurar a exist\u00eancia de respons\u00e1veis t\u00e9cnicos por manuten\u00e7\u00e3o de elevadores que registraram acidentes"},"content":{"rendered":"<p>Em menos de 24 horas, houve tr\u00eas acidentes em elevadores no Rio, dois deles em pr\u00e9dios p\u00fablicos e outro num edif\u00edcio residencial. Um ocorreu no Hospital Municipal Salgado Filho, no M\u00e9ier, deixando um morto; e outro no pr\u00e9dio da Secretaria Estadual de Fazenda, causando ferimentos em uma pessoa, no Centro. O terceiro ocorreu em Copacabana, e resultou na morte de um homem.<\/p>\n<p>&nbsp;<\/p>\n<p>O Conselho Regional de Engenharia e Agronomia do Rio (Crea-RJ) informa, por meio de sua assessoria de imprensa, que vai apurar a exist\u00eancia de respons\u00e1veis t\u00e9cnicos nos tr\u00eas locais. A lei 5.194, de 1966, determina que os servi\u00e7os t\u00e9cnicos precisam ter a participa\u00e7\u00e3o de um profissional habilitado.<\/p>\n<p>&nbsp;<\/p>\n<p>A Fiscaliza\u00e7\u00e3o do Crea-RJ vai enviar equipes aos locais dos acidentes a fim de apurar a responsabilidade pela presta\u00e7\u00e3o do servi\u00e7o.<\/p>\n<p>&nbsp;<\/p>\n<p>O Crea-RJ j\u00e1 constatou que o respons\u00e1vel pela manuten\u00e7\u00e3o do elevador que despencou no Hospital Salgado Filho n\u00e3o tem registro no Crea, de Anota\u00e7\u00e3o de Responsabilidade T\u00e9cnica (ART), o que indica alguma irregularidade.<\/p>\n<p>&nbsp;<\/p>\n<p>O Crea-RJ verificou tamb\u00e9m que a empresa respons\u00e1vel pela manuten\u00e7\u00e3o do elevador da Secretaria de Fazenda est\u00e1 regularizada no Conselho, mas vai apurar o que aconteceu.<\/p>\n","protected":false},"excerpt":{"rendered":"<p>Em menos de 24 horas, houve tr\u00eas acidentes em elevadores no Rio, dois deles em pr\u00e9dios p\u00fablicos e outro num edif\u00edcio residencial. Um ocorreu no Hospital Municipal Salgado Filho, no M\u00e9ier, deixando um morto; e outro no pr\u00e9dio da Secretaria Estadual de Fazenda, causando ferimentos em uma pessoa, no Centro. O terceiro ocorreu em Copacabana, [&hellip;]<\/p>\n","protected":false},"author":1,"featured_media":24058,"comment_status":"open","ping_status":"open","sticky":false,"template":"","format":"standard","meta":{"_uag_custom_page_level_css":"","footnotes":""},"categories":[30],"tags":[394,3143,26666,4068,7181],"class_list":["post-24054","post","type-post","status-publish","format-standard","has-post-thumbnail","hentry","category-imoveis","tag-acidentes-e-mortes","tag-crea-rj","tag-elevadores-dicas-e-cuidados","tag-elevadores-residenciais","tag-manutencao-de-elevadores"],"blocksy_meta":[],"spectra_blocks_featured_image_url":{"thumbnail":{"url":"https:\/\/construcaocivil.siriusmarketingedesign.com.br\/wp-content\/uploads\/2024\/07\/Elevadores-150x150.jpg","width":150,"height":150},"medium":{"url":"https:\/\/construcaocivil.siriusmarketingedesign.com.br\/wp-content\/uploads\/2024\/07\/Elevadores-201x300.jpg","width":201,"height":300},"medium_large":{"url":"https:\/\/construcaocivil.siriusmarketingedesign.com.br\/wp-content\/uploads\/2024\/07\/Elevadores.jpg","width":707,"height":1054},"large":{"url":"https:\/\/construcaocivil.siriusmarketingedesign.com.br\/wp-content\/uploads\/2024\/07\/Elevadores-687x1024.jpg","width":687,"height":1024},"full":{"url":"https:\/\/construcaocivil.siriusmarketingedesign.com.br\/wp-content\/uploads\/2024\/07\/Elevadores.jpg","width":707,"height":1054}},"spectra_blocks_author_info":{"display_name":"Jornal da Constru\u00e7\u00e3o Civil","avatar_url":"https:\/\/secure.gravatar.com\/avatar\/973c9774fd44ddaceb026973c4962faa70fc512bc4c9da68e8ebb40fecee6540?s=96&d=mm&r=g","author_link":"https:\/\/construcaocivil.siriusmarketingedesign.com.br\/?author=1","description":"Desde de 2013, levando muitas informa\u00e7\u00f5es, lan\u00e7amentos e produtos de qualidade para toda cadeia produtiva da constru\u00e7\u00e3o. O Futuro da constru\u00e7\u00e3o passa por aqui,"},"uagb_featured_image_src":{"full":["https:\/\/construcaocivil.siriusmarketingedesign.com.br\/wp-content\/uploads\/2024\/07\/Elevadores.jpg",707,1054,false],"thumbnail":["https:\/\/construcaocivil.siriusmarketingedesign.com.br\/wp-content\/uploads\/2024\/07\/Elevadores-150x150.jpg",150,150,true],"medium":["https:\/\/construcaocivil.siriusmarketingedesign.com.br\/wp-content\/uploads\/2024\/07\/Elevadores-201x300.jpg",201,300,true],"medium_large":["https:\/\/construcaocivil.siriusmarketingedesign.com.br\/wp-content\/uploads\/2024\/07\/Elevadores.jpg",707,1054,false],"large":["https:\/\/construcaocivil.siriusmarketingedesign.com.br\/wp-content\/uploads\/2024\/07\/Elevadores-687x1024.jpg",687,1024,true],"1536x1536":["https:\/\/construcaocivil.siriusmarketingedesign.com.br\/wp-content\/uploads\/2024\/07\/Elevadores.jpg",707,1054,false],"2048x2048":["https:\/\/construcaocivil.siriusmarketingedesign.com.br\/wp-content\/uploads\/2024\/07\/Elevadores.jpg",707,1054,false]},"uagb_author_info":{"display_name":"Jornal da Constru\u00e7\u00e3o Civil","author_link":"https:\/\/construcaocivil.siriusmarketingedesign.com.br\/?author=1"},"uagb_comment_info":0,"uagb_excerpt":"Em menos de 24 horas, houve tr\u00eas acidentes em elevadores no Rio, dois deles em pr\u00e9dios p\u00fablicos e outro num edif\u00edcio residencial. Um ocorreu no Hospital Municipal Salgado Filho, no M\u00e9ier, deixando um morto; e outro no pr\u00e9dio da Secretaria Estadual de Fazenda, causando ferimentos em uma pessoa, no Centro. O terceiro ocorreu em Copacabana,&hellip;","_links":{"self":[{"href":"https:\/\/construcaocivil.siriusmarketingedesign.com.br\/index.php?rest_route=\/wp\/v2\/posts\/24054","targetHints":{"allow":["GET"]}}],"collection":[{"href":"https:\/\/construcaocivil.siriusmarketingedesign.com.br\/index.php?rest_route=\/wp\/v2\/posts"}],"about":[{"href":"https:\/\/construcaocivil.siriusmarketingedesign.com.br\/index.php?rest_route=\/wp\/v2\/types\/post"}],"author":[{"embeddable":true,"href":"https:\/\/construcaocivil.siriusmarketingedesign.com.br\/index.php?rest_route=\/wp\/v2\/users\/1"}],"replies":[{"embeddable":true,"href":"https:\/\/construcaocivil.siriusmarketingedesign.com.br\/index.php?rest_route=%2Fwp%2Fv2%2Fcomments&post=24054"}],"version-history":[{"count":0,"href":"https:\/\/construcaocivil.siriusmarketingedesign.com.br\/index.php?rest_route=\/wp\/v2\/posts\/24054\/revisions"}],"wp:featuredmedia":[{"embeddable":true,"href":"https:\/\/construcaocivil.siriusmarketingedesign.com.br\/index.php?rest_route=\/wp\/v2\/media\/24058"}],"wp:attachment":[{"href":"https:\/\/construcaocivil.siriusmarketingedesign.com.br\/index.php?rest_route=%2Fwp%2Fv2%2Fmedia&parent=24054"}],"wp:term":[{"taxonomy":"category","embeddable":true,"href":"https:\/\/construcaocivil.siriusmarketingedesign.com.br\/index.php?rest_route=%2Fwp%2Fv2%2Fcategories&post=24054"},{"taxonomy":"post_tag","embeddable":true,"href":"https:\/\/construcaocivil.siriusmarketingedesign.com.br\/index.php?rest_route=%2Fwp%2Fv2%2Ftags&post=24054"}],"curies":[{"name":"wp","href":"https:\/\/api.w.org\/{rel}","templated":true}]}}