{"id":24063,"date":"2024-07-04T10:11:21","date_gmt":"2024-07-04T13:11:21","guid":{"rendered":"https:\/\/www.jornaldaconstrucaocivil.com.br\/?p=24063"},"modified":"2024-07-04T10:25:39","modified_gmt":"2024-07-04T13:25:39","slug":"dorde-cabeca-conta-de-luz-fica-mais-cara-em-julho-com-a-ativacao-da-bandeira-amarela","status":"publish","type":"post","link":"https:\/\/construcaocivil.siriusmarketingedesign.com.br\/?p=24063","title":{"rendered":"Dor de cabe\u00e7a: Conta de luz fica mais cara em julho com a ativa\u00e7\u00e3o da bandeira amarela"},"content":{"rendered":"<p style=\"text-align: justify;\"><strong>Consumidores da Light devem ficar atentos ao consumo de energia<\/strong><\/p>\n<p style=\"text-align: justify;\">A partir deste m\u00eas de julho, as tarifas de energia el\u00e9trica sofrer\u00e3o aumento com a ativa\u00e7\u00e3o da bandeira tarif\u00e1ria amarela pela<a href=\"https:\/\/click.cse360.com.br\/Click\/AddCampaignEmailClick\/c8c57520-611a-4290-59d3-08dc8ed67709\/https%253a%252f%252fwww.gov.br%252faneel%252fpt-br\/b20bfdd4-a02b-41a4-eb6d-08d7c5ff26d1\/webobras@gmail.com\/True\" target=\"_blank\" rel=\"noopener noreferrer\" data-saferedirecturl=\"https:\/\/www.google.com\/url?q=https:\/\/click.cse360.com.br\/Click\/AddCampaignEmailClick\/c8c57520-611a-4290-59d3-08dc8ed67709\/https%25253a%25252f%25252fwww.gov.br%25252faneel%25252fpt-br\/b20bfdd4-a02b-41a4-eb6d-08d7c5ff26d1\/webobras@gmail.com\/True&amp;source=gmail&amp;ust=1720184397546000&amp;usg=AOvVaw3Zs8IvqKdsTuqEJfzHPdkg\">\u00a0Ag\u00eancia Nacional de Energia El\u00e9trica (Aneel)<\/a>. Essa \u00e9 a primeira altera\u00e7\u00e3o na bandeira desde abril de 2022, ap\u00f3s 26 meses de bandeira verde, que oferece tarifas mais baixas.<\/p>\n<p style=\"text-align: justify;\">A mudan\u00e7a ocorre devido \u00e0s condi\u00e7\u00f5es desfavor\u00e1veis para gera\u00e7\u00e3o de energia no pa\u00eds, como a previs\u00e3o de escassez de chuvas e temperaturas mais altas durante o inverno, obrigando o acionamento de termel\u00e9tricas, que t\u00eam custos operacionais mais elevados.<\/p>\n<figure id=\"attachment_24065\" aria-describedby=\"caption-attachment-24065\" style=\"width: 200px\" class=\"wp-caption alignleft\"><img loading=\"lazy\" decoding=\"async\" class=\"size-medium wp-image-24065\" src=\"https:\/\/www.jornaldaconstrucaocivil.com.br\/wp-content\/uploads\/2024\/07\/unnamed-11-200x300.jpg\" alt=\"\" width=\"200\" height=\"300\" srcset=\"https:\/\/construcaocivil.siriusmarketingedesign.com.br\/wp-content\/uploads\/2024\/07\/unnamed-11-200x300.jpg 200w, https:\/\/construcaocivil.siriusmarketingedesign.com.br\/wp-content\/uploads\/2024\/07\/unnamed-11-683x1024.jpg 683w, https:\/\/construcaocivil.siriusmarketingedesign.com.br\/wp-content\/uploads\/2024\/07\/unnamed-11-768x1152.jpg 768w, https:\/\/construcaocivil.siriusmarketingedesign.com.br\/wp-content\/uploads\/2024\/07\/unnamed-11-1024x1536.jpg 1024w, https:\/\/construcaocivil.siriusmarketingedesign.com.br\/wp-content\/uploads\/2024\/07\/unnamed-11-1366x2048.jpg 1366w, https:\/\/construcaocivil.siriusmarketingedesign.com.br\/wp-content\/uploads\/2024\/07\/unnamed-11.jpg 1667w\" sizes=\"auto, (max-width: 200px) 100vw, 200px\" \/><figcaption id=\"caption-attachment-24065\" class=\"wp-caption-text\">Carlos Eduardo Dair Coutinho<\/figcaption><\/figure>\n<p style=\"text-align: justify;\">Os novos valores na \u00e1rea de concess\u00e3o da Light ser\u00e3o de R$1,22 por quilowatt-hora (kWh) para consumidores com consumo mensal at\u00e9 100 kWh e R$1,37 por kWh para aqueles com consumo superior a 200 kWh.<\/p>\n<p style=\"text-align: justify;\">Carlos Eduardo Dair Coutinho, presidente do\u00a0<a href=\"https:\/\/click.cse360.com.br\/Click\/AddCampaignEmailClick\/c8c57520-611a-4290-59d3-08dc8ed67709\/https%253a%252f%252fcconsumidoreslight.com.br%252f\/b20bfdd4-a02b-41a4-eb6d-08d7c5ff26d1\/webobras@gmail.com\/True\" target=\"_blank\" rel=\"noopener noreferrer\" data-saferedirecturl=\"https:\/\/www.google.com\/url?q=https:\/\/click.cse360.com.br\/Click\/AddCampaignEmailClick\/c8c57520-611a-4290-59d3-08dc8ed67709\/https%25253a%25252f%25252fcconsumidoreslight.com.br%25252f\/b20bfdd4-a02b-41a4-eb6d-08d7c5ff26d1\/webobras@gmail.com\/True&amp;source=gmail&amp;ust=1720184397546000&amp;usg=AOvVaw1snUuHfxEZr8-Mm_rUQxVb\">Conselho de Consumidores da Light<\/a>, destaca a necessidade do uso consciente da energia para evitar desperd\u00edcios e surpresas nas contas.<\/p>\n<p style=\"text-align: justify;\">\u201cO inverno j\u00e1 \u00e9 um per\u00edodo em que a conta de energia costuma subir um pouco mais por conta do uso de chuveiro el\u00e9trico. Uma dica \u00e9 mudar o equipamento para o modo morno e evitar banhos longos. Al\u00e9m disso, pode ajustar a temperatura da geladeira para manter os alimentos resfriados e n\u00e3o deixar aberta por muito tempo. Essas a\u00e7\u00f5es ajudam a diminuir o consumo de energia e a manter as contas mais controladas.&#8221;<\/p>\n<p style=\"text-align: justify;\">A previs\u00e3o de chuvas 50% abaixo da m\u00e9dia e o aumento esperado na carga e consumo de energia s\u00e3o os principais fatores para a ativa\u00e7\u00e3o da bandeira amarela. A escassez h\u00eddrica e as temperaturas acima da m\u00e9dia hist\u00f3rica do inverno aumentam a necessidade de acionar termel\u00e9tricas, que t\u00eam custos de produ\u00e7\u00e3o mais altos comparados \u00e0s hidrel\u00e9tricas, especialmente \u00e0 noite, quando n\u00e3o h\u00e1 produ\u00e7\u00e3o solar.<\/p>\n<p style=\"text-align: justify;\">O sistema de bandeiras tarif\u00e1rias, criado pela Aneel em 2015, visa informar aos consumidores sobre os custos vari\u00e1veis da gera\u00e7\u00e3o de energia no Brasil, refletindo a disponibilidade de recursos h\u00eddricos, o avan\u00e7o das fontes renov\u00e1veis e o acionamento de fontes de gera\u00e7\u00e3o mais caras.<\/p>\n","protected":false},"excerpt":{"rendered":"<p>Consumidores da Light devem ficar atentos ao consumo de energia A partir deste m\u00eas de julho, as tarifas de energia el\u00e9trica sofrer\u00e3o aumento com a ativa\u00e7\u00e3o da bandeira tarif\u00e1ria amarela pela\u00a0Ag\u00eancia Nacional de Energia El\u00e9trica (Aneel). Essa \u00e9 a primeira altera\u00e7\u00e3o na bandeira desde abril de 2022, ap\u00f3s 26 meses de bandeira verde, que oferece [&hellip;]<\/p>\n","protected":false},"author":1,"featured_media":24064,"comment_status":"open","ping_status":"open","sticky":false,"template":"","format":"standard","meta":{"_uag_custom_page_level_css":"","footnotes":""},"categories":[29],"tags":[725,1274,2992,3007,6876,10375,11519],"class_list":["post-24063","post","type-post","status-publish","format-standard","has-post-thumbnail","hentry","category-energia","tag-aneel","tag-bandeira-amarela","tag-consumidores","tag-conta-de-luz","tag-light","tag-rio-de-janeiro","tag-tarifa-de-energia"],"blocksy_meta":[],"spectra_blocks_featured_image_url":{"thumbnail":{"url":"https:\/\/construcaocivil.siriusmarketingedesign.com.br\/wp-content\/uploads\/2024\/07\/unnamed-10-150x150.jpg","width":150,"height":150},"medium":{"url":"https:\/\/construcaocivil.siriusmarketingedesign.com.br\/wp-content\/uploads\/2024\/07\/unnamed-10-300x188.jpg","width":300,"height":188},"medium_large":{"url":"https:\/\/construcaocivil.siriusmarketingedesign.com.br\/wp-content\/uploads\/2024\/07\/unnamed-10.jpg","width":700,"height":438},"large":{"url":"https:\/\/construcaocivil.siriusmarketingedesign.com.br\/wp-content\/uploads\/2024\/07\/unnamed-10.jpg","width":700,"height":438},"full":{"url":"https:\/\/construcaocivil.siriusmarketingedesign.com.br\/wp-content\/uploads\/2024\/07\/unnamed-10.jpg","width":700,"height":438}},"spectra_blocks_author_info":{"display_name":"Jornal da Constru\u00e7\u00e3o Civil","avatar_url":"https:\/\/secure.gravatar.com\/avatar\/973c9774fd44ddaceb026973c4962faa70fc512bc4c9da68e8ebb40fecee6540?s=96&d=mm&r=g","author_link":"https:\/\/construcaocivil.siriusmarketingedesign.com.br\/?author=1","description":"Desde de 2013, levando muitas informa\u00e7\u00f5es, lan\u00e7amentos e produtos de qualidade para toda cadeia produtiva da constru\u00e7\u00e3o. O Futuro da constru\u00e7\u00e3o passa por aqui,"},"uagb_featured_image_src":{"full":["https:\/\/construcaocivil.siriusmarketingedesign.com.br\/wp-content\/uploads\/2024\/07\/unnamed-10.jpg",700,438,false],"thumbnail":["https:\/\/construcaocivil.siriusmarketingedesign.com.br\/wp-content\/uploads\/2024\/07\/unnamed-10-150x150.jpg",150,150,true],"medium":["https:\/\/construcaocivil.siriusmarketingedesign.com.br\/wp-content\/uploads\/2024\/07\/unnamed-10-300x188.jpg",300,188,true],"medium_large":["https:\/\/construcaocivil.siriusmarketingedesign.com.br\/wp-content\/uploads\/2024\/07\/unnamed-10.jpg",700,438,false],"large":["https:\/\/construcaocivil.siriusmarketingedesign.com.br\/wp-content\/uploads\/2024\/07\/unnamed-10.jpg",700,438,false],"1536x1536":["https:\/\/construcaocivil.siriusmarketingedesign.com.br\/wp-content\/uploads\/2024\/07\/unnamed-10.jpg",700,438,false],"2048x2048":["https:\/\/construcaocivil.siriusmarketingedesign.com.br\/wp-content\/uploads\/2024\/07\/unnamed-10.jpg",700,438,false]},"uagb_author_info":{"display_name":"Jornal da Constru\u00e7\u00e3o Civil","author_link":"https:\/\/construcaocivil.siriusmarketingedesign.com.br\/?author=1"},"uagb_comment_info":0,"uagb_excerpt":"Consumidores da Light devem ficar atentos ao consumo de energia A partir deste m\u00eas de julho, as tarifas de energia el\u00e9trica sofrer\u00e3o aumento com a ativa\u00e7\u00e3o da bandeira tarif\u00e1ria amarela pela\u00a0Ag\u00eancia Nacional de Energia El\u00e9trica (Aneel). Essa \u00e9 a primeira altera\u00e7\u00e3o na bandeira desde abril de 2022, ap\u00f3s 26 meses de bandeira verde, que oferece&hellip;","_links":{"self":[{"href":"https:\/\/construcaocivil.siriusmarketingedesign.com.br\/index.php?rest_route=\/wp\/v2\/posts\/24063","targetHints":{"allow":["GET"]}}],"collection":[{"href":"https:\/\/construcaocivil.siriusmarketingedesign.com.br\/index.php?rest_route=\/wp\/v2\/posts"}],"about":[{"href":"https:\/\/construcaocivil.siriusmarketingedesign.com.br\/index.php?rest_route=\/wp\/v2\/types\/post"}],"author":[{"embeddable":true,"href":"https:\/\/construcaocivil.siriusmarketingedesign.com.br\/index.php?rest_route=\/wp\/v2\/users\/1"}],"replies":[{"embeddable":true,"href":"https:\/\/construcaocivil.siriusmarketingedesign.com.br\/index.php?rest_route=%2Fwp%2Fv2%2Fcomments&post=24063"}],"version-history":[{"count":0,"href":"https:\/\/construcaocivil.siriusmarketingedesign.com.br\/index.php?rest_route=\/wp\/v2\/posts\/24063\/revisions"}],"wp:featuredmedia":[{"embeddable":true,"href":"https:\/\/construcaocivil.siriusmarketingedesign.com.br\/index.php?rest_route=\/wp\/v2\/media\/24064"}],"wp:attachment":[{"href":"https:\/\/construcaocivil.siriusmarketingedesign.com.br\/index.php?rest_route=%2Fwp%2Fv2%2Fmedia&parent=24063"}],"wp:term":[{"taxonomy":"category","embeddable":true,"href":"https:\/\/construcaocivil.siriusmarketingedesign.com.br\/index.php?rest_route=%2Fwp%2Fv2%2Fcategories&post=24063"},{"taxonomy":"post_tag","embeddable":true,"href":"https:\/\/construcaocivil.siriusmarketingedesign.com.br\/index.php?rest_route=%2Fwp%2Fv2%2Ftags&post=24063"}],"curies":[{"name":"wp","href":"https:\/\/api.w.org\/{rel}","templated":true}]}}