{"id":24086,"date":"2024-07-10T19:18:04","date_gmt":"2024-07-10T22:18:04","guid":{"rendered":"https:\/\/www.jornaldaconstrucaocivil.com.br\/?p=24086"},"modified":"2024-07-10T19:20:36","modified_gmt":"2024-07-10T22:20:36","slug":"codevasf-capacita-tecnicos-angolanos-para-a-agricultura-irrigada","status":"publish","type":"post","link":"https:\/\/construcaocivil.siriusmarketingedesign.com.br\/?p=24086","title":{"rendered":"Conex\u00e3o Brasil &#8211; \u00c1frica: Codevasf capacita t\u00e9cnicos angolanos para a agricultura irrigada"},"content":{"rendered":"<p><em>A parceria \u00e9 fruto da coopera\u00e7\u00e3o t\u00e9cnica \u201cDesenvolvimento de regi\u00f5es irrigadas e pol\u00edticas de apoio \u00e0 agricultura familiar\u201d, coordenada pela Ag\u00eancia Brasileira de Coopera\u00e7\u00e3o<\/em><\/p>\n<p>Delega\u00e7\u00e3o brasileira, formada por t\u00e9cnicos da Companhia de Desenvolvimento dos Vales do S\u00e3o Francisco e do Parna\u00edba (Codevasf), participa, neste m\u00eas de julho, de miss\u00e3o de coopera\u00e7\u00e3o internacional em Angola para capacitar t\u00e9cnicos angolanos e disseminar experi\u00eancias na promo\u00e7\u00e3o do desenvolvimento regional por meio da agricultura irrigada e de sequeiro. A iniciativa faz parte do Programa de coopera\u00e7\u00e3o t\u00e9cnica \u201cDesenvolvimento de regi\u00f5es irrigadas e pol\u00edticas de apoio \u00e0 agricultura familiar\u201d de Angola, no Vale do rio Cunene, coordenado pela Ag\u00eancia Brasileira de Coopera\u00e7\u00e3o (ABC), do Minist\u00e9rio das Rela\u00e7\u00f5es Exteriores.<\/p>\n<p>Doze t\u00e9cnicos angolanos ser\u00e3o capacitados pelos t\u00e9cnicos da Codevasf para terem conhecimentos na \u00e1rea de topografia, pedologia e drenagem. Segundo o coordenador da miss\u00e3o da Codevasf, Samuth Duarte, levar a experi\u00eancia brasileira para Angola \u00e9 fundamental para que a agricultura irrigada seja desenvolvida na regi\u00e3o do Vale do rio Cunene. \u201cAs caracter\u00edsticas do solo e do clima do Vale do Cunene s\u00e3o semelhantes \u00e0s do semi\u00e1rido brasileiro. A ideia \u00e9 que os angolanos consigam desenvolver agriculta irrigada no local para a melhoria da qualidade de vida da popula\u00e7\u00e3o da regi\u00e3o\u201d, afirma.<\/p>\n<p>\u201cA Codevasf foi convidada para compartilhar suas experi\u00eancias exitosas na agricultura irrigada e a auxiliar t\u00e9cnicos angolanos na elabora\u00e7\u00e3o de um plano de gest\u00e3o para o canal do Cafu. Essa prov\u00edncia angolana sofre com a estiagem e tem um canal, constru\u00eddo recentemente com o objetivo de disponibilizar \u00e1gua para o consumo humano e animal e produ\u00e7\u00e3o agr\u00edcola\u201d, explica o diretor da \u00c1rea de Irriga\u00e7\u00e3o e Opera\u00e7\u00f5es da Companhia, Lu\u00eds Napole\u00e3o Casado. O Canal do Cafu foi inaugurado em abril em 2022 com o intuito de combater a seca c\u00edclica na prov\u00edncia.<\/p>\n<p>Na miss\u00e3o, foram realizadas reuni\u00f5es com o governo da prov\u00edncia de Cunene e visitas de reconhecimento \u00e0 \u00e1rea do Canal do Cafu. O objetivo das visitas foi observar as caracter\u00edsticas do solo da regi\u00e3o. A inspe\u00e7\u00e3o foi dividida em duas partes. A primeira foi feita na esta\u00e7\u00e3o de bombeamento. Em seguida, percorreu-se o trecho referente ao primeiro lote do canal, que vai da comunidade do Cafu at\u00e9 Cuamato, com aproximadamente 47 km. A segunda etapa contou com o reconhecimento dos trechos Leste e Oeste, respectivamente com 56 km e 55 km.<\/p>\n<p>Desde que chegou a Angola, a equipe t\u00e9cnica da Codevasf conheceu o laborat\u00f3rio do Instituto de Investiga\u00e7\u00e3o Agron\u00f4mica de Angola (IAA), local em que as amostras de solo ser\u00e3o analisadas. A equipe participou de uma reuni\u00e3o com a governadora de Huambo, Lotti Nolika, e com representantes da embaixada do Brasil em Angola e do Instituto de Agricultura de Angola. A governadora Lotti Nolika reconheceu a import\u00e2ncia dos trabalhos que ser\u00e3o executados para o pa\u00eds.<\/p>\n<p>Os t\u00e9cnicos da Codevasf tamb\u00e9m se encontraram com o vice-governador para os Servi\u00e7os T\u00e9cnicos e Infraestruturas da prov\u00edncia de Cunene, Ant\u00f3nio Gilberto Augusto Matias, e outras autoridades para explicar o objetivo da miss\u00e3o no Canal do Cafu, em Cunene, e a import\u00e2ncia dos levantamentos pedol\u00f3gicos e topogr\u00e1ficos para o desenvolvimento da agricultura irrigada na regi\u00e3o.<\/p>\n<p>Fonte: <strong>Codevasf<\/strong><\/p>\n","protected":false},"excerpt":{"rendered":"<p>A parceria \u00e9 fruto da coopera\u00e7\u00e3o t\u00e9cnica \u201cDesenvolvimento de regi\u00f5es irrigadas e pol\u00edticas de apoio \u00e0 agricultura familiar\u201d, coordenada pela Ag\u00eancia Brasileira de Coopera\u00e7\u00e3o Delega\u00e7\u00e3o brasileira, formada por t\u00e9cnicos da Companhia de Desenvolvimento dos Vales do S\u00e3o Francisco e do Parna\u00edba (Codevasf), participa, neste m\u00eas de julho, de miss\u00e3o de coopera\u00e7\u00e3o internacional em Angola para [&hellip;]<\/p>\n","protected":false},"author":1,"featured_media":24087,"comment_status":"open","ping_status":"open","sticky":false,"template":"","format":"standard","meta":{"_uag_custom_page_level_css":"","footnotes":""},"categories":[37],"tags":[26680,26679,22757,26678,2391],"class_list":["post-24086","post","type-post","status-publish","format-standard","has-post-thumbnail","hentry","category-sustentabilidade","tag-agricultura-irrigada","tag-angola-agricultura","tag-brasil-africa","tag-canal-do-cafu","tag-codevasf"],"blocksy_meta":[],"spectra_blocks_featured_image_url":{"thumbnail":{"url":"https:\/\/construcaocivil.siriusmarketingedesign.com.br\/wp-content\/uploads\/2024\/07\/unnamed-12-150x150.jpg","width":150,"height":150},"medium":{"url":"https:\/\/construcaocivil.siriusmarketingedesign.com.br\/wp-content\/uploads\/2024\/07\/unnamed-12-300x200.jpg","width":300,"height":200},"medium_large":{"url":"https:\/\/construcaocivil.siriusmarketingedesign.com.br\/wp-content\/uploads\/2024\/07\/unnamed-12-768x512.jpg","width":768,"height":512},"large":{"url":"https:\/\/construcaocivil.siriusmarketingedesign.com.br\/wp-content\/uploads\/2024\/07\/unnamed-12-1024x683.jpg","width":1024,"height":683},"full":{"url":"https:\/\/construcaocivil.siriusmarketingedesign.com.br\/wp-content\/uploads\/2024\/07\/unnamed-12-scaled.jpg","width":2560,"height":1706}},"spectra_blocks_author_info":{"display_name":"Jornal da Constru\u00e7\u00e3o Civil","avatar_url":"https:\/\/secure.gravatar.com\/avatar\/973c9774fd44ddaceb026973c4962faa70fc512bc4c9da68e8ebb40fecee6540?s=96&d=mm&r=g","author_link":"https:\/\/construcaocivil.siriusmarketingedesign.com.br\/?author=1","description":"Desde de 2013, levando muitas informa\u00e7\u00f5es, lan\u00e7amentos e produtos de qualidade para toda cadeia produtiva da constru\u00e7\u00e3o. O Futuro da constru\u00e7\u00e3o passa por aqui,"},"uagb_featured_image_src":{"full":["https:\/\/construcaocivil.siriusmarketingedesign.com.br\/wp-content\/uploads\/2024\/07\/unnamed-12-scaled.jpg",2560,1706,false],"thumbnail":["https:\/\/construcaocivil.siriusmarketingedesign.com.br\/wp-content\/uploads\/2024\/07\/unnamed-12-150x150.jpg",150,150,true],"medium":["https:\/\/construcaocivil.siriusmarketingedesign.com.br\/wp-content\/uploads\/2024\/07\/unnamed-12-300x200.jpg",300,200,true],"medium_large":["https:\/\/construcaocivil.siriusmarketingedesign.com.br\/wp-content\/uploads\/2024\/07\/unnamed-12-768x512.jpg",768,512,true],"large":["https:\/\/construcaocivil.siriusmarketingedesign.com.br\/wp-content\/uploads\/2024\/07\/unnamed-12-1024x683.jpg",1024,683,true],"1536x1536":["https:\/\/construcaocivil.siriusmarketingedesign.com.br\/wp-content\/uploads\/2024\/07\/unnamed-12-1536x1024.jpg",1536,1024,true],"2048x2048":["https:\/\/construcaocivil.siriusmarketingedesign.com.br\/wp-content\/uploads\/2024\/07\/unnamed-12-2048x1365.jpg",2048,1365,true]},"uagb_author_info":{"display_name":"Jornal da Constru\u00e7\u00e3o Civil","author_link":"https:\/\/construcaocivil.siriusmarketingedesign.com.br\/?author=1"},"uagb_comment_info":0,"uagb_excerpt":"A parceria \u00e9 fruto da coopera\u00e7\u00e3o t\u00e9cnica \u201cDesenvolvimento de regi\u00f5es irrigadas e pol\u00edticas de apoio \u00e0 agricultura familiar\u201d, coordenada pela Ag\u00eancia Brasileira de Coopera\u00e7\u00e3o Delega\u00e7\u00e3o brasileira, formada por t\u00e9cnicos da Companhia de Desenvolvimento dos Vales do S\u00e3o Francisco e do Parna\u00edba (Codevasf), participa, neste m\u00eas de julho, de miss\u00e3o de coopera\u00e7\u00e3o internacional em Angola para&hellip;","_links":{"self":[{"href":"https:\/\/construcaocivil.siriusmarketingedesign.com.br\/index.php?rest_route=\/wp\/v2\/posts\/24086","targetHints":{"allow":["GET"]}}],"collection":[{"href":"https:\/\/construcaocivil.siriusmarketingedesign.com.br\/index.php?rest_route=\/wp\/v2\/posts"}],"about":[{"href":"https:\/\/construcaocivil.siriusmarketingedesign.com.br\/index.php?rest_route=\/wp\/v2\/types\/post"}],"author":[{"embeddable":true,"href":"https:\/\/construcaocivil.siriusmarketingedesign.com.br\/index.php?rest_route=\/wp\/v2\/users\/1"}],"replies":[{"embeddable":true,"href":"https:\/\/construcaocivil.siriusmarketingedesign.com.br\/index.php?rest_route=%2Fwp%2Fv2%2Fcomments&post=24086"}],"version-history":[{"count":0,"href":"https:\/\/construcaocivil.siriusmarketingedesign.com.br\/index.php?rest_route=\/wp\/v2\/posts\/24086\/revisions"}],"wp:featuredmedia":[{"embeddable":true,"href":"https:\/\/construcaocivil.siriusmarketingedesign.com.br\/index.php?rest_route=\/wp\/v2\/media\/24087"}],"wp:attachment":[{"href":"https:\/\/construcaocivil.siriusmarketingedesign.com.br\/index.php?rest_route=%2Fwp%2Fv2%2Fmedia&parent=24086"}],"wp:term":[{"taxonomy":"category","embeddable":true,"href":"https:\/\/construcaocivil.siriusmarketingedesign.com.br\/index.php?rest_route=%2Fwp%2Fv2%2Fcategories&post=24086"},{"taxonomy":"post_tag","embeddable":true,"href":"https:\/\/construcaocivil.siriusmarketingedesign.com.br\/index.php?rest_route=%2Fwp%2Fv2%2Ftags&post=24086"}],"curies":[{"name":"wp","href":"https:\/\/api.w.org\/{rel}","templated":true}]}}