{"id":24091,"date":"2024-07-10T19:34:30","date_gmt":"2024-07-10T22:34:30","guid":{"rendered":"https:\/\/www.jornaldaconstrucaocivil.com.br\/?p=24091"},"modified":"2024-07-10T19:34:30","modified_gmt":"2024-07-10T22:34:30","slug":"no-rio-professores-e-aluno-de-arquitetura-sao-campeoes-no-concurso-memorial-covid-19-fiocruz","status":"publish","type":"post","link":"https:\/\/construcaocivil.siriusmarketingedesign.com.br\/?p=24091","title":{"rendered":"No Rio: Professores e aluno de Arquitetura s\u00e3o campe\u00f5es no Concurso Memorial COVID-19 Fiocruz"},"content":{"rendered":"<div style=\"text-align: justify;\"><strong><i>O Memorial ser\u00e1 constru\u00eddo em um terreno da Fiocruz, no Rio de Janeiro.<\/i><\/strong><\/div>\n<div>\n<div><\/div>\n<div style=\"text-align: justify;\">Dois professores da Universidade Paulista &#8211;\u00a0 UNIP e dois arquitetos, sendo um deles ex-aluno da UNIP, foram vencedores do Concurso Memorial COVID-19 Fiocruz \u2013 Ci\u00eancia e Sa\u00fade,por elaboraremum projeto arquitet\u00f4nico e paisag\u00edstico em homenagem \u00e0s 700 mil v\u00edtimas da COVID-19 no Brasil.<\/div>\n<div style=\"text-align: justify;\">Organizado pelo Instituto de Arquitetos do Brasil (IAB-RJ), o concurso contou com 88 propostas apresentadas para premia\u00e7\u00f5es dos tr\u00eas primeiros lugares e cinco men\u00e7\u00f5es honrosas. A equipe da UNIP subiu ao p\u00f3dio para comemorar a conquista do primeiro lugar no dia 23 de maio, durante cerim\u00f4nia de premia\u00e7\u00e3o no Museu da Vida Fiocruz, no\u00a0<i>campus<\/i>\u00a0sede Manguinhos, no Rio de Janeiro.<\/div>\n<div><\/div>\n<div style=\"text-align: justify;\">A equipe da UNIP contou com quatro integrantes: o\u00a0professor mestre Paulo Jos\u00e9 Tripoloni, do\u00a0<i>campus<\/i>\u00a0Marqu\u00eas de S\u00e3o Vicente; a professora doutora Fernanda de Macedo Haddad, dos\u00a0<i>campi<\/i>\u00a0Marqu\u00eas, Tatuap\u00e9 e Anchieta; o ex-aluno Gabriel Costa Dantas; e o arquiteto Pablo Mora Paludo. O grupo iniciou a produ\u00e7\u00e3o do projeto em mar\u00e7o deste ano, concluindo-o em menos de dois meses.<\/div>\n<div style=\"text-align: justify;\">Para sa\u00edrem vitoriosos, eles propuseram a cria\u00e7\u00e3o de uma edifica\u00e7\u00e3o que representasse um espa\u00e7o de serenidade para inspirar atitudes positivas de reflex\u00e3o e transforma\u00e7\u00e3o sobre o que foi vivido durante a pandemia: as ang\u00fastias, preocupa\u00e7\u00f5es, reclus\u00f5es, isolamentos, mudan\u00e7as e a esperan\u00e7a de supera\u00e7\u00e3o, promovendo um conceito de continuidade da vida.<\/div>\n<div style=\"text-align: justify;\">O professor Paulo Tripoloni conta que, ap\u00f3s avalia\u00e7\u00e3o do terreno da Fiocruz no Rio de Janeiro, onde ser\u00e1 constru\u00eddo o Memorial, buscou-se compreender as caracter\u00edsticas do ambiente e, considerando-se todas as vari\u00e1veis, a decis\u00e3o foi criar uma pra\u00e7a protegida em plena Avenida Brasil, uma das vias mais movimentadas e um dos principais logradouros da cidade carioca.<\/div>\n<div style=\"text-align: justify;\">A organiza\u00e7\u00e3o dos fluxos, segundo Paulo, se dar\u00e1 pelos acessos e percursos criados para direcionar o olhar \u00e0 natureza existente. Para isso, foram utilizadas empenas, que s\u00e3o paredes, geralmente sem aberturas, que servem de elemento de fechamento para uma edifica\u00e7\u00e3o.<\/div>\n<div><\/div>\n<div style=\"text-align: justify;\">As empenas servir\u00e3o de prote\u00e7\u00e3o ac\u00fastica e visual, al\u00e9m de tamb\u00e9m propiciar um espa\u00e7o de acolhimento. \u201cSer\u00e1 um local de aconchego para a alma, propondo um isolamento \u00e0s avessas da pandemia, um local de paz, de verde e ao som dos p\u00e1ssaros que nele habitam. As empenas brancas que envolvem o conjunto ser\u00e3o como len\u00e7os que enxugam as l\u00e1grimas. A \u00e1gua, que cair\u00e1 como l\u00e1grimas, fluir\u00e1 em dire\u00e7\u00e3o aos lagos, simbolizando a transforma\u00e7\u00e3o e o renascimento. Ao percorrer o memorial, os visitantes ser\u00e3o guiados \u00e0 contempla\u00e7\u00e3o e incentivados a continuar atrav\u00e9s da intera\u00e7\u00e3o l\u00fadica com os espa\u00e7os naturais. A inten\u00e7\u00e3o \u00e9 transcender a serenidade. Este \u00e9 um memorial forte e sutil, representando a resili\u00eancia necess\u00e1ria para a continuidade e transforma\u00e7\u00e3o da vida, enquanto mant\u00e9m o devido respeito aos que se foram e exalta a coragem dos que enfrentaram essa adversidade\u201d, explica o professor.<\/div>\n<div><\/div>\n<div style=\"text-align: justify;\">De acordo com esse conceito, as potencialidades do projeto miraram em cores s\u00f3brias nos pisos e em empenas curvas e brancas para se destacarem no espa\u00e7o em contraste com o verde vivo das matas e o elemento constru\u00eddo. Os espelhos d\u2019\u00e1gua remeteram ao reflexo natural existente e buscaram transmitir a tranquilidade das \u00e1guas. \u201cO fluxo entre eles representa o processo de isolamento at\u00e9 a cura, um processo lento e cont\u00ednuo em busca da vida. As quedas d\u2019\u00e1gua que emanam das paredes, como l\u00e1grimas, criam internamente a atmosfera desejada pelo som da \u00e1gua corrente durante os momentos de contempla\u00e7\u00e3o. Os acessos estabelecem a conex\u00e3o fluida entre os espa\u00e7os, entrela\u00e7ando o interior e o exterior, a cidade e a natureza, a barreira e a contempla\u00e7\u00e3o, a doen\u00e7a e a cura. Uma grande pedra representar\u00e1 o combate ao v\u00edrus, refor\u00e7ando a import\u00e2ncia da pesquisa, da tecnologia e o empenho dos profissionais que buscaram intensamente a vacina, a cura. A \u00e1gua que emana dela representar\u00e1 a pesquisa que regou a todos com a fonte de esperan\u00e7a\u201d, complementa Tripoloni.<\/div>\n<div><\/div>\n<div style=\"text-align: justify;\">Sete grandes esferas de vidro representar\u00e3o as mais de 700 mil v\u00edtimas da COVID-19, simbologia do equil\u00edbrio que o homem necessita ter com a natureza e a expans\u00e3o da consci\u00eancia das rela\u00e7\u00f5es entre a esp\u00e9cie humana. A ilumina\u00e7\u00e3o evidenciar\u00e1 os caminhos em busca da cura, jogando luz sobre o choro (len\u00e7os) e retornando \u00e0 ilumina\u00e7\u00e3o interna dos lagos como um ciclo, como a vida.<\/div>\n<div style=\"text-align: justify;\">O respeito \u00e0 natureza foi um ponto de suma import\u00e2ncia no projeto e ser\u00e1 demonstrado na preserva\u00e7\u00e3o de todas as \u00e1rvores, na limpeza da vegeta\u00e7\u00e3o do entorno e na cria\u00e7\u00e3o de bosques para melhorar a permeabilidade do solo e do olhar que ser\u00e1 destacado com o paisagismo proposto.<\/div>\n<div><\/div>\n<div style=\"text-align: justify;\"><b>Sobre os materiais<\/b><\/div>\n<div style=\"text-align: justify;\">Os materiais apresentados s\u00e3o naturais para compor com o entorno vegetal e criar a textura que contrasta com a fluidez da empena e a liquidez da \u00e1gua. Os passeios revestidos por pisos\u00a0<i>fulget<\/i>,revestimentos que misturam pedras naturais, agregados, cimentos e resinas, na cor \u201ccinza\u201d, ir\u00e3o conferir homogeneidade e seguran\u00e7a no caminhar. As pedras (seixos) em ard\u00f3sia mais escura criar\u00e3o uma textura rugosa que faz o \u201canteparo\u201d entre o natural e o constru\u00eddo.<\/div>\n<div><\/div>\n<div style=\"text-align: justify;\">Os espelhos d\u2019\u00e1gua, na cor escura \u201cqueimada\u201d, aumentar\u00e3o a reflexividade incidente das \u00e1rvores e da edifica\u00e7\u00e3o constru\u00edda, mantendo tamb\u00e9m a sobriedade das cores para destacar o verde e o branco da empena.<\/div>\n<div style=\"text-align: justify;\">Na constru\u00e7\u00e3o da empena ser\u00e1 utilizado concreto. J\u00e1 os bancos, tamb\u00e9m do mesmo material, ser\u00e3o dispostos nos espa\u00e7os para direcionar nas diferentes vistas ao mesmo tempo que marcam o caminho.<\/div>\n<div style=\"text-align: justify;\">O paisagismo equilibrado ir\u00e1 compor a vegeta\u00e7\u00e3o existente com a proposta de arbustos de baixa e m\u00e9dia altura, com diferentes cores e tonalidades, que se destacar\u00e1 com a poda espec\u00edfica de galhos das copas e da vegeta\u00e7\u00e3o do entorno, contribuindo com maior permeabilidade de ilumina\u00e7\u00e3o e do olhar.<\/div>\n<div style=\"text-align: justify;\">A ilumina\u00e7\u00e3o se utilizar\u00e1 de postes de altura de 4 metros em todo o entorno para direcionar o externo do interno, enquanto os caminhos ser\u00e3o iluminados por balizadores e as empenas por luzes direcionais iluminadas de baixo para cima, fazendo com que fiquem clareadas e tornando o centro da pra\u00e7a mais escuro, contribuindo para ressaltar a ilumina\u00e7\u00e3o das esferas.<\/div>\n<div><\/div>\n<div style=\"text-align: justify;\">Tudo isso foi apresentado em tr\u00eas pranchas no formato A1, portanto, de forma desafiante e sucinta, mas abrangente o suficiente para que os jurados pudessem avaliar e sentirem-se num memorial constru\u00eddo. N\u00e3o bastasse, a equipe contemplou por acr\u00e9scimo dois Objetivos de Desenvolvimento Sustent\u00e1vel (ODS) da ONU: o ODS 3, que prop\u00f5e atingir a cobertura universal de sa\u00fade, incluindo a prote\u00e7\u00e3o do risco financeiro, o acesso a servi\u00e7os de sa\u00fade essenciais e de qualidade e a medicamentos e vacinas eficazes; e o ODS 16, que coloca a necessidade de construir institui\u00e7\u00f5es eficazes, respons\u00e1veis e inclusivas em todos os n\u00edveis.<\/div>\n<div style=\"text-align: justify;\">\u201cO trabalho foi desenvolvido em conjunto, enobrecendo cada tracejado, cada linha, cada ideia, incluindo a elabora\u00e7\u00e3o inicial do conceito, do desenho t\u00e9cnico, da elabora\u00e7\u00e3o de diagramas, da defini\u00e7\u00e3o do peso e representa\u00e7\u00e3o das pe\u00e7as gr\u00e1ficas, al\u00e9m da diagrama\u00e7\u00e3o das pranchas\u201d, detalha o professor Paulo Tripoloni.<\/div>\n<div><\/div>\n<div style=\"text-align: justify;\"><b>A participa\u00e7\u00e3o ficou assim dividida<\/b><\/div>\n<div style=\"text-align: justify;\">&#8211; Professor Paulo Jos\u00e9 Tripoloni: conceito, organiza\u00e7\u00e3o do fluxo de trabalho, textos, gest\u00e3o da modelagem das empenas, imagens 3D e revis\u00e3o de projeto.<\/div>\n<div style=\"text-align: justify;\">&#8211; Professora Fernanda de Macedo Haddad: desenvolvimento, revis\u00e3o dos textos e aux\u00edlio na montagem das pranchas.<\/div>\n<div style=\"text-align: justify;\">&#8211; Arquiteto e ex-aluno Gabriel Costa Dantas: conceito, desenvolvimento, refinamento das pe\u00e7as gr\u00e1ficas e diagramas e diagrama\u00e7\u00e3o das pranchas.<\/div>\n<div style=\"text-align: justify;\">&#8211; Arquiteto Pablo Mora Paludo: conceito, textos e desenvolvimento do projeto.<\/div>\n<\/div>\n<div>\n<div><\/div>\n<div><b>A planta e todos os detalhes do projeto podem ser conferidos em:<\/b>\u00a0<a id=\"m_-2132695369548760105OWA617a099a-c990-e1a4-e751-3ca7514555a2\" href=\"https:\/\/memorialcovidfiocruz.com.br\/vencedores\" target=\"_blank\" rel=\"noopener noreferrer\" data-saferedirecturl=\"https:\/\/www.google.com\/url?q=https:\/\/memorialcovidfiocruz.com.br\/vencedores&amp;source=gmail&amp;ust=1720736362288000&amp;usg=AOvVaw0sMFzUDV5jX6vS4neit_ta\">https:\/\/<wbr \/>memorialcovidfiocruz.com.br\/<wbr \/>vencedores<\/a><\/div>\n<\/div>\n","protected":false},"excerpt":{"rendered":"<p>O Memorial ser\u00e1 constru\u00eddo em um terreno da Fiocruz, no Rio de Janeiro. Dois professores da Universidade Paulista &#8211;\u00a0 UNIP e dois arquitetos, sendo um deles ex-aluno da UNIP, foram vencedores do Concurso Memorial COVID-19 Fiocruz \u2013 Ci\u00eancia e Sa\u00fade,por elaboraremum projeto arquitet\u00f4nico e paisag\u00edstico em homenagem \u00e0s 700 mil v\u00edtimas da COVID-19 no Brasil. [&hellip;]<\/p>\n","protected":false},"author":1,"featured_media":24092,"comment_status":"open","ping_status":"open","sticky":false,"template":"","format":"standard","meta":{"_uag_custom_page_level_css":"","footnotes":""},"categories":[28],"tags":[26532,5092,26176,26681],"class_list":["post-24091","post","type-post","status-publish","format-standard","has-post-thumbnail","hentry","category-arquitetura","tag-ciencia-e-saude","tag-fiocruz","tag-memorial-covid-19","tag-unip-objetivo"],"blocksy_meta":[],"spectra_blocks_featured_image_url":{"thumbnail":{"url":"https:\/\/construcaocivil.siriusmarketingedesign.com.br\/wp-content\/uploads\/2024\/07\/image-150x150.png","width":150,"height":150},"medium":{"url":"https:\/\/construcaocivil.siriusmarketingedesign.com.br\/wp-content\/uploads\/2024\/07\/image-300x100.png","width":300,"height":100},"medium_large":{"url":"https:\/\/construcaocivil.siriusmarketingedesign.com.br\/wp-content\/uploads\/2024\/07\/image.png","width":640,"height":214},"large":{"url":"https:\/\/construcaocivil.siriusmarketingedesign.com.br\/wp-content\/uploads\/2024\/07\/image.png","width":640,"height":214},"full":{"url":"https:\/\/construcaocivil.siriusmarketingedesign.com.br\/wp-content\/uploads\/2024\/07\/image.png","width":640,"height":214}},"spectra_blocks_author_info":{"display_name":"Jornal da Constru\u00e7\u00e3o Civil","avatar_url":"https:\/\/secure.gravatar.com\/avatar\/973c9774fd44ddaceb026973c4962faa70fc512bc4c9da68e8ebb40fecee6540?s=96&d=mm&r=g","author_link":"https:\/\/construcaocivil.siriusmarketingedesign.com.br\/?author=1","description":"Desde de 2013, levando muitas informa\u00e7\u00f5es, lan\u00e7amentos e produtos de qualidade para toda cadeia produtiva da constru\u00e7\u00e3o. O Futuro da constru\u00e7\u00e3o passa por aqui,"},"uagb_featured_image_src":{"full":["https:\/\/construcaocivil.siriusmarketingedesign.com.br\/wp-content\/uploads\/2024\/07\/image.png",640,214,false],"thumbnail":["https:\/\/construcaocivil.siriusmarketingedesign.com.br\/wp-content\/uploads\/2024\/07\/image-150x150.png",150,150,true],"medium":["https:\/\/construcaocivil.siriusmarketingedesign.com.br\/wp-content\/uploads\/2024\/07\/image-300x100.png",300,100,true],"medium_large":["https:\/\/construcaocivil.siriusmarketingedesign.com.br\/wp-content\/uploads\/2024\/07\/image.png",640,214,false],"large":["https:\/\/construcaocivil.siriusmarketingedesign.com.br\/wp-content\/uploads\/2024\/07\/image.png",640,214,false],"1536x1536":["https:\/\/construcaocivil.siriusmarketingedesign.com.br\/wp-content\/uploads\/2024\/07\/image.png",640,214,false],"2048x2048":["https:\/\/construcaocivil.siriusmarketingedesign.com.br\/wp-content\/uploads\/2024\/07\/image.png",640,214,false]},"uagb_author_info":{"display_name":"Jornal da Constru\u00e7\u00e3o Civil","author_link":"https:\/\/construcaocivil.siriusmarketingedesign.com.br\/?author=1"},"uagb_comment_info":0,"uagb_excerpt":"O Memorial ser\u00e1 constru\u00eddo em um terreno da Fiocruz, no Rio de Janeiro. Dois professores da Universidade Paulista &#8211;\u00a0 UNIP e dois arquitetos, sendo um deles ex-aluno da UNIP, foram vencedores do Concurso Memorial COVID-19 Fiocruz \u2013 Ci\u00eancia e Sa\u00fade,por elaboraremum projeto arquitet\u00f4nico e paisag\u00edstico em homenagem \u00e0s 700 mil v\u00edtimas da COVID-19 no Brasil.&hellip;","_links":{"self":[{"href":"https:\/\/construcaocivil.siriusmarketingedesign.com.br\/index.php?rest_route=\/wp\/v2\/posts\/24091","targetHints":{"allow":["GET"]}}],"collection":[{"href":"https:\/\/construcaocivil.siriusmarketingedesign.com.br\/index.php?rest_route=\/wp\/v2\/posts"}],"about":[{"href":"https:\/\/construcaocivil.siriusmarketingedesign.com.br\/index.php?rest_route=\/wp\/v2\/types\/post"}],"author":[{"embeddable":true,"href":"https:\/\/construcaocivil.siriusmarketingedesign.com.br\/index.php?rest_route=\/wp\/v2\/users\/1"}],"replies":[{"embeddable":true,"href":"https:\/\/construcaocivil.siriusmarketingedesign.com.br\/index.php?rest_route=%2Fwp%2Fv2%2Fcomments&post=24091"}],"version-history":[{"count":0,"href":"https:\/\/construcaocivil.siriusmarketingedesign.com.br\/index.php?rest_route=\/wp\/v2\/posts\/24091\/revisions"}],"wp:featuredmedia":[{"embeddable":true,"href":"https:\/\/construcaocivil.siriusmarketingedesign.com.br\/index.php?rest_route=\/wp\/v2\/media\/24092"}],"wp:attachment":[{"href":"https:\/\/construcaocivil.siriusmarketingedesign.com.br\/index.php?rest_route=%2Fwp%2Fv2%2Fmedia&parent=24091"}],"wp:term":[{"taxonomy":"category","embeddable":true,"href":"https:\/\/construcaocivil.siriusmarketingedesign.com.br\/index.php?rest_route=%2Fwp%2Fv2%2Fcategories&post=24091"},{"taxonomy":"post_tag","embeddable":true,"href":"https:\/\/construcaocivil.siriusmarketingedesign.com.br\/index.php?rest_route=%2Fwp%2Fv2%2Ftags&post=24091"}],"curies":[{"name":"wp","href":"https:\/\/api.w.org\/{rel}","templated":true}]}}