{"id":24098,"date":"2024-07-11T11:39:32","date_gmt":"2024-07-11T14:39:32","guid":{"rendered":"https:\/\/www.jornaldaconstrucaocivil.com.br\/?p=24098"},"modified":"2024-07-11T11:40:27","modified_gmt":"2024-07-11T14:40:27","slug":"2o-salao-rio-de-interiores-confirmado-para-agosto","status":"publish","type":"post","link":"https:\/\/construcaocivil.siriusmarketingedesign.com.br\/?p=24098","title":{"rendered":"2\u00ba Sal\u00e3o Rio de Interiores confirmado para agosto"},"content":{"rendered":"<div>\n<p style=\"text-align: justify;\"><strong><i>Evento acontece de 6 a 8 na sede hist\u00f3rica da IAB-RJ, reunindo arquitetos, urbanistas, designers, empresas e entidades setoriais para di\u00e1logos e reflex\u00f5es sobre Arquitetura de Interiores<\/i><\/strong><\/p>\n<div>\n<p style=\"text-align: justify;\">Em agosto, o Rio de Janeiro desponta mais uma vez no calend\u00e1rio do segmento de arquitetura e decora\u00e7\u00e3o com a\u00a0<strong>2\u00aa edi\u00e7\u00e3o do Sal\u00e3o Rio de Interiores<\/strong>. Com o tema\u00a0<strong>Intelig\u00eancias: ancestral, artificial e colaborativa<\/strong>, o evento realizado pela AsBEA-RJ e IAB-RJ vai reunir renomados profissionais durante 3 dias de muitos di\u00e1logos e reflex\u00f5es em palestras e mesas-redondas tem\u00e1ticas, al\u00e9m de apresentar as novidades e tend\u00eancias mais atuais do setor em sua \u00e1rea de exposi\u00e7\u00e3o.<\/p>\n<p style=\"text-align: justify;\">De acordo com o II Censo das Arquitetas e Arquitetos e Urbanistas do Brasil, realizado pelo CAU\/BR e Instituto Datafolha, 62% desses profissionais de todo o pa\u00eds e 56% do Rio de Janeiro atuaram em projetos para ambientes internos nos \u00faltimos anos.\u00a0<em>\u201cA Arquitetura de Interiores representa a principal atividade na pesquisa, seguida pela \u00e1rea de projetos, com 49% de atua\u00e7\u00e3o em todo o pa\u00eds e 42% no Rio de Janeiro\u201d,<\/em>\u00a0diz a presidente do Departamento Rio de Janeiro do Instituto de Arquitetos do Brasil (IAB-RJ), Marcela Abla. Com essa vis\u00e3o foi idealizado o Sal\u00e3o Rio de Interiores, evento que nasceu com grande representatividade no Rio de Janeiro e demonstrou seu potencial na primeira edi\u00e7\u00e3o, em 2023, com mais de tr\u00eas mil inscritos.<\/p>\n<p style=\"text-align: justify;\">Dentro do conceito de um novo morar que vem se consolidando desde a pandemia, cuidar dos ambientes internos nas casas e apartamentos, assim como em espa\u00e7os comerciais e corporativos, tornou-se uma prioridade. \u201c<em>Nesse contexto, novas quest\u00f5es e demandas surgiram para a pr\u00e1tica profissional dos arquitetos e urbanistas, que nos convidam a refletir e aprimorar nossa atua\u00e7\u00e3o. Com o mercado da arquitetura de interiores em plena evolu\u00e7\u00e3o, precisamos abrir novos espa\u00e7os para di\u00e1logos e trocas que fortale\u00e7am as parcerias nas diversas \u00e1reas associadas e ajudem a impulsionar os neg\u00f3cios no setor\u201d,<\/em>\u00a0explica Sonia Lopes, presidente da Associa\u00e7\u00e3o Brasileira dos Escrit\u00f3rios de Arquitetura do Rio de Janeiro (AsBEA\/RJ).<\/p>\n<p style=\"text-align: justify;\">Com realiza\u00e7\u00e3o da AsBEA-RJ e do IAB-RJ, o 2\u00ba Sal\u00e3o Rio de Interiores tem apoio da Prosperar, CAU\/RJ, Ademi-RJ, Firjan-RJ, CASACOR RJ e Instituto Europeo di Design do Rio de Janeiro, al\u00e9m de patroc\u00ednio de CasaShopping. A programa\u00e7\u00e3o completa e inscri\u00e7\u00f5es estar\u00e3o dispon\u00edveis a partir do dia 15 de julho.<\/p>\n<p style=\"text-align: justify;\"><strong>2\u00ba Sal\u00e3o Rio de Interiores<\/strong><\/p>\n<p style=\"text-align: justify;\">Data: 6 a 8 de agosto 2024<\/p>\n<p style=\"text-align: justify;\">Hor\u00e1rio: das 10h \u00e0s 21h<\/p>\n<p style=\"text-align: justify;\">Local: IAB-RJ | Rua do Pinheiro, 10 &#8211; Flamengo<\/p>\n<p style=\"text-align: justify;\"><a href=\"https:\/\/www.instagram.com\/salaoriodeinteriores\/\" target=\"_blank\" rel=\"noopener noreferrer\">https:\/\/www.instagram.com\/salaoriodeinteriores\/<\/a><\/p>\n<\/div>\n<\/div>\n","protected":false},"excerpt":{"rendered":"<p>Evento acontece de 6 a 8 na sede hist\u00f3rica da IAB-RJ, reunindo arquitetos, urbanistas, designers, empresas e entidades setoriais para di\u00e1logos e reflex\u00f5es sobre Arquitetura de Interiores Em agosto, o Rio de Janeiro desponta mais uma vez no calend\u00e1rio do segmento de arquitetura e decora\u00e7\u00e3o com a\u00a02\u00aa edi\u00e7\u00e3o do Sal\u00e3o Rio de Interiores. Com o [&hellip;]<\/p>\n","protected":false},"author":1,"featured_media":24099,"comment_status":"open","ping_status":"open","sticky":false,"template":"","format":"standard","meta":{"_uag_custom_page_level_css":"","footnotes":""},"categories":[28],"tags":[26683,26684,25639,5835],"class_list":["post-24098","post","type-post","status-publish","format-standard","has-post-thumbnail","hentry","category-arquitetura","tag-2o-salao-rio-de-interiores","tag-arquitetas-e-arquitetos-e-urbanistas","tag-asbea-rj","tag-iab-rj"],"blocksy_meta":[],"spectra_blocks_featured_image_url":{"thumbnail":{"url":"https:\/\/construcaocivil.siriusmarketingedesign.com.br\/wp-content\/uploads\/2024\/07\/1o-salaoriointeriores-05-150x150.jpg","width":150,"height":150},"medium":{"url":"https:\/\/construcaocivil.siriusmarketingedesign.com.br\/wp-content\/uploads\/2024\/07\/1o-salaoriointeriores-05-300x200.jpg","width":300,"height":200},"medium_large":{"url":"https:\/\/construcaocivil.siriusmarketingedesign.com.br\/wp-content\/uploads\/2024\/07\/1o-salaoriointeriores-05-768x512.jpg","width":768,"height":512},"large":{"url":"https:\/\/construcaocivil.siriusmarketingedesign.com.br\/wp-content\/uploads\/2024\/07\/1o-salaoriointeriores-05-1024x683.jpg","width":1024,"height":683},"full":{"url":"https:\/\/construcaocivil.siriusmarketingedesign.com.br\/wp-content\/uploads\/2024\/07\/1o-salaoriointeriores-05-scaled.jpg","width":2560,"height":1707}},"spectra_blocks_author_info":{"display_name":"Jornal da Constru\u00e7\u00e3o Civil","avatar_url":"https:\/\/secure.gravatar.com\/avatar\/973c9774fd44ddaceb026973c4962faa70fc512bc4c9da68e8ebb40fecee6540?s=96&d=mm&r=g","author_link":"https:\/\/construcaocivil.siriusmarketingedesign.com.br\/?author=1","description":"Desde de 2013, levando muitas informa\u00e7\u00f5es, lan\u00e7amentos e produtos de qualidade para toda cadeia produtiva da constru\u00e7\u00e3o. O Futuro da constru\u00e7\u00e3o passa por aqui,"},"uagb_featured_image_src":{"full":["https:\/\/construcaocivil.siriusmarketingedesign.com.br\/wp-content\/uploads\/2024\/07\/1o-salaoriointeriores-05-scaled.jpg",2560,1707,false],"thumbnail":["https:\/\/construcaocivil.siriusmarketingedesign.com.br\/wp-content\/uploads\/2024\/07\/1o-salaoriointeriores-05-150x150.jpg",150,150,true],"medium":["https:\/\/construcaocivil.siriusmarketingedesign.com.br\/wp-content\/uploads\/2024\/07\/1o-salaoriointeriores-05-300x200.jpg",300,200,true],"medium_large":["https:\/\/construcaocivil.siriusmarketingedesign.com.br\/wp-content\/uploads\/2024\/07\/1o-salaoriointeriores-05-768x512.jpg",768,512,true],"large":["https:\/\/construcaocivil.siriusmarketingedesign.com.br\/wp-content\/uploads\/2024\/07\/1o-salaoriointeriores-05-1024x683.jpg",1024,683,true],"1536x1536":["https:\/\/construcaocivil.siriusmarketingedesign.com.br\/wp-content\/uploads\/2024\/07\/1o-salaoriointeriores-05-1536x1024.jpg",1536,1024,true],"2048x2048":["https:\/\/construcaocivil.siriusmarketingedesign.com.br\/wp-content\/uploads\/2024\/07\/1o-salaoriointeriores-05-2048x1365.jpg",2048,1365,true]},"uagb_author_info":{"display_name":"Jornal da Constru\u00e7\u00e3o Civil","author_link":"https:\/\/construcaocivil.siriusmarketingedesign.com.br\/?author=1"},"uagb_comment_info":0,"uagb_excerpt":"Evento acontece de 6 a 8 na sede hist\u00f3rica da IAB-RJ, reunindo arquitetos, urbanistas, designers, empresas e entidades setoriais para di\u00e1logos e reflex\u00f5es sobre Arquitetura de Interiores Em agosto, o Rio de Janeiro desponta mais uma vez no calend\u00e1rio do segmento de arquitetura e decora\u00e7\u00e3o com a\u00a02\u00aa edi\u00e7\u00e3o do Sal\u00e3o Rio de Interiores. Com o&hellip;","_links":{"self":[{"href":"https:\/\/construcaocivil.siriusmarketingedesign.com.br\/index.php?rest_route=\/wp\/v2\/posts\/24098","targetHints":{"allow":["GET"]}}],"collection":[{"href":"https:\/\/construcaocivil.siriusmarketingedesign.com.br\/index.php?rest_route=\/wp\/v2\/posts"}],"about":[{"href":"https:\/\/construcaocivil.siriusmarketingedesign.com.br\/index.php?rest_route=\/wp\/v2\/types\/post"}],"author":[{"embeddable":true,"href":"https:\/\/construcaocivil.siriusmarketingedesign.com.br\/index.php?rest_route=\/wp\/v2\/users\/1"}],"replies":[{"embeddable":true,"href":"https:\/\/construcaocivil.siriusmarketingedesign.com.br\/index.php?rest_route=%2Fwp%2Fv2%2Fcomments&post=24098"}],"version-history":[{"count":0,"href":"https:\/\/construcaocivil.siriusmarketingedesign.com.br\/index.php?rest_route=\/wp\/v2\/posts\/24098\/revisions"}],"wp:featuredmedia":[{"embeddable":true,"href":"https:\/\/construcaocivil.siriusmarketingedesign.com.br\/index.php?rest_route=\/wp\/v2\/media\/24099"}],"wp:attachment":[{"href":"https:\/\/construcaocivil.siriusmarketingedesign.com.br\/index.php?rest_route=%2Fwp%2Fv2%2Fmedia&parent=24098"}],"wp:term":[{"taxonomy":"category","embeddable":true,"href":"https:\/\/construcaocivil.siriusmarketingedesign.com.br\/index.php?rest_route=%2Fwp%2Fv2%2Fcategories&post=24098"},{"taxonomy":"post_tag","embeddable":true,"href":"https:\/\/construcaocivil.siriusmarketingedesign.com.br\/index.php?rest_route=%2Fwp%2Fv2%2Ftags&post=24098"}],"curies":[{"name":"wp","href":"https:\/\/api.w.org\/{rel}","templated":true}]}}