{"id":24150,"date":"2024-07-23T09:46:38","date_gmt":"2024-07-23T12:46:38","guid":{"rendered":"https:\/\/www.jornaldaconstrucaocivil.com.br\/?p=24150"},"modified":"2024-07-23T09:46:38","modified_gmt":"2024-07-23T12:46:38","slug":"braskem-provoca-grande-vacuo-demografico-na-capital-apontam-dados-do-censo-do-ibge","status":"publish","type":"post","link":"https:\/\/construcaocivil.siriusmarketingedesign.com.br\/?p=24150","title":{"rendered":"Braskem provoca grande \u2018v\u00e1cuo demogr\u00e1fico\u2019 na capital, apontam dados do Censo do IBGE"},"content":{"rendered":"<p style=\"text-align: justify;\"><strong>Dados do Censo 2022 mostram como est\u00e1 a distribui\u00e7\u00e3o da popula\u00e7\u00e3o em Macei\u00f3<\/strong><\/p>\n<p>Por<strong>\u00a0<\/strong>Gabriel Mileno e Lucas Thaynan<\/p>\n<p style=\"text-align: justify;\">Julho &#8211; De expans\u00e3o populacional a deslocamentos causados por crimes ambientais, Macei\u00f3 viveu uma d\u00e9cada de transforma\u00e7\u00f5es. O Censo 2022, com seus dados detalhados por setor censit\u00e1rio, oferece um retrato in\u00e9dito da capital alagoana em seus 509,6 km\u00b2.<\/p>\n<p style=\"text-align: justify;\">A Ag\u00eancia Tatu coletou os dados disponibilizados recentemente pelo Instituto Brasileiro de Geografia e Estat\u00edstica (IBGE) e fatores como as regi\u00f5es administrativas, setores mais populosos e \u00e1reas evacuadas com zero residentes s\u00e3o evidentes na an\u00e1lise.<\/p>\n<p style=\"text-align: justify;\">Em alguns bairros de Macei\u00f3, \u00e9 poss\u00edvel encontrar \u00e1reas completamente desabitadas, com uma popula\u00e7\u00e3o que varia de zero a menos de dez moradores por setor censit\u00e1rio. Essa situa\u00e7\u00e3o \u00e9 mais evidente nos locais afetados pelo desastre ambiental provocado pela Braskem. Essas \u00e1reas vazias contrastam fortemente com o restante da cidade, que \u00e9 densamente povoada.<\/p>\n<div>\n<div>\n<table role=\"presentation\" border=\"0\" cellspacing=\"0\" cellpadding=\"0\" align=\"center\">\n<tbody>\n<tr>\n<td>\n<div class=\"m_-6846010728009999720mj-column-per-100\">\n<table role=\"presentation\" border=\"0\" width=\"100%\" cellspacing=\"0\" cellpadding=\"0\">\n<tbody>\n<tr>\n<td>\n<table role=\"presentation\" border=\"0\" width=\"100%\" cellspacing=\"0\" cellpadding=\"0\">\n<tbody>\n<tr>\n<td align=\"left\">\n<div>\n<h4><strong>Braskem provoca \u2018vazio\u2019 na cidade<\/strong><\/h4>\n<\/div>\n<\/td>\n<\/tr>\n<\/tbody>\n<\/table>\n<\/td>\n<\/tr>\n<\/tbody>\n<\/table>\n<\/div>\n<\/td>\n<\/tr>\n<\/tbody>\n<\/table>\n<\/div>\n<\/div>\n<div>\n<div>\n<table role=\"presentation\" border=\"0\" cellspacing=\"0\" cellpadding=\"0\" align=\"center\">\n<tbody>\n<tr>\n<td>\n<div class=\"m_-6846010728009999720mj-column-per-100\">\n<table role=\"presentation\" border=\"0\" width=\"100%\" cellspacing=\"0\" cellpadding=\"0\">\n<tbody>\n<tr>\n<td>\n<table role=\"presentation\" border=\"0\" width=\"100%\" cellspacing=\"0\" cellpadding=\"0\">\n<tbody>\n<tr>\n<td align=\"center\">\n<table role=\"presentation\" border=\"0\" cellspacing=\"0\" cellpadding=\"0\">\n<tbody>\n<tr>\n<td><img decoding=\"async\" class=\"CToWUd a6T aligncenter\" tabindex=\"0\" title=\"\" src=\"https:\/\/ci3.googleusercontent.com\/meips\/ADKq_NbM9KoTKKBU-47PDi9ykG0TtNHJqUQAlprjgy_hDZ-Zv4q3QA8LlnnzZaFJPRPRZID3TJ-VC8X62c4yJ8SWJz2a24pl0wmswYTGxvHM2dX3q_v_Ho5zCH9J32uT1pLH_3lyCnTfL_7IaYlJO7U0e_1D6gU1i58TC3vyheKRKUvh-kRTnRv4w_UiWcesqdTFj6iATsPWYsMqvw=s0-d-e1-ft#https:\/\/cseprs3.s3.amazonaws.com\/email-editor-files\/d5e4483b-97ac-4135-8593-08da39087ee7\/e4f70e04-6d13-49ef-a3a1-8a76ddd617c5.webp\" alt=\"\" width=\"584\" height=\"auto\" data-bit=\"iit\" \/><\/td>\n<\/tr>\n<\/tbody>\n<\/table>\n<\/td>\n<\/tr>\n<\/tbody>\n<\/table>\n<\/td>\n<\/tr>\n<\/tbody>\n<\/table>\n<\/div>\n<\/td>\n<\/tr>\n<\/tbody>\n<\/table>\n<\/div>\n<\/div>\n<div>\n<div>\n<table role=\"presentation\" border=\"0\" cellspacing=\"0\" cellpadding=\"0\" align=\"center\">\n<tbody>\n<tr>\n<td>\n<div class=\"m_-6846010728009999720mj-column-per-100\">\n<table role=\"presentation\" border=\"0\" width=\"100%\" cellspacing=\"0\" cellpadding=\"0\">\n<tbody>\n<tr>\n<td>\n<table role=\"presentation\" border=\"0\" width=\"100%\" cellspacing=\"0\" cellpadding=\"0\">\n<tbody>\n<tr>\n<td align=\"left\">\n<div><\/div>\n<\/td>\n<\/tr>\n<\/tbody>\n<\/table>\n<\/td>\n<\/tr>\n<\/tbody>\n<\/table>\n<\/div>\n<\/td>\n<\/tr>\n<\/tbody>\n<\/table>\n<\/div>\n<\/div>\n<p style=\"text-align: justify;\">S\u00e3o mais de mil domic\u00edlios em um setor de apenas 0,17km\u00b2, localizado no bairro Tabuleiro do Martins. Dentro do setor, residem 2.326 pessoas, tornando esse o segundo setor em termos de popula\u00e7\u00e3o, mas o primeiro em quantidade de domic\u00edlios particulares.<\/p>\n<p style=\"text-align: justify;\">\n<p style=\"text-align: justify;\">Para o IBGE, a defini\u00e7\u00e3o de domic\u00edlio particular \u00e9 baseada no relacionamento entre seus ocupantes. Se \u00e9 ditado por la\u00e7os de parentesco, de depend\u00eancia dom\u00e9stica ou por normas de conviv\u00eancia e \u00e9 constru\u00eddo para servir exclusivamente \u00e0 habita\u00e7\u00e3o, pode ser considerado um domic\u00edlio particular.<\/p>\n<p style=\"text-align: justify;\">Estar cumprindo pena de reclus\u00e3o na penitenci\u00e1ria e\/ou pres\u00eddio n\u00e3o interfere na pesquisa do Censo. Todas as pessoas que est\u00e3o l\u00e1, independente da raz\u00e3o, s\u00e3o contabilizadas como moradores, por\u00e9m, como residentes de um domic\u00edlio coletivo.<\/p>\n<p style=\"text-align: justify;\">Desta forma, o setor censit\u00e1rio de Macei\u00f3 com a maior popula\u00e7\u00e3o \u00e9 onde est\u00e1 situado o complexo prisional de Alagoas, que abrange os pres\u00eddios Cyridi\u00e3o Durval, Santa Luzia e Baldomero Cavalcanti. O setor conta com 2.615 moradores, em 578 domic\u00edlios particulares e tr\u00eas coletivos, neste caso, os pres\u00eddios.<\/p>\n<p style=\"text-align: justify;\">\n<p style=\"text-align: justify;\">Para o IBGE, a defini\u00e7\u00e3o de domic\u00edlio coletivo est\u00e1 diretamente ligada \u00e0 rela\u00e7\u00e3o entre os habitantes e o local onde mora, se \u00e9 restrito a normas de subordina\u00e7\u00e3o administrativa, ent\u00e3o \u00e9 considerado um domic\u00edlio coletivo. Alguns desses s\u00e3o hot\u00e9is, pens\u00f5es, pres\u00eddios, penitenci\u00e1rias, quart\u00e9is, postos militares, asilos, orfanatos, conventos, hospitais e cl\u00ednicas \u2013 com interna\u00e7\u00e3o \u2013 mot\u00e9is, campings etc.<\/p>\n<p style=\"text-align: justify;\">Os setores censit\u00e1rios fazem parte das regi\u00f5es administrativas de um munic\u00edpio, e em Macei\u00f3 isso n\u00e3o \u00e9 diferente. Entre as oito regi\u00f5es administrativas que abrangem os bairros da capital alagoana, a S\u00e9tima Regi\u00e3o se destaca por concentrar a maior parte da popula\u00e7\u00e3o, com mais de 274 mil habitantes distribu\u00eddos em 108.840 domic\u00edlios em uma \u00e1rea de 43.7km\u00b2. Bairros como Santos Dumont, Cidade Universit\u00e1ria e Tabuleiro do Martins fazem parte dessa regi\u00e3o administrativa.<\/p>\n<p style=\"text-align: justify;\">J\u00e1 a Sexta Regi\u00e3o de Macei\u00f3 \u00e9 a mais extensa com 319,4km\u00b2, por\u00e9m, nem t\u00e3o populosa quanto a S\u00e9tima, que tem pouco mais de 136 mil residentes em 57.366 domic\u00edlios. Dessa regi\u00e3o, apenas os bairros do Benedito Bentes e Antares fazem parte.<\/p>\n<p style=\"text-align: justify;\"><strong>O que s\u00e3o os setores censit\u00e1rios<\/strong><\/p>\n<p style=\"text-align: justify;\">Cada setor censit\u00e1rio costuma englobar um n\u00famero relativamente homog\u00eaneo de domic\u00edlios e popula\u00e7\u00e3o, permitindo uma an\u00e1lise estat\u00edstica mais precisa e detalhada.<\/p>\n<p style=\"text-align: justify;\">\n<p style=\"text-align: justify;\">Durante um censo demogr\u00e1fico, os agentes recenseadores s\u00e3o designados para coletar informa\u00e7\u00f5es em cada setor censit\u00e1rio. Eles visitam domic\u00edlios e realizam entrevistas com os moradores, coletando dados sobre composi\u00e7\u00e3o familiar, renda, escolaridade, condi\u00e7\u00f5es de moradia, entre outros aspectos relevantes.<\/p>\n<p style=\"text-align: justify;\">\n<p style=\"text-align: justify;\">Esses dados s\u00e3o posteriormente compilados e analisados pelo IBGE para produzir estat\u00edsticas detalhadas sobre a popula\u00e7\u00e3o brasileira. As informa\u00e7\u00f5es dos setores censit\u00e1rios s\u00e3o atualizadas com frequ\u00eancia em diferentes vers\u00f5es de pesquisas.<\/p>\n<p style=\"text-align: justify;\">\n<p style=\"text-align: justify;\">Macei\u00f3 \u00e9 dividida em oito regi\u00f5es administrativas que compilam diferentes bairros e, consequentemente, v\u00e1rios setores censit\u00e1rios. A Primeira Regi\u00e3o tem os bairros do Po\u00e7o, Jaragu\u00e1, Ponta da Terra, Paju\u00e7ara, Ponta Verde, Jati\u00faca e Mangabeiras. J\u00e1 a Segunda Regi\u00e3o engloba o Centro, Pontal da Barra, Trapiche da Barra, Prado, Ponta Grossa, Levada e Vergel do Lago.<\/p>\n<p style=\"text-align: justify;\">\n<p style=\"text-align: justify;\">A Terceira Regi\u00e3o agrupa os bairros Farol, Pintanguinha, Pinheiro, Gruta de Lourdes, Cana\u00e3, Santo Amaro, Jardim Petr\u00f3polis e Ouro Preto. A Quarta Regi\u00e3o com os bairros Bebedouro, Ch\u00e3 de Bebedouro, Ch\u00e3 de Jaqueira, Bom Parto, Petr\u00f3polis, Sta. Am\u00e9lia, Fern\u00e3o Velho, Rio novo e Mutange. A Quinta Regi\u00e3o somente com os bairros Jacintinho, Feitosa, Barro Duro, Serraria e S\u00e3o Jorge.<\/p>\n<p style=\"text-align: justify;\">\n<p style=\"text-align: justify;\">Os bairros Benedito Bentes e Antares comp\u00f5em a Sexa Regi\u00e3o e os bairros Santos Dumont, Clima Bom, Cidade Universit\u00e1ria, Santa L\u00facia e Tabuleiro dos Martins a S\u00e9tima Regi\u00e3o. Por \u00fatlimo, a Oitava Regi\u00e3o, que enquadra os bairros da Jacarecica, Gar\u00e7a Torta, Cruz das Almas, Riacho Doce, Pescaria e Ipioca.<\/p>\n<p style=\"text-align: justify;\">\n<p style=\"text-align: justify;\">Todas essas oito regi\u00f5es administrativas da capital alagoana formam a cidade com mais de 50 bairros, indo da parte alta \u00e0 baixa e do litoral norte ao sul.<\/p>\n<p><span style=\"color: #0000ff;\"><a style=\"color: #0000ff;\" href=\"https:\/\/www.agenciatatu.com.br\/noticia\/braskem-provoca-vacuo-demografico\/\">AGENCIA TATU\u00a0<\/a><\/span><\/p>\n","protected":false},"excerpt":{"rendered":"<p>Dados do Censo 2022 mostram como est\u00e1 a distribui\u00e7\u00e3o da popula\u00e7\u00e3o em Macei\u00f3 Por\u00a0Gabriel Mileno e Lucas Thaynan Julho &#8211; De expans\u00e3o populacional a deslocamentos causados por crimes ambientais, Macei\u00f3 viveu uma d\u00e9cada de transforma\u00e7\u00f5es. O Censo 2022, com seus dados detalhados por setor censit\u00e1rio, oferece um retrato in\u00e9dito da capital alagoana em seus 509,6 [&hellip;]<\/p>\n","protected":false},"author":1,"featured_media":24151,"comment_status":"open","ping_status":"open","sticky":false,"template":"","format":"standard","meta":{"_uag_custom_page_level_css":"","footnotes":""},"categories":[37],"tags":[26729,26728,26730],"class_list":["post-24150","post","type-post","status-publish","format-standard","has-post-thumbnail","hentry","category-sustentabilidade","tag-esg-nao-existe","tag-mineracao-ilegal","tag-moradores-sem-casas"],"blocksy_meta":[],"spectra_blocks_featured_image_url":{"thumbnail":{"url":"https:\/\/construcaocivil.siriusmarketingedesign.com.br\/wp-content\/uploads\/2024\/07\/unnamed-1-150x150.jpg","width":150,"height":150},"medium":{"url":"https:\/\/construcaocivil.siriusmarketingedesign.com.br\/wp-content\/uploads\/2024\/07\/unnamed-1-300x167.jpg","width":300,"height":167},"medium_large":{"url":"https:\/\/construcaocivil.siriusmarketingedesign.com.br\/wp-content\/uploads\/2024\/07\/unnamed-1.jpg","width":768,"height":427},"large":{"url":"https:\/\/construcaocivil.siriusmarketingedesign.com.br\/wp-content\/uploads\/2024\/07\/unnamed-1.jpg","width":768,"height":427},"full":{"url":"https:\/\/construcaocivil.siriusmarketingedesign.com.br\/wp-content\/uploads\/2024\/07\/unnamed-1.jpg","width":768,"height":427}},"spectra_blocks_author_info":{"display_name":"Jornal da Constru\u00e7\u00e3o Civil","avatar_url":"https:\/\/secure.gravatar.com\/avatar\/973c9774fd44ddaceb026973c4962faa70fc512bc4c9da68e8ebb40fecee6540?s=96&d=mm&r=g","author_link":"https:\/\/construcaocivil.siriusmarketingedesign.com.br\/?author=1","description":"Desde de 2013, levando muitas informa\u00e7\u00f5es, lan\u00e7amentos e produtos de qualidade para toda cadeia produtiva da constru\u00e7\u00e3o. O Futuro da constru\u00e7\u00e3o passa por aqui,"},"uagb_featured_image_src":{"full":["https:\/\/construcaocivil.siriusmarketingedesign.com.br\/wp-content\/uploads\/2024\/07\/unnamed-1.jpg",768,427,false],"thumbnail":["https:\/\/construcaocivil.siriusmarketingedesign.com.br\/wp-content\/uploads\/2024\/07\/unnamed-1-150x150.jpg",150,150,true],"medium":["https:\/\/construcaocivil.siriusmarketingedesign.com.br\/wp-content\/uploads\/2024\/07\/unnamed-1-300x167.jpg",300,167,true],"medium_large":["https:\/\/construcaocivil.siriusmarketingedesign.com.br\/wp-content\/uploads\/2024\/07\/unnamed-1.jpg",768,427,false],"large":["https:\/\/construcaocivil.siriusmarketingedesign.com.br\/wp-content\/uploads\/2024\/07\/unnamed-1.jpg",768,427,false],"1536x1536":["https:\/\/construcaocivil.siriusmarketingedesign.com.br\/wp-content\/uploads\/2024\/07\/unnamed-1.jpg",768,427,false],"2048x2048":["https:\/\/construcaocivil.siriusmarketingedesign.com.br\/wp-content\/uploads\/2024\/07\/unnamed-1.jpg",768,427,false]},"uagb_author_info":{"display_name":"Jornal da Constru\u00e7\u00e3o Civil","author_link":"https:\/\/construcaocivil.siriusmarketingedesign.com.br\/?author=1"},"uagb_comment_info":0,"uagb_excerpt":"Dados do Censo 2022 mostram como est\u00e1 a distribui\u00e7\u00e3o da popula\u00e7\u00e3o em Macei\u00f3 Por\u00a0Gabriel Mileno e Lucas Thaynan Julho &#8211; De expans\u00e3o populacional a deslocamentos causados por crimes ambientais, Macei\u00f3 viveu uma d\u00e9cada de transforma\u00e7\u00f5es. O Censo 2022, com seus dados detalhados por setor censit\u00e1rio, oferece um retrato in\u00e9dito da capital alagoana em seus 509,6&hellip;","_links":{"self":[{"href":"https:\/\/construcaocivil.siriusmarketingedesign.com.br\/index.php?rest_route=\/wp\/v2\/posts\/24150","targetHints":{"allow":["GET"]}}],"collection":[{"href":"https:\/\/construcaocivil.siriusmarketingedesign.com.br\/index.php?rest_route=\/wp\/v2\/posts"}],"about":[{"href":"https:\/\/construcaocivil.siriusmarketingedesign.com.br\/index.php?rest_route=\/wp\/v2\/types\/post"}],"author":[{"embeddable":true,"href":"https:\/\/construcaocivil.siriusmarketingedesign.com.br\/index.php?rest_route=\/wp\/v2\/users\/1"}],"replies":[{"embeddable":true,"href":"https:\/\/construcaocivil.siriusmarketingedesign.com.br\/index.php?rest_route=%2Fwp%2Fv2%2Fcomments&post=24150"}],"version-history":[{"count":0,"href":"https:\/\/construcaocivil.siriusmarketingedesign.com.br\/index.php?rest_route=\/wp\/v2\/posts\/24150\/revisions"}],"wp:featuredmedia":[{"embeddable":true,"href":"https:\/\/construcaocivil.siriusmarketingedesign.com.br\/index.php?rest_route=\/wp\/v2\/media\/24151"}],"wp:attachment":[{"href":"https:\/\/construcaocivil.siriusmarketingedesign.com.br\/index.php?rest_route=%2Fwp%2Fv2%2Fmedia&parent=24150"}],"wp:term":[{"taxonomy":"category","embeddable":true,"href":"https:\/\/construcaocivil.siriusmarketingedesign.com.br\/index.php?rest_route=%2Fwp%2Fv2%2Fcategories&post=24150"},{"taxonomy":"post_tag","embeddable":true,"href":"https:\/\/construcaocivil.siriusmarketingedesign.com.br\/index.php?rest_route=%2Fwp%2Fv2%2Ftags&post=24150"}],"curies":[{"name":"wp","href":"https:\/\/api.w.org\/{rel}","templated":true}]}}