{"id":24169,"date":"2024-07-25T15:33:09","date_gmt":"2024-07-25T18:33:09","guid":{"rendered":"https:\/\/www.jornaldaconstrucaocivil.com.br\/?p=24169"},"modified":"2024-07-25T15:33:09","modified_gmt":"2024-07-25T18:33:09","slug":"analoc-rental-show-2024-consolida-o-mercado-brasileiro-de-locacao-de-equipamentos","status":"publish","type":"post","link":"https:\/\/construcaocivil.siriusmarketingedesign.com.br\/?p=24169","title":{"rendered":"Analoc Rental Show 2024 consolida o mercado brasileiro de loca\u00e7\u00e3o de equipamentos"},"content":{"rendered":"<p style=\"text-align: justify;\" align=\"center\"><i>Realizada no Rio de Janeiro, no in\u00edcio de julho, a feira apresentou o que h\u00e1 de melhor em equipamentos para locadoras e superou as expectativas. Tamanho foi o sucesso, que os estandes da edi\u00e7\u00e3o de 2025 foram 90% vendidos durante o evento<\/i><\/p>\n<p style=\"text-align: justify;\">\n<p style=\"text-align: justify;\">O setor de loca\u00e7\u00e3o de m\u00e1quinas, enfim, escolheu uma feira para chamar de sua. Realizada de 2 a 4 de julho, no Riocentro, Rio de Janeiro, a\u00a0<b>2\u00aa Analoc Rental Show<\/b>\u00a0confirmou a voca\u00e7\u00e3o de ser o evento para o locador se sentir em casa, se atualizar com as novidades tecnol\u00f3gicas e tend\u00eancias apresentadas, e fazer bons neg\u00f3cios. Por ser focada no p\u00fablico espec\u00edfico do rental, os visitantes foram com interesse priorit\u00e1rio em fazer neg\u00f3cios, o que gerou bons resultados para os expositores.<\/p>\n<p style=\"text-align: justify;\">\n<p style=\"text-align: justify;\">A satisfa\u00e7\u00e3o dos expositores foi t\u00e3o evidente, que 90% do espa\u00e7o da pr\u00f3xima edi\u00e7\u00e3o foi comercializado enquanto a feira acontecia, em resposta \u00e0s boas vendas realizadas nos estandes. &#8220;Ao perceberem que n\u00e3o poderiam ficar de fora da Analoc Rental Show 2025, a ser realizada em Belo Horizonte de 4 a 6 de junho, os expositores iam frequentemente nos procurar para garantir espa\u00e7o&#8221;, conta Reynaldo Fraiha, coordenador da feira. A feira recebeu cerca de 4.480 visitantes qualificados, e tem a perspectiva de gerar R$ 78 milh\u00f5es em volume de neg\u00f3cios.<\/p>\n<p style=\"text-align: justify;\">\n<p style=\"text-align: justify;\">&#8220;Esse evento surgiu devido \u00e0 necessidade permanente do setor de loca\u00e7\u00e3o em ter uma feira pr\u00f3pria, espec\u00edfica, totalmente pensada na realidade e nos anseios de neg\u00f3cios dessas empresas. Havia a necessidade de estreitar relacionamento entre esse p\u00fablico, a ind\u00fastria de m\u00e1quinas e fornecedores de sistemas e servi\u00e7os. Para nossa satisfa\u00e7\u00e3o, a iniciativa est\u00e1 sendo t\u00e3o bem-sucedida, que a feira o pr\u00f3prio setor a consolidou como principal plataforma de neg\u00f3cios na agenda de eventos da loca\u00e7\u00e3o&#8221;, considera Fraiha.<\/p>\n<p style=\"text-align: justify;\">\n<p style=\"text-align: justify;\">De acordo com ele, antes o setor do rental participava somente de tradicionais eventos da constru\u00e7\u00e3o e de m\u00e1quinas da linha amarela, embora houvesse uma demanda not\u00f3ria por algo exclusivo e bem representativo da linha leve, que abrange 75% do setor de loca\u00e7\u00e3o no pa\u00eds.<\/p>\n<p style=\"text-align: justify;\">\n<p style=\"text-align: justify;\"><b><u>Debate em alto n\u00edvel<\/u><\/b><\/p>\n<p style=\"text-align: justify;\">\n<p style=\"text-align: justify;\">Em paralelo \u00e0 exposi\u00e7\u00e3o, foram realizadas palestras sobre temas pertinentes \u00e0 atividade de loca\u00e7\u00e3o, ministradas por profissionais de relevo nos assuntos abordados. Para as pr\u00f3ximas edi\u00e7\u00f5es, os temas ser\u00e3o ainda mais espec\u00edficos sobre o dia-a-dia das empresas de rental.<\/p>\n<p style=\"text-align: justify;\">\n<p style=\"text-align: justify;\">Le\u00f4nidas Ferreira, conhecido como L\u00e9o Sisloc, presidente do Grupo LocadoresBR, diz que a meta agora \u00e9 melhorar cada vez mais o ambiente de neg\u00f3cios para o locador. &#8220;O Brasil tem um perfil competitivo de pa\u00eds de primeiro mundo, mas em contrapartida possui um ambiente de neg\u00f3cios ainda desestruturado. Por essa raz\u00e3o, al\u00e9m de produtos e inova\u00e7\u00f5es, trouxemos palestras que abordaram temas de gest\u00e3o, compliance, sucess\u00e3o, economia, sustentabilidade, produtividade e seguran\u00e7a. Esses temas atra\u00edram profissionais e lideran\u00e7as do setor interessadas em passar para um pr\u00f3ximo n\u00edvel&#8221;, explica.<\/p>\n<p style=\"text-align: justify;\">\n<p style=\"text-align: justify;\">Entre as palestras, Andr\u00e9 Menezes falou sobre &#8216;Lideran\u00e7a como diferencial competitivo locadoras&#8217;, Alexandre Assis discorreu sobre &#8216;Como gerar valor para sua locadora com governan\u00e7a&#8217; e Wilson Poit abordou o tema &#8216;Empreendedorismo e gest\u00e3o&#8217;. O jornalista Lu\u00eds Artur Nogueira apresentou as &#8216;Perspectivas macroecon\u00f4micas e pol\u00edticas para o mercado de loca\u00e7\u00e3o 2024\/2025&#8217;, e St\u00e9phane H\u00e9non, presidente da ERA \u2013 European Rental Association (Associa\u00e7\u00e3o Europeia de Loca\u00e7\u00e3o) e diretor da Loxam, veio ao Brasil para falar sobre o tema &#8216;Mercado europeu de rental e competitividade em mercado maduro&#8217;.<\/p>\n<p style=\"text-align: justify;\">\n<p style=\"text-align: justify;\">Como de praxe, o evento tamb\u00e9m deu palco para discuss\u00f5es com profissionais conceituados no setor: o Painel Mulheres Gestoras, conduzido pelo Grupo GestorasBR, debateu sobre &#8216;Lideran\u00e7a no ecossistema de loca\u00e7\u00e3o brasileiro&#8217;, com Talita Z\u00e1ccaro, Helen Z\u00e1ccaro, Monica Barros Zambolini e Ana Paula de Amorim; e uma mesa redonda com Eurimilson Daniel, L\u00e9o Sisloc, Paulo Esteves e St\u00e9phane H\u00e9non discutiu o &#8216;Mercado de rental no Brasil e a influ\u00eancia das associa\u00e7\u00f5es.<\/p>\n<p style=\"text-align: justify;\">\n<p style=\"text-align: justify;\">A feira \u00e9 fruto de uma parceria entre a ANALOC \u2013 Associa\u00e7\u00e3o Brasileira dos Sindicatos, Associa\u00e7\u00f5es e Representantes dos Locadores de M\u00e1quinas, Equipamentos e Ferramentas e o Grupo LocadoresBR, e re\u00fane os principais fabricantes e fornecedores de equipamentos e servi\u00e7os, para apresentar novidades espec\u00edficas a locadores de todo o pa\u00eds.<\/p>\n<p style=\"text-align: justify;\">\n<p style=\"text-align: justify;\">A pr\u00f3xima edi\u00e7\u00e3o acontecer\u00e1 de 04 a 06 de junho de 2025, no Expominas, em Belo Horizonte (MG) e est\u00e1 com 90% do espa\u00e7o totalmente reservado. Marque em sua agenda e se programe.<\/p>\n<p style=\"text-align: justify;\">\n","protected":false},"excerpt":{"rendered":"<p>Realizada no Rio de Janeiro, no in\u00edcio de julho, a feira apresentou o que h\u00e1 de melhor em equipamentos para locadoras e superou as expectativas. Tamanho foi o sucesso, que os estandes da edi\u00e7\u00e3o de 2025 foram 90% vendidos durante o evento O setor de loca\u00e7\u00e3o de m\u00e1quinas, enfim, escolheu uma feira para chamar de [&hellip;]<\/p>\n","protected":false},"author":1,"featured_media":24170,"comment_status":"open","ping_status":"open","sticky":false,"template":"","format":"standard","meta":{"_uag_custom_page_level_css":"","footnotes":""},"categories":[32],"tags":[25232,26345,26740,7215,7669,7672,10375],"class_list":["post-24169","post","type-post","status-publish","format-standard","has-post-thumbnail","hentry","category-maquinas-e-equipamentos","tag-rentalmachine","tag-analoc-rental-show","tag-grupo-locadoresbr","tag-maquinas-e-ferramentas","tag-minas","tag-minas-gerais","tag-rio-de-janeiro"],"blocksy_meta":[],"spectra_blocks_featured_image_url":{"thumbnail":{"url":"https:\/\/construcaocivil.siriusmarketingedesign.com.br\/wp-content\/uploads\/2024\/07\/ARSHOW2024_1-150x150.jpg","width":150,"height":150},"medium":{"url":"https:\/\/construcaocivil.siriusmarketingedesign.com.br\/wp-content\/uploads\/2024\/07\/ARSHOW2024_1-300x200.jpg","width":300,"height":200},"medium_large":{"url":"https:\/\/construcaocivil.siriusmarketingedesign.com.br\/wp-content\/uploads\/2024\/07\/ARSHOW2024_1-768x512.jpg","width":768,"height":512},"large":{"url":"https:\/\/construcaocivil.siriusmarketingedesign.com.br\/wp-content\/uploads\/2024\/07\/ARSHOW2024_1-1024x683.jpg","width":1024,"height":683},"full":{"url":"https:\/\/construcaocivil.siriusmarketingedesign.com.br\/wp-content\/uploads\/2024\/07\/ARSHOW2024_1-scaled.jpg","width":2560,"height":1707}},"spectra_blocks_author_info":{"display_name":"Jornal da Constru\u00e7\u00e3o Civil","avatar_url":"https:\/\/secure.gravatar.com\/avatar\/973c9774fd44ddaceb026973c4962faa70fc512bc4c9da68e8ebb40fecee6540?s=96&d=mm&r=g","author_link":"https:\/\/construcaocivil.siriusmarketingedesign.com.br\/?author=1","description":"Desde de 2013, levando muitas informa\u00e7\u00f5es, lan\u00e7amentos e produtos de qualidade para toda cadeia produtiva da constru\u00e7\u00e3o. O Futuro da constru\u00e7\u00e3o passa por aqui,"},"uagb_featured_image_src":{"full":["https:\/\/construcaocivil.siriusmarketingedesign.com.br\/wp-content\/uploads\/2024\/07\/ARSHOW2024_1-scaled.jpg",2560,1707,false],"thumbnail":["https:\/\/construcaocivil.siriusmarketingedesign.com.br\/wp-content\/uploads\/2024\/07\/ARSHOW2024_1-150x150.jpg",150,150,true],"medium":["https:\/\/construcaocivil.siriusmarketingedesign.com.br\/wp-content\/uploads\/2024\/07\/ARSHOW2024_1-300x200.jpg",300,200,true],"medium_large":["https:\/\/construcaocivil.siriusmarketingedesign.com.br\/wp-content\/uploads\/2024\/07\/ARSHOW2024_1-768x512.jpg",768,512,true],"large":["https:\/\/construcaocivil.siriusmarketingedesign.com.br\/wp-content\/uploads\/2024\/07\/ARSHOW2024_1-1024x683.jpg",1024,683,true],"1536x1536":["https:\/\/construcaocivil.siriusmarketingedesign.com.br\/wp-content\/uploads\/2024\/07\/ARSHOW2024_1-1536x1024.jpg",1536,1024,true],"2048x2048":["https:\/\/construcaocivil.siriusmarketingedesign.com.br\/wp-content\/uploads\/2024\/07\/ARSHOW2024_1-2048x1365.jpg",2048,1365,true]},"uagb_author_info":{"display_name":"Jornal da Constru\u00e7\u00e3o Civil","author_link":"https:\/\/construcaocivil.siriusmarketingedesign.com.br\/?author=1"},"uagb_comment_info":0,"uagb_excerpt":"Realizada no Rio de Janeiro, no in\u00edcio de julho, a feira apresentou o que h\u00e1 de melhor em equipamentos para locadoras e superou as expectativas. Tamanho foi o sucesso, que os estandes da edi\u00e7\u00e3o de 2025 foram 90% vendidos durante o evento O setor de loca\u00e7\u00e3o de m\u00e1quinas, enfim, escolheu uma feira para chamar de&hellip;","_links":{"self":[{"href":"https:\/\/construcaocivil.siriusmarketingedesign.com.br\/index.php?rest_route=\/wp\/v2\/posts\/24169","targetHints":{"allow":["GET"]}}],"collection":[{"href":"https:\/\/construcaocivil.siriusmarketingedesign.com.br\/index.php?rest_route=\/wp\/v2\/posts"}],"about":[{"href":"https:\/\/construcaocivil.siriusmarketingedesign.com.br\/index.php?rest_route=\/wp\/v2\/types\/post"}],"author":[{"embeddable":true,"href":"https:\/\/construcaocivil.siriusmarketingedesign.com.br\/index.php?rest_route=\/wp\/v2\/users\/1"}],"replies":[{"embeddable":true,"href":"https:\/\/construcaocivil.siriusmarketingedesign.com.br\/index.php?rest_route=%2Fwp%2Fv2%2Fcomments&post=24169"}],"version-history":[{"count":0,"href":"https:\/\/construcaocivil.siriusmarketingedesign.com.br\/index.php?rest_route=\/wp\/v2\/posts\/24169\/revisions"}],"wp:featuredmedia":[{"embeddable":true,"href":"https:\/\/construcaocivil.siriusmarketingedesign.com.br\/index.php?rest_route=\/wp\/v2\/media\/24170"}],"wp:attachment":[{"href":"https:\/\/construcaocivil.siriusmarketingedesign.com.br\/index.php?rest_route=%2Fwp%2Fv2%2Fmedia&parent=24169"}],"wp:term":[{"taxonomy":"category","embeddable":true,"href":"https:\/\/construcaocivil.siriusmarketingedesign.com.br\/index.php?rest_route=%2Fwp%2Fv2%2Fcategories&post=24169"},{"taxonomy":"post_tag","embeddable":true,"href":"https:\/\/construcaocivil.siriusmarketingedesign.com.br\/index.php?rest_route=%2Fwp%2Fv2%2Ftags&post=24169"}],"curies":[{"name":"wp","href":"https:\/\/api.w.org\/{rel}","templated":true}]}}