{"id":24216,"date":"2024-08-05T15:00:19","date_gmt":"2024-08-05T18:00:19","guid":{"rendered":"https:\/\/www.jornaldaconstrucaocivil.com.br\/?p=24216"},"modified":"2024-08-05T15:00:19","modified_gmt":"2024-08-05T18:00:19","slug":"industria-da-reciclagem-de-plasticos-impulsiona-economia-circular-e-descarbonizacao","status":"publish","type":"post","link":"https:\/\/construcaocivil.siriusmarketingedesign.com.br\/?p=24216","title":{"rendered":"Ind\u00fastria da reciclagem de pl\u00e1sticos impulsiona economia circular e descarboniza\u00e7\u00e3o"},"content":{"rendered":"<p style=\"text-align: justify;\"><strong><i>Empresa investida pelo GEF Capital, Lar Pl\u00e1sticos j\u00e1 reciclou mais de 30 mil toneladas PP e PEAD desde sua funda\u00e7\u00e3o em 2011<\/i><\/strong><\/p>\n<div>\n<p style=\"text-align: justify;\">A produ\u00e7\u00e3o de pl\u00e1sticos reciclados p\u00f3s-consumo no Brasil atingiu mais de 1 milh\u00e3o e 100 mil toneladas em 2022, representando um aumento significativo de 46% em 5 anos, conforme indicado em um estudo do Plano de Incentivo \u00e0 Cadeia do Pl\u00e1stico (PICPlast). Apesar desse crescimento, apenas 25,6% dos res\u00edduos pl\u00e1sticos p\u00f3s-consumo gerados foram reciclados no pa\u00eds, ressaltando um espa\u00e7o significativo para expans\u00e3o desse setor.<\/p>\n<p style=\"text-align: justify;\">Investidores, como a GEF Capital Partners, est\u00e3o priorizando iniciativas voltadas para um futuro descarbonizado. Desde o investimento na Lar Pl\u00e1sticos, a gestora de private equity tem apoiado ativamente o crescimento da empresa, fortalecendo a lideran\u00e7a com novas diretorias e ger\u00eancias, al\u00e9m de ajudar as construir a base para a ado\u00e7\u00e3o de boas pr\u00e1ticas ESG.<\/p>\n<p style=\"text-align: justify;\">Localizada em Atibaia (SP), a Lar Pl\u00e1sticos se especializa na reciclagem de pl\u00e1sticos, com foco principalmente no polipropileno (PP) e no polietileno de alta densidade (PEAD) \u2014 materiais amplamente utilizados na ind\u00fastria de bens de consumo. A LAR compra fardos de pl\u00e1sticos de cooperativas, que depois da lavagem e moagem viram resina. A partir da\u00ed, a pr\u00f3pria companhia pode produzir uma variedade de produtos acabados. Em 2023, a LAR reciclou cerca de 6,7 mil toneladas de pl\u00e1stico, contribuindo para a redu\u00e7\u00e3o da emiss\u00e3o de 4,7 mil tCO2.<\/p>\n<p style=\"text-align: justify;\">\u201cAl\u00e9m de transformar o pl\u00e1stico, que foi adquirido com cooperativas parceiras, em resina, tamb\u00e9m trabalhamos com produtos finalizados, incluindo projetos sob demanda para os clientes. Ou seja, trabalhar de maneira verticalizada nos garantiu um dom\u00ednio muito grande sobre todas as necessidades da cadeia, tanto do ponto de vista econ\u00f4mico como socioambiental\u201d, afirma Leonardo Marino, CEO da Lar Pl\u00e1sticos. A empresa j\u00e1 est\u00e1 presente em S\u00e3o Paulo, Rio de Janeiro, Pernambuco, Bahia, Cear\u00e1 e Estados Unidos.<\/p>\n<p style=\"text-align: justify;\">A GEF Capital, com R$1,7 bilh\u00e3o sob gest\u00e3o no Brasil, tamb\u00e9m est\u00e1 presente na \u00cdndia e nos Estados Unidos, apoiando empresas que contribuam com solu\u00e7\u00f5es clim\u00e1ticas em energia, solu\u00e7\u00f5es urbanas, e na cadeia do agroneg\u00f3cio.<\/p>\n<p style=\"text-align: justify;\">&#8220;A preocupa\u00e7\u00e3o global com a economia circular est\u00e1 cada vez mais evidente. A reciclagem de pl\u00e1sticos ao mesmo tempo que reduz o volume de res\u00edduos destinados a aterros sanit\u00e1rios, contribui para a diminui\u00e7\u00e3o do consumo de pl\u00e1stico virgem, cuja produ\u00e7\u00e3o demanda uma alta quantidade de energia, especialmente de fontes f\u00f3sseis. Em contrapartida, o processo de reciclagem utiliza predominantemente energia el\u00e9trica, que no Brasil \u00e9 90% de fontes renov\u00e1veis. Com sua opera\u00e7\u00e3o verticalizada, a Lar Pl\u00e1sticos consegue n\u00e3o s\u00f3 manter controle e efici\u00eancia sobre todo o processo produtivo, reduzindo perdas de materiais, mas tamb\u00e9m melhorar suas margens ao longo da cadeia&#8221;, comenta Estevan Taguchi, managing director da GEF Capital.<\/p>\n<\/div>\n","protected":false},"excerpt":{"rendered":"<p>Empresa investida pelo GEF Capital, Lar Pl\u00e1sticos j\u00e1 reciclou mais de 30 mil toneladas PP e PEAD desde sua funda\u00e7\u00e3o em 2011 A produ\u00e7\u00e3o de pl\u00e1sticos reciclados p\u00f3s-consumo no Brasil atingiu mais de 1 milh\u00e3o e 100 mil toneladas em 2022, representando um aumento significativo de 46% em 5 anos, conforme indicado em um estudo [&hellip;]<\/p>\n","protected":false},"author":1,"featured_media":24217,"comment_status":"open","ping_status":"open","sticky":false,"template":"","format":"standard","meta":{"_uag_custom_page_level_css":"","footnotes":""},"categories":[37],"tags":[25860,26769,26767,26768],"class_list":["post-24216","post","type-post","status-publish","format-standard","has-post-thumbnail","hentry","category-sustentabilidade","tag-esg","tag-descarbonizacao","tag-gef-capital","tag-lar-plasticos"],"blocksy_meta":[],"spectra_blocks_featured_image_url":{"thumbnail":{"url":"https:\/\/construcaocivil.siriusmarketingedesign.com.br\/wp-content\/uploads\/2024\/08\/Divulgacao-Lar-Plasticos-150x150.jpg","width":150,"height":150},"medium":{"url":"https:\/\/construcaocivil.siriusmarketingedesign.com.br\/wp-content\/uploads\/2024\/08\/Divulgacao-Lar-Plasticos-300x169.jpg","width":300,"height":169},"medium_large":{"url":"https:\/\/construcaocivil.siriusmarketingedesign.com.br\/wp-content\/uploads\/2024\/08\/Divulgacao-Lar-Plasticos-768x432.jpg","width":768,"height":432},"large":{"url":"https:\/\/construcaocivil.siriusmarketingedesign.com.br\/wp-content\/uploads\/2024\/08\/Divulgacao-Lar-Plasticos-1024x576.jpg","width":1024,"height":576},"full":{"url":"https:\/\/construcaocivil.siriusmarketingedesign.com.br\/wp-content\/uploads\/2024\/08\/Divulgacao-Lar-Plasticos.jpg","width":1920,"height":1080}},"spectra_blocks_author_info":{"display_name":"Jornal da Constru\u00e7\u00e3o Civil","avatar_url":"https:\/\/secure.gravatar.com\/avatar\/973c9774fd44ddaceb026973c4962faa70fc512bc4c9da68e8ebb40fecee6540?s=96&d=mm&r=g","author_link":"https:\/\/construcaocivil.siriusmarketingedesign.com.br\/?author=1","description":"Desde de 2013, levando muitas informa\u00e7\u00f5es, lan\u00e7amentos e produtos de qualidade para toda cadeia produtiva da constru\u00e7\u00e3o. O Futuro da constru\u00e7\u00e3o passa por aqui,"},"uagb_featured_image_src":{"full":["https:\/\/construcaocivil.siriusmarketingedesign.com.br\/wp-content\/uploads\/2024\/08\/Divulgacao-Lar-Plasticos.jpg",1920,1080,false],"thumbnail":["https:\/\/construcaocivil.siriusmarketingedesign.com.br\/wp-content\/uploads\/2024\/08\/Divulgacao-Lar-Plasticos-150x150.jpg",150,150,true],"medium":["https:\/\/construcaocivil.siriusmarketingedesign.com.br\/wp-content\/uploads\/2024\/08\/Divulgacao-Lar-Plasticos-300x169.jpg",300,169,true],"medium_large":["https:\/\/construcaocivil.siriusmarketingedesign.com.br\/wp-content\/uploads\/2024\/08\/Divulgacao-Lar-Plasticos-768x432.jpg",768,432,true],"large":["https:\/\/construcaocivil.siriusmarketingedesign.com.br\/wp-content\/uploads\/2024\/08\/Divulgacao-Lar-Plasticos-1024x576.jpg",1024,576,true],"1536x1536":["https:\/\/construcaocivil.siriusmarketingedesign.com.br\/wp-content\/uploads\/2024\/08\/Divulgacao-Lar-Plasticos-1536x864.jpg",1536,864,true],"2048x2048":["https:\/\/construcaocivil.siriusmarketingedesign.com.br\/wp-content\/uploads\/2024\/08\/Divulgacao-Lar-Plasticos.jpg",1920,1080,false]},"uagb_author_info":{"display_name":"Jornal da Constru\u00e7\u00e3o Civil","author_link":"https:\/\/construcaocivil.siriusmarketingedesign.com.br\/?author=1"},"uagb_comment_info":0,"uagb_excerpt":"Empresa investida pelo GEF Capital, Lar Pl\u00e1sticos j\u00e1 reciclou mais de 30 mil toneladas PP e PEAD desde sua funda\u00e7\u00e3o em 2011 A produ\u00e7\u00e3o de pl\u00e1sticos reciclados p\u00f3s-consumo no Brasil atingiu mais de 1 milh\u00e3o e 100 mil toneladas em 2022, representando um aumento significativo de 46% em 5 anos, conforme indicado em um estudo&hellip;","_links":{"self":[{"href":"https:\/\/construcaocivil.siriusmarketingedesign.com.br\/index.php?rest_route=\/wp\/v2\/posts\/24216","targetHints":{"allow":["GET"]}}],"collection":[{"href":"https:\/\/construcaocivil.siriusmarketingedesign.com.br\/index.php?rest_route=\/wp\/v2\/posts"}],"about":[{"href":"https:\/\/construcaocivil.siriusmarketingedesign.com.br\/index.php?rest_route=\/wp\/v2\/types\/post"}],"author":[{"embeddable":true,"href":"https:\/\/construcaocivil.siriusmarketingedesign.com.br\/index.php?rest_route=\/wp\/v2\/users\/1"}],"replies":[{"embeddable":true,"href":"https:\/\/construcaocivil.siriusmarketingedesign.com.br\/index.php?rest_route=%2Fwp%2Fv2%2Fcomments&post=24216"}],"version-history":[{"count":0,"href":"https:\/\/construcaocivil.siriusmarketingedesign.com.br\/index.php?rest_route=\/wp\/v2\/posts\/24216\/revisions"}],"wp:featuredmedia":[{"embeddable":true,"href":"https:\/\/construcaocivil.siriusmarketingedesign.com.br\/index.php?rest_route=\/wp\/v2\/media\/24217"}],"wp:attachment":[{"href":"https:\/\/construcaocivil.siriusmarketingedesign.com.br\/index.php?rest_route=%2Fwp%2Fv2%2Fmedia&parent=24216"}],"wp:term":[{"taxonomy":"category","embeddable":true,"href":"https:\/\/construcaocivil.siriusmarketingedesign.com.br\/index.php?rest_route=%2Fwp%2Fv2%2Fcategories&post=24216"},{"taxonomy":"post_tag","embeddable":true,"href":"https:\/\/construcaocivil.siriusmarketingedesign.com.br\/index.php?rest_route=%2Fwp%2Fv2%2Ftags&post=24216"}],"curies":[{"name":"wp","href":"https:\/\/api.w.org\/{rel}","templated":true}]}}