{"id":24243,"date":"2024-08-08T11:13:41","date_gmt":"2024-08-08T14:13:41","guid":{"rendered":"https:\/\/www.jornaldaconstrucaocivil.com.br\/?p=24243"},"modified":"2024-08-08T11:13:41","modified_gmt":"2024-08-08T14:13:41","slug":"confira-como-foi-o-segundo-dia-do-salao-rio-de-interiores","status":"publish","type":"post","link":"https:\/\/construcaocivil.siriusmarketingedesign.com.br\/?p=24243","title":{"rendered":"Confira como foi o segundo dia do Sal\u00e3o Rio de Interiores"},"content":{"rendered":"<p style=\"text-align: justify;\"><strong><i>Sede do IAB &#8211; RJ recebe evento at\u00e9 hoje (8) com tema Intelig\u00eancias ancestral, artificial e colaborativa<\/i><\/strong><\/p>\n<div>\n<div>\n<div>\n<p style=\"text-align: justify;\">A quarta-feira (7) foi de grandes debates na\u00a0<strong>2\u00aa edi\u00e7\u00e3o do Sal\u00e3o Rio de Interiores<\/strong>, que re\u00fane at\u00e9 hoje mais de 30 marcas parceiras, institui\u00e7\u00f5es setoriais e profissionais do segmento de arquitetura e design de interiores para troca de experi\u00eancias em m\u00faltiplas frentes sobre o tema &#8216;Intelig\u00eancias: ancestral, artificial e colaborativa&#8217;.<\/p>\n<p style=\"text-align: justify;\">A programa\u00e7\u00e3o do segundo dia come\u00e7ou com o\u00a0<strong>Workshop Gest\u00e3o para Escrit\u00f3rios de Interiores<\/strong>, ministrado por Sonia Lopes, PhD em Administra\u00e7\u00e3o pela Universidade de La Plata, desenvolvedora do Modelo TIP, publicado em &#8216;M\u00e9todos \u00c1geis para arquitetos e profissionais criativos &#8216;. A atividade teve as participa\u00e7\u00f5es das arquitetas e urbanistas Christiane Vilela e Paula Neder, que aplicam o Modelo TIP em seus escrit\u00f3rios.<\/p>\n<figure id=\"attachment_24245\" aria-describedby=\"caption-attachment-24245\" style=\"width: 200px\" class=\"wp-caption alignleft\"><img loading=\"lazy\" decoding=\"async\" class=\"size-medium wp-image-24245\" src=\"https:\/\/www.jornaldaconstrucaocivil.com.br\/wp-content\/uploads\/2024\/08\/salaorj-dia7-mesa1-02-200x300.jpg\" alt=\"\" width=\"200\" height=\"300\" srcset=\"https:\/\/construcaocivil.siriusmarketingedesign.com.br\/wp-content\/uploads\/2024\/08\/salaorj-dia7-mesa1-02-200x300.jpg 200w, https:\/\/construcaocivil.siriusmarketingedesign.com.br\/wp-content\/uploads\/2024\/08\/salaorj-dia7-mesa1-02-683x1024.jpg 683w, https:\/\/construcaocivil.siriusmarketingedesign.com.br\/wp-content\/uploads\/2024\/08\/salaorj-dia7-mesa1-02-768x1152.jpg 768w, https:\/\/construcaocivil.siriusmarketingedesign.com.br\/wp-content\/uploads\/2024\/08\/salaorj-dia7-mesa1-02-1024x1536.jpg 1024w, https:\/\/construcaocivil.siriusmarketingedesign.com.br\/wp-content\/uploads\/2024\/08\/salaorj-dia7-mesa1-02-1365x2048.jpg 1365w, https:\/\/construcaocivil.siriusmarketingedesign.com.br\/wp-content\/uploads\/2024\/08\/salaorj-dia7-mesa1-02-scaled.jpg 1707w\" sizes=\"auto, (max-width: 200px) 100vw, 200px\" \/><figcaption id=\"caption-attachment-24245\" class=\"wp-caption-text\">edi\u00e7\u00e3o do Sal\u00e3o<\/figcaption><\/figure>\n<p style=\"text-align: justify;\">O jornalista S\u00e9rgio Zobaran comandou a mesa-redonda\u00a0<strong>Mobili\u00e1rio Brasileiro<\/strong>, com a participa\u00e7\u00e3o de Fernando Mendes, designer, arquiteto e marceneiro, e Andrea Fasanello, da Ricardo Fasanello Design.<\/p>\n<p style=\"text-align: justify;\">Depois de apresentar um v\u00eddeo sobre o processo criativo do design, Fernando come\u00e7ou homenageando duas grandes fontes de inspira\u00e7\u00e3o. Santos Dumond, que considera um dos maiores g\u00eanios da humanidade, mestre na arte do design quando esse termo nem mesmo existia e Sergio Rodrigues, grande refer\u00eancia em sua trajet\u00f3ria. Fernando resgatou a hist\u00f3ria do designer, que descobriu seu talento na inf\u00e2ncia e como o desenho podia ser transformado em objetos, come\u00e7ando a projetar e fazer seus pr\u00f3prios brinquedos. Com esse olhar mais l\u00fadico, mostrou como avi\u00f5es e carros antigos inspiraram algumas de suas ic\u00f4nicas pe\u00e7as em madeira.<\/p>\n<p style=\"text-align: justify;\">Andrea aproveitou o vi\u00e9s das cria\u00e7\u00f5es automotivas para compartilhar que a grande paix\u00e3o de seu pai, Ricardo Fasanello, eram os carros. Ele come\u00e7ou desenhando e fabricando carros de corrida, o que o fez trilhar por um caminho diferente do mobili\u00e1rio tradicionalmente de madeira, usando como mat\u00e9ria prima a fibra de vidro.\u00a0<em>&#8220;A primeira poltrona de papai saiu de um assento de carro, ali\u00e1s, um dos raros desenhos que temos&#8221;,\u00a0<\/em>confidencia Andrea.\u00a0<em>&#8220;Ele desenhava tudo&#8230;menos m\u00f3veis, a vis\u00e3o dele para o design de mobili\u00e1rio era completamente idealizada em 3D dentro de seu ateli\u00ea&#8221;.<\/em><\/p>\n<p style=\"text-align: justify;\">Nesse contexto da genialidade por tr\u00e1s de tantos exemplos de design autoral, Zobaran aproveitou para colocar em debate duas pol\u00eamicas muito latentes nos dias de hoje: a c\u00f3pia de pe\u00e7as assinadas e o uso da intelig\u00eancia artificial no trabalho dos designers.<\/p>\n<figure id=\"attachment_24246\" aria-describedby=\"caption-attachment-24246\" style=\"width: 300px\" class=\"wp-caption alignright\"><img loading=\"lazy\" decoding=\"async\" class=\"size-medium wp-image-24246\" src=\"https:\/\/www.jornaldaconstrucaocivil.com.br\/wp-content\/uploads\/2024\/08\/salaorj-dia7-mesa4-02-300x200.jpg\" alt=\"\" width=\"300\" height=\"200\" srcset=\"https:\/\/construcaocivil.siriusmarketingedesign.com.br\/wp-content\/uploads\/2024\/08\/salaorj-dia7-mesa4-02-300x200.jpg 300w, https:\/\/construcaocivil.siriusmarketingedesign.com.br\/wp-content\/uploads\/2024\/08\/salaorj-dia7-mesa4-02-1024x683.jpg 1024w, https:\/\/construcaocivil.siriusmarketingedesign.com.br\/wp-content\/uploads\/2024\/08\/salaorj-dia7-mesa4-02-768x512.jpg 768w, https:\/\/construcaocivil.siriusmarketingedesign.com.br\/wp-content\/uploads\/2024\/08\/salaorj-dia7-mesa4-02-1536x1024.jpg 1536w, https:\/\/construcaocivil.siriusmarketingedesign.com.br\/wp-content\/uploads\/2024\/08\/salaorj-dia7-mesa4-02-2048x1365.jpg 2048w, https:\/\/construcaocivil.siriusmarketingedesign.com.br\/wp-content\/uploads\/2024\/08\/salaorj-dia7-mesa4-02-200x133.jpg 200w\" sizes=\"auto, (max-width: 300px) 100vw, 300px\" \/><figcaption id=\"caption-attachment-24246\" class=\"wp-caption-text\">edi\u00e7\u00e3o do Sal\u00e3o<\/figcaption><\/figure>\n<p style=\"text-align: justify;\"><strong>Design e tecnologias sustent\u00e1veis<\/strong>\u00a0foi o tema da mesa seguinte, comandada por Lauro Andrade, idealizador da DW!, com participa\u00e7\u00e3o de Luiza Godoy, coordenadora da P\u00f3s-gradua\u00e7\u00e3o em Design de Interiores Contempor\u00e2neo do Instituto Europeo de Design, e Luiza Bomeny, do Instituto Marangoni.<\/p>\n<p style=\"text-align: justify;\">Bomeny falou sobre sustentabilidade no dia a dia do design e dos cidad\u00e3os, indo al\u00e9m de pensar em economia de \u00e1gua e energia. Ela destacou a import\u00e2ncia de questionar para os profissionais de arquitetura e interiores.\u00a0<em>&#8220;O qu\u00e3o poluente \u00e9 uma pe\u00e7a ou produto? Existem substitutos? Quais as condi\u00e7\u00f5es de trabalho que envolvem a fabrica\u00e7\u00e3o? Qual o impacto no meio-ambiente? \u00c9 poss\u00edvel trabalhar com o mesmo material, mas de forma sustent\u00e1vel?&#8221;.<\/em><\/p>\n<p style=\"text-align: justify;\">Ela completou afirmado que a l\u00f3gica do mercado mudou e hoje \u00e9 preciso pensar em economia circular, n\u00e3o mais linear, e em regenerar materiais e produtos<em>. &#8220;Se voc\u00ea quer entrar no mercado, comece pelo lixo&#8221;.<\/em>\u00a0\u00a0Ela exemplificou mostrando trabalhos com res\u00edduos de alimentos, res\u00edduos t\u00eaxteis, tapetes de pl\u00e1stico retirado dos oceanos e borra de caf\u00e9 transformada em termopl\u00e1stico.\u00a0<em>&#8220;Quantas ideias o brasileiro n\u00e3o pode ter? O novo luxo \u00e9 feito \u00e0 m\u00e3o e conta hist\u00f3rias&#8221;.<\/em><\/p>\n<p style=\"text-align: justify;\">J\u00e1 Godoy ressaltou a import\u00e2ncia de fazer diferente agora, tendo consci\u00eancia de que temos que pensar em coletividade. E trouxe o exemplo da m\u00e3e.\u00a0<em>&#8220;Minha m\u00e3e dizia que quem fuma tem o v\u00edcio porque n\u00e3o v\u00ea sangrar a ferida. N\u00e3o estamos vendo sangrar o planeta, ent\u00e3o como vamos fazer? Por meio da informa\u00e7\u00e3o. As ind\u00fastrias precisam oferecer o jeito de fazer e o profissional precisa levar aos clientes o porqu\u00ea de suas escolhas num projeto. \u00c9 uma responsabilidade do profissional de design e do cidad\u00e3o&#8221;.<\/em><\/p>\n<p style=\"text-align: justify;\">Lauro aproveitou para ressaltar as tend\u00eancias do segmento, que hoje n\u00e3o se traduzem apenas em lan\u00e7amentos est\u00e9ticos, mas em novos insumos que s\u00e3o a grande novidade do design e tem guiado eventos como a Semana de Design de Mil\u00e3o.\u00a0<em>&#8220;A sustentabilidade \u00e9 um bom neg\u00f3cio e esse \u00e9 o futuro que devemos acompanhar entre as ind\u00fastrias&#8221;.<\/em><\/p>\n<p style=\"text-align: justify;\">Dando sequ\u00eancia, a jornalista Livia Breves subiu ao palco com F\u00e1bio Szwarcwald, gestor cultural e fundador da A.ponte Cultech, e do arquiteto e colecionador Chic\u00f4 Gouv\u00eaa para debater o tema\u00a0<strong>Colecionismo<\/strong>.<\/p>\n<p style=\"text-align: justify;\">Chic\u00f4 contou que come\u00e7ou a colecionar desde crian\u00e7a, sendo sua primeira cole\u00e7\u00e3o a de soldadinho de chumbo, que hoje tem mais de 3 mil bonecos expostos em uma estante em seu quarto. Compartilhando fotos de sua casa e cole\u00e7\u00f5es, ele confessou que nada \u00e9 catalogado,\u00a0<em>&#8220;\u00e9 tudo na bagun\u00e7a&#8221;.<\/em>\u00a0Ao longo dos anos, Chic\u00f4 colecionou diversas tem\u00e1ticas, mas se diz satisfeito no momento, sem espa\u00e7o para guardar mais nada. Curiosamente, a \u00fanica cole\u00e7\u00e3o que mant\u00e9m ativa at\u00e9 hoje \u2013 e uma das mais antigas &#8211; \u00e9 do personagem Tintim.<\/p>\n<p style=\"text-align: justify;\">Usando o exemplo dos bonequinhos de chumbo de Chic\u00f4, F\u00e1bio pontuou que colecionar \u00e9 o ato de agrupar objetos de valor subjetivo. Segundo ele, a quest\u00e3o do colecionismo fala muito dos desejos e de como as pessoas querem ser representadas nessa vida. Depois de mais de uma d\u00e9cada trabalhando no mercado financeiro, F\u00e1bio disse que a come\u00e7ou a comprar algumas obras por gosto pessoal e a medida em que foi crescendo esse conv\u00edvio com a arte, seu mindset mudou em rela\u00e7\u00e3o a tudo, inclusive sua carreira. Mesclando seu lado economista com o de gestor cultural, confidenciou que gosta de comprar a op\u00e7\u00e3o barata, apostando em novos artistas que est\u00e3o iniciando ou sem galeria. E explica:\u00a0<em>&#8220;se 10% da minha cole\u00e7\u00e3o der certo, j\u00e1 valeu o restante do meu investimento&#8221;.<\/em><\/p>\n<p style=\"text-align: justify;\">A mesa-redonda\u00a0<strong>Marcenarias\u00a0<\/strong>teve condu\u00e7\u00e3o de Marcela Abla e Gisele Taranto &#8211; curadoras respons\u00e1veis pela programa\u00e7\u00e3o das mesas do Sal\u00e3o -, que se uniram ao arquiteto e urbanista Ivo Mairene, s\u00f3cio fundador do escrit\u00f3rio Mareines Arquitetura, e o artista visual e designer Rodrigo Calixto.<\/p>\n<p style=\"text-align: justify;\">Mairene trouxe refer\u00eancias \u00e0 intelig\u00eancia ancestral que existe por tr\u00e1s da geometria da marcenaria e arquitetura dos ind\u00edgenas brasileiros, Incas e outras civiliza\u00e7\u00f5es. Ele destacou tamb\u00e9m o uso da madeira como mat\u00e9ria-prima sustent\u00e1vel por suas caracter\u00edsticas naturais. Ele mostrou o case da Casa Folha, projeto que se utiliza tanto da sabedoria de povos ancestrais quanto da madeira.<\/p>\n<p style=\"text-align: justify;\">Calixto tamb\u00e9m trouxe ao debate a import\u00e2ncia da madeira na forma\u00e7\u00e3o do Brasil, evocando, mais uma vez a intelig\u00eancia ancestral.\u00a0<em>&#8220;\u00c9 curioso pensar que a madeira esteve presente em toda a hist\u00f3ria. Ela \u00e9 n\u00e3o apenas uma mat\u00e9ria-prima, mas um indiv\u00edduo. Cada civiliza\u00e7\u00e3o tem uma cultura de destaque em seu uso. Nossa rela\u00e7\u00e3o com ela \u00e9 extrativista, mas ela \u00e9 renov\u00e1vel. Somos o \u00fanico pa\u00eds do mundo nomeado por causa de uma \u00e1rvore, o pau-brasil, ent\u00e3o a madeira \u00e9 parte da brasilidade&#8221;.<\/em><\/p>\n<p style=\"text-align: justify;\"><strong>Programa\u00e7\u00e3o do terceiro e \u00faltima dia<\/strong><\/p>\n<p style=\"text-align: justify;\">A FIRJAN inicia as atividades do \u00faltimo dia do Sal\u00e3o Rio de Interiores com o\u00a0<strong>Workshop BIM<\/strong>\u00a0em projetos de interiores, \u00e0s 12h30. Ronaldo Ferreira, diretor de reda\u00e7\u00e3o da Revista Kaza, conversa com o designer industrial Rodrigo Erthal e a arquiteta Maria Mahmoud, especialista em workplace design, sobre\u00a0<strong>IA Nos Projetos de Interiores<\/strong>, \u00e0s 14h.<\/p>\n<p style=\"text-align: justify;\">A programa\u00e7\u00e3o segue com a mesa\u00a0<strong>Interiores inclusivos: museus e expografia<\/strong>, com Marina Piquet, IDG do Jardim Bot\u00e2nico e Museu do Amanh\u00e3, Gisele de Paula, do Museu de Arte do Rio e Carlos Eduardo Nunes Ferreira, da AsBEA. \u00c0s 17h, a jornalista e curadora Lucia Gurovitz recebe o diretor de TV e teatro, Alberto Renault, e o Diretor de Conte\u00fado da CASACOR, Pedro Ariel Santana, para debater o tema\u00a0<strong>Brasilidade<\/strong>. A \u00faltima mesa-redonda do evento acontece \u00e0s 19h. O arquiteto e urbanista Pablo Benetti recebe o arquiteto Miguel Pinto Guimar\u00e3es e o iluminador Maneco Quinder\u00e9 para um bate-papo sobre\u00a0<strong>Ilumina\u00e7\u00e3o<\/strong>.<\/p>\n<p style=\"text-align: justify;\">Com realiza\u00e7\u00e3o da AsBEA-RJ e do IAB-RJ, o 2\u00ba Sal\u00e3o Rio de Interiores tem apoio comercial da Prosperar, apoio institucional do CAU\/RJ, Ademi-RJ, Firjan-RJ, CASACOR RJ, Instituto Europeo di Design do Rio de Janeiro, do Escrit\u00f3rio de Paisagismo Horto Girassol, da Aromatizar \u2013 Aromatiza\u00e7\u00e3o de Ambientes, al\u00e9m de patroc\u00ednio de CasaShopping. A programa\u00e7\u00e3o completa e inscri\u00e7\u00f5es est\u00e3o dispon\u00edveis no link:\u00a0<a href=\"https:\/\/tinyurl.com\/2salaorio\" target=\"_blank\" rel=\"noopener noreferrer\">https:\/\/tinyurl.com\/2salaorio<\/a><\/p>\n<p style=\"text-align: justify;\">O credenciamento \u00e9 aberto ao meio-dia. As mesas-redondas acontecem \u00e0s 14h, 15h30, 17h e 19h, sempre com intervalos de 20 minutos entre uma e outra. O encerramento hoje, quinta-feira (8), ser\u00e1 \u00e0s 21h. O ingresso pode ser adquirido pelo Sympla (<a href=\"https:\/\/www.sympla.com.br\/evento\/2-salao-rio-de-interiores\/2552684?referrer=www.google.com\" target=\"_blank\" rel=\"noopener noreferrer\">clique aqui<\/a>). Associados AsBEA\/RJ e IAB-RJ t\u00eam 50% de desconto.<\/p>\n<p style=\"text-align: justify;\"><strong>2\u00ba Sal\u00e3o Rio de Interiores<\/strong><\/p>\n<p style=\"text-align: justify;\">Data: 6 a 8 de agosto 2024<\/p>\n<p style=\"text-align: justify;\">Hor\u00e1rio: das 10h \u00e0s 21h<\/p>\n<p style=\"text-align: justify;\">Local: IAB-RJ | Rua do Pinheiro, 10 &#8211; Flamengo<\/p>\n<p style=\"text-align: justify;\"><a href=\"https:\/\/www.instagram.com\/salaoriodeinteriores\/\" target=\"_blank\" rel=\"noopener noreferrer\">https:\/\/www.instagram.com\/salaoriodeinteriores\/<\/a><\/p>\n<\/div>\n<\/div>\n<\/div>\n","protected":false},"excerpt":{"rendered":"<p>Sede do IAB &#8211; RJ recebe evento at\u00e9 hoje (8) com tema Intelig\u00eancias ancestral, artificial e colaborativa A quarta-feira (7) foi de grandes debates na\u00a02\u00aa edi\u00e7\u00e3o do Sal\u00e3o Rio de Interiores, que re\u00fane at\u00e9 hoje mais de 30 marcas parceiras, institui\u00e7\u00f5es setoriais e profissionais do segmento de arquitetura e design de interiores para troca de [&hellip;]<\/p>\n","protected":false},"author":1,"featured_media":24244,"comment_status":"open","ping_status":"open","sticky":false,"template":"","format":"standard","meta":{"_uag_custom_page_level_css":"","footnotes":""},"categories":[27],"tags":[909,3544,26788,26789,5116,5835],"class_list":["post-24243","post","type-post","status-publish","format-standard","has-post-thumbnail","hentry","category-acontece","tag-arquitetos-e-urbanistas","tag-designer-de-interiores","tag-edicao-do-salao-rj","tag-estudantes-e-profissionais","tag-flamengo-rj","tag-iab-rj"],"blocksy_meta":[],"spectra_blocks_featured_image_url":{"thumbnail":{"url":"https:\/\/construcaocivil.siriusmarketingedesign.com.br\/wp-content\/uploads\/2024\/08\/72b36c9b1335f3cf55ee8dfdd3bfd248-150x150.jpg","width":150,"height":150},"medium":{"url":"https:\/\/construcaocivil.siriusmarketingedesign.com.br\/wp-content\/uploads\/2024\/08\/72b36c9b1335f3cf55ee8dfdd3bfd248-300x200.jpg","width":300,"height":200},"medium_large":{"url":"https:\/\/construcaocivil.siriusmarketingedesign.com.br\/wp-content\/uploads\/2024\/08\/72b36c9b1335f3cf55ee8dfdd3bfd248-768x512.jpg","width":768,"height":512},"large":{"url":"https:\/\/construcaocivil.siriusmarketingedesign.com.br\/wp-content\/uploads\/2024\/08\/72b36c9b1335f3cf55ee8dfdd3bfd248-1024x683.jpg","width":1024,"height":683},"full":{"url":"https:\/\/construcaocivil.siriusmarketingedesign.com.br\/wp-content\/uploads\/2024\/08\/72b36c9b1335f3cf55ee8dfdd3bfd248-scaled.jpg","width":2560,"height":1707}},"spectra_blocks_author_info":{"display_name":"Jornal da Constru\u00e7\u00e3o Civil","avatar_url":"https:\/\/secure.gravatar.com\/avatar\/973c9774fd44ddaceb026973c4962faa70fc512bc4c9da68e8ebb40fecee6540?s=96&d=mm&r=g","author_link":"https:\/\/construcaocivil.siriusmarketingedesign.com.br\/?author=1","description":"Desde de 2013, levando muitas informa\u00e7\u00f5es, lan\u00e7amentos e produtos de qualidade para toda cadeia produtiva da constru\u00e7\u00e3o. O Futuro da constru\u00e7\u00e3o passa por aqui,"},"uagb_featured_image_src":{"full":["https:\/\/construcaocivil.siriusmarketingedesign.com.br\/wp-content\/uploads\/2024\/08\/72b36c9b1335f3cf55ee8dfdd3bfd248-scaled.jpg",2560,1707,false],"thumbnail":["https:\/\/construcaocivil.siriusmarketingedesign.com.br\/wp-content\/uploads\/2024\/08\/72b36c9b1335f3cf55ee8dfdd3bfd248-150x150.jpg",150,150,true],"medium":["https:\/\/construcaocivil.siriusmarketingedesign.com.br\/wp-content\/uploads\/2024\/08\/72b36c9b1335f3cf55ee8dfdd3bfd248-300x200.jpg",300,200,true],"medium_large":["https:\/\/construcaocivil.siriusmarketingedesign.com.br\/wp-content\/uploads\/2024\/08\/72b36c9b1335f3cf55ee8dfdd3bfd248-768x512.jpg",768,512,true],"large":["https:\/\/construcaocivil.siriusmarketingedesign.com.br\/wp-content\/uploads\/2024\/08\/72b36c9b1335f3cf55ee8dfdd3bfd248-1024x683.jpg",1024,683,true],"1536x1536":["https:\/\/construcaocivil.siriusmarketingedesign.com.br\/wp-content\/uploads\/2024\/08\/72b36c9b1335f3cf55ee8dfdd3bfd248-1536x1024.jpg",1536,1024,true],"2048x2048":["https:\/\/construcaocivil.siriusmarketingedesign.com.br\/wp-content\/uploads\/2024\/08\/72b36c9b1335f3cf55ee8dfdd3bfd248-2048x1365.jpg",2048,1365,true]},"uagb_author_info":{"display_name":"Jornal da Constru\u00e7\u00e3o Civil","author_link":"https:\/\/construcaocivil.siriusmarketingedesign.com.br\/?author=1"},"uagb_comment_info":0,"uagb_excerpt":"Sede do IAB &#8211; RJ recebe evento at\u00e9 hoje (8) com tema Intelig\u00eancias ancestral, artificial e colaborativa A quarta-feira (7) foi de grandes debates na\u00a02\u00aa edi\u00e7\u00e3o do Sal\u00e3o Rio de Interiores, que re\u00fane at\u00e9 hoje mais de 30 marcas parceiras, institui\u00e7\u00f5es setoriais e profissionais do segmento de arquitetura e design de interiores para troca de&hellip;","_links":{"self":[{"href":"https:\/\/construcaocivil.siriusmarketingedesign.com.br\/index.php?rest_route=\/wp\/v2\/posts\/24243","targetHints":{"allow":["GET"]}}],"collection":[{"href":"https:\/\/construcaocivil.siriusmarketingedesign.com.br\/index.php?rest_route=\/wp\/v2\/posts"}],"about":[{"href":"https:\/\/construcaocivil.siriusmarketingedesign.com.br\/index.php?rest_route=\/wp\/v2\/types\/post"}],"author":[{"embeddable":true,"href":"https:\/\/construcaocivil.siriusmarketingedesign.com.br\/index.php?rest_route=\/wp\/v2\/users\/1"}],"replies":[{"embeddable":true,"href":"https:\/\/construcaocivil.siriusmarketingedesign.com.br\/index.php?rest_route=%2Fwp%2Fv2%2Fcomments&post=24243"}],"version-history":[{"count":0,"href":"https:\/\/construcaocivil.siriusmarketingedesign.com.br\/index.php?rest_route=\/wp\/v2\/posts\/24243\/revisions"}],"wp:featuredmedia":[{"embeddable":true,"href":"https:\/\/construcaocivil.siriusmarketingedesign.com.br\/index.php?rest_route=\/wp\/v2\/media\/24244"}],"wp:attachment":[{"href":"https:\/\/construcaocivil.siriusmarketingedesign.com.br\/index.php?rest_route=%2Fwp%2Fv2%2Fmedia&parent=24243"}],"wp:term":[{"taxonomy":"category","embeddable":true,"href":"https:\/\/construcaocivil.siriusmarketingedesign.com.br\/index.php?rest_route=%2Fwp%2Fv2%2Fcategories&post=24243"},{"taxonomy":"post_tag","embeddable":true,"href":"https:\/\/construcaocivil.siriusmarketingedesign.com.br\/index.php?rest_route=%2Fwp%2Fv2%2Ftags&post=24243"}],"curies":[{"name":"wp","href":"https:\/\/api.w.org\/{rel}","templated":true}]}}