{"id":24248,"date":"2024-08-08T11:24:00","date_gmt":"2024-08-08T14:24:00","guid":{"rendered":"https:\/\/www.jornaldaconstrucaocivil.com.br\/?p=24248"},"modified":"2024-08-08T11:24:00","modified_gmt":"2024-08-08T14:24:00","slug":"moradias-populares-prazo-para-empresas-enviarem-propostas-para-construcao-de-254-casas-populares-em-foz-do-iguacu-e-prorrogado-ate-23-de-agosto","status":"publish","type":"post","link":"https:\/\/construcaocivil.siriusmarketingedesign.com.br\/?p=24248","title":{"rendered":"Moradias Populares: Prazo para empresas enviarem propostas para constru\u00e7\u00e3o de 254 casas populares em Foz do Igua\u00e7u \u00e9 prorrogado at\u00e9 23 de agosto"},"content":{"rendered":"<p style=\"text-align: justify;\"><strong><i>O projeto Moradias, uma parceria entre Itaipu, Itaipu Parquetec e Prefeitura Municipal, vai retirar fam\u00edlias em situa\u00e7\u00e3o de vulnerabilidade social de \u00e1reas de risco<\/i><\/strong><\/p>\n<div style=\"text-align: justify;\">\n<div>\n<p><span class=\"v1TextRun v1SCXW208676964 v1BCX0\" lang=\"PT-BR\" xml:lang=\"PT-BR\"><span class=\"v1NormalTextRun v1SCXW208676964 v1BCX0\">O<\/span><\/span><span class=\"v1TextRun v1SCXW208676964 v1BCX0\" lang=\"PT-BR\" xml:lang=\"PT-BR\"><span class=\"v1NormalTextRun v1SCXW208676964 v1BCX0\">\u00a0prazo para que as empresas interessadas em executar os projetos e as obras de infraestrutura de 254 unidades habitacionais em Foz do Igua\u00e7u (PR) mandem suas propostas para o Itaip<\/span><span class=\"v1NormalTextRun v1SCXW208676964 v1BCX0\">u\u00a0<\/span><span class=\"v1NormalTextRun v1SpellingErrorV2Themed v1SCXW208676964 v1BCX0\">Parquetec<\/span><span class=\"v1NormalTextRun v1SCXW208676964 v1BCX0\">, respons\u00e1vel pelo proce<\/span><span class=\"v1NormalTextRun v1SCXW208676964 v1BCX0\">sso de co<\/span><span class=\"v1NormalTextRun v1SCXW208676964 v1BCX0\">ntrata\u00e7\u00e3o<\/span><span class=\"v1NormalTextRun v1SCXW208676964 v1BCX0\">, foi prorrogado por uma semana<\/span><span class=\"v1NormalTextRun v1SCXW208676964 v1BCX0\">. A data final\u00a0<\/span><span class=\"v1NormalTextRun v1SCXW208676964 v1BCX0\">agora ficou para o\u00a0dia 23<\/span><span class=\"v1NormalTextRun v1SCXW208676964 v1BCX0\">\u00a0de agosto (<\/span><span class=\"v1NormalTextRun v1SCXW208676964 v1BCX0\">sexta-feira<\/span><span class=\"v1NormalTextRun v1SCXW208676964 v1BCX0\">).\u00a0<\/span><\/span><span class=\"v1EOP v1SCXW208676964 v1BCX0\"><\/p>\n<p><\/span><span class=\"v1TextRun v1SCXW208676964 v1BCX0\" lang=\"PT-BR\" xml:lang=\"PT-BR\"><span class=\"v1NormalTextRun v1SCXW208676964 v1BCX0\">A constru\u00e7\u00e3o das casas sustent\u00e1veis &#8211; com uso de madeira de reflorestamento certificada &#8211; faz parte do projeto Moradias, uma parceria entre a Itaipu Binacional, o Itaipu\u00a0<\/span><span class=\"v1NormalTextRun v1SpellingErrorV2Themed v1SCXW208676964 v1BCX0\">Parquetec<\/span><span class=\"v1NormalTextRun v1SCXW208676964 v1BCX0\">, a Prefeitura de Foz do Igua\u00e7u e o Instituto de Habita\u00e7\u00e3o (<\/span><span class=\"v1NormalTextRun v1SpellingErrorV2Themed v1SCXW208676964 v1BCX0\">Fozhabita<\/span><span class=\"v1NormalTextRun v1SCXW208676964 v1BCX0\">). As unidades v\u00e3o beneficiar fam\u00edlias em situa\u00e7\u00e3o de vulnerabilidade social que h\u00e1 anos residem em \u00e1reas de risco na Vila Br\u00e1s, junto ao Rio Poty, nascente do Rio\u00a0<\/span><span class=\"v1NormalTextRun v1SpellingErrorV2Themed v1SCXW208676964 v1BCX0\">Boicy<\/span><span class=\"v1NormalTextRun v1SCXW208676964 v1BCX0\">.\u00a0<\/span><\/span><span class=\"v1LineBreakBlob v1BlobObject v1DragDrop v1SCXW208676964 v1BCX0\"><span class=\"v1SCXW208676964 v1BCX0\">\u00a0<\/span><br class=\"v1SCXW208676964 v1BCX0\" \/><\/span><span class=\"v1LineBreakBlob v1BlobObject v1DragDrop v1SCXW208676964 v1BCX0\"><span class=\"v1SCXW208676964 v1BCX0\">\u00a0<\/span><br class=\"v1SCXW208676964 v1BCX0\" \/><\/span><span class=\"v1TextRun v1SCXW208676964 v1BCX0\" lang=\"PT-BR\" xml:lang=\"PT-BR\"><span class=\"v1NormalTextRun v1SCXW208676964 v1BCX0\">O processo de contrata\u00e7\u00e3o das empresas est\u00e1 publicado no site\u00a0<\/span><\/span><a class=\"v1Hyperlink v1SCXW208676964 v1BCX0\" href=\"https:\/\/portaldecompras.pti.org.br\/\" target=\"_blank\" rel=\"noopener noreferrer\"><span class=\"v1TextRun v1Underlined v1SCXW208676964 v1BCX0\" lang=\"PT-BR\" xml:lang=\"PT-BR\"><span class=\"v1NormalTextRun v1SCXW208676964 v1BCX0\">https:\/\/portaldecompras.pti.org.br<\/span><\/span><\/a><span class=\"v1TextRun v1SCXW208676964 v1BCX0\" lang=\"PT-BR\" xml:lang=\"PT-BR\"><span class=\"v1NormalTextRun v1SCXW208676964 v1BCX0\">, \u201cAvisos de Cota\u00e7\u00f5es\u201d, n\u00famero do chamado 2406250251<\/span><span class=\"v1NormalTextRun v1SCXW208676964 v1BCX0\">,<\/span><span class=\"v1NormalTextRun v1SCXW208676964 v1BCX0\">\u00a0onde est\u00e3o dispon\u00edveis mais informa\u00e7\u00f5es. As equipes do Itaipu\u00a0<\/span><span class=\"v1NormalTextRun v1SpellingErrorV2Themed v1SCXW208676964 v1BCX0\">Parquetec<\/span><span class=\"v1NormalTextRun v1SCXW208676964 v1BCX0\">\u00a0tamb\u00e9m est\u00e3o \u00e0 disposi\u00e7\u00e3o para agendar reuni\u00f5es com os interessados para\u00a0<\/span><span class=\"v1NormalTextRun v1SCXW208676964 v1BCX0\">sana<\/span><span class=\"v1NormalTextRun v1SCXW208676964 v1BCX0\">r d\u00favidas.\u00a0<\/span><\/span><span class=\"v1LineBreakBlob v1BlobObject v1DragDrop v1SCXW208676964 v1BCX0\"><span class=\"v1SCXW208676964 v1BCX0\">\u00a0<\/span><br class=\"v1SCXW208676964 v1BCX0\" \/><\/span><span class=\"v1LineBreakBlob v1BlobObject v1DragDrop v1SCXW208676964 v1BCX0\"><span class=\"v1SCXW208676964 v1BCX0\">\u00a0<\/span><br class=\"v1SCXW208676964 v1BCX0\" \/><\/span><span class=\"v1TextRun v1SCXW208676964 v1BCX0\" lang=\"PT-BR\" xml:lang=\"PT-BR\"><span class=\"v1NormalTextRun v1SCXW208676964 v1BCX0\">As empresas devem enviar as propostas at\u00e9 o dia 23 de agosto pelo<\/span>\u00a0<span class=\"v1NormalTextRun v1SCXW208676964 v1BCX0\">e-mail\u00a0<\/span><\/span><a class=\"v1Hyperlink v1SCXW208676964 v1BCX0\" href=\"mailto:avaliacao.competitiva@pti.org.br\" rel=\"noreferrer\"><span class=\"v1TextRun v1Underlined v1SCXW208676964 v1BCX0\" lang=\"PT-BR\" xml:lang=\"PT-BR\"><span class=\"v1NormalTextRun v1SCXW208676964 v1BCX0\">avaliacao.competitiva@pti.org.br<\/span><\/span><\/a><span class=\"v1TextRun v1SCXW208676964 v1BCX0\" lang=\"PT-BR\" xml:lang=\"PT-BR\"><span class=\"v1NormalTextRun v1SCXW208676964 v1BCX0\">.<\/span><span class=\"v1NormalTextRun v1SCXW208676964 v1BCX0\">\u00a0Por este mesmo canal, \u00e9 poss\u00edvel solicitar o agendamento de reuni\u00f5es para esclarecimentos.\u00a0<\/span><\/span><span class=\"v1LineBreakBlob v1BlobObject v1DragDrop v1SCXW208676964 v1BCX0\"><span class=\"v1SCXW208676964 v1BCX0\">\u00a0<\/span><br class=\"v1SCXW208676964 v1BCX0\" \/><\/span><span class=\"v1LineBreakBlob v1BlobObject v1DragDrop v1SCXW208676964 v1BCX0\"><span class=\"v1SCXW208676964 v1BCX0\">\u00a0<\/span><br class=\"v1SCXW208676964 v1BCX0\" \/><\/span><strong><span class=\"v1TextRun v1SCXW208676964 v1BCX0\" lang=\"PT-BR\" xml:lang=\"PT-BR\"><span class=\"v1NormalTextRun v1SCXW208676964 v1BCX0\">Obras<\/span><\/span><span class=\"v1LineBreakBlob v1BlobObject v1DragDrop v1SCXW208676964 v1BCX0\"><span class=\"v1SCXW208676964 v1BCX0\">\u00a0<\/span><br class=\"v1SCXW208676964 v1BCX0\" \/><\/span><\/strong><span class=\"v1LineBreakBlob v1BlobObject v1DragDrop v1SCXW208676964 v1BCX0\"><strong><span class=\"v1SCXW208676964 v1BCX0\">\u00a0<\/span><\/strong><br class=\"v1SCXW208676964 v1BCX0\" \/><\/span><span class=\"v1TextRun v1SCXW208676964 v1BCX0\" lang=\"PT-BR\" xml:lang=\"PT-BR\"><span class=\"v1NormalTextRun v1SCXW208676964 v1BCX0\">As unidades ser\u00e3o constru\u00eddas em \u00e1reas distintas, com um total aproximado de 55 mil metros quadrados, na regi\u00e3o do Tr\u00eas Bandeiras, pr\u00f3xima \u00e0 Vila Br\u00e1s.\u00a0<\/span><\/span><span class=\"v1EOP v1SCXW208676964 v1BCX0\"><\/p>\n<p><\/span><span class=\"v1TextRun v1SCXW208676964 v1BCX0\" lang=\"PT-BR\" xml:lang=\"PT-BR\"><span class=\"v1NormalTextRun v1SCXW208676964 v1BCX0\">O desenvolvimento da obra est\u00e1 previsto em tr\u00eas fases distintas: a primeira \u00e9 a elabora\u00e7\u00e3o dos projetos executivos da edifica\u00e7\u00e3o; seguida pela execu\u00e7\u00e3o das obras de infraestrutura do loteamento; e, por fim, a execu\u00e7\u00e3o das obras das edifica\u00e7\u00f5es. A expectativa \u00e9 que as primeiras unidades sejam entregues no primeiro semestre de 2025.<br \/>\n<\/span><\/span><span class=\"v1LineBreakBlob v1BlobObject v1DragDrop v1SCXW208676964 v1BCX0\"><br class=\"v1SCXW208676964 v1BCX0\" \/><\/span><span class=\"v1TextRun v1SCXW208676964 v1BCX0\" lang=\"PT-BR\" xml:lang=\"PT-BR\"><span class=\"v1NormalTextRun v1SCXW208676964 v1BCX0\">As casas ter\u00e3o o padr\u00e3o do Programa Minha Casa, Minha Vida, do Governo Federal, e ser\u00e3o edificadas por meio da constru\u00e7\u00e3o industrializada em madeira, com uso de madeira de reflorestamento certificada. A tecnologia garante redu\u00e7\u00e3o do impacto ambiental e agilidade ao acesso\u00a0<\/span><span class=\"v1NormalTextRun v1SCXW208676964 v1BCX0\">\u00e0 moradia<\/span><span class=\"v1NormalTextRun v1SCXW208676964 v1BCX0\">, com versatilidade arquitet\u00f4nica, efici\u00eancia no isolamento t\u00e9rmico e ac\u00fastico, durabilidade, resist\u00eancia e melhor rela\u00e7\u00e3o custo-benef\u00edcio.<\/span><\/span><span class=\"v1EOP v1SCXW208676964 v1BCX0\"><\/p>\n<p><\/span><strong><span class=\"v1TextRun v1SCXW208676964 v1BCX0\" lang=\"PT-BR\" xml:lang=\"PT-BR\"><span class=\"v1NormalTextRun v1SCXW208676964 v1BCX0\">Recupera\u00e7\u00e3o ambiental\u00a0<\/span><\/span><span class=\"v1LineBreakBlob v1BlobObject v1DragDrop v1SCXW208676964 v1BCX0\"><span class=\"v1SCXW208676964 v1BCX0\">\u00a0<\/span><br class=\"v1SCXW208676964 v1BCX0\" \/><\/span><\/strong><span class=\"v1LineBreakBlob v1BlobObject v1DragDrop v1SCXW208676964 v1BCX0\"><span class=\"v1SCXW208676964 v1BCX0\">\u00a0<\/span><br class=\"v1SCXW208676964 v1BCX0\" \/><\/span><span class=\"v1TextRun v1SCXW208676964 v1BCX0\" lang=\"PT-BR\" xml:lang=\"PT-BR\"><span class=\"v1NormalTextRun v1SCXW208676964 v1BCX0\">Assim que as fam\u00edlias que atualmente residem \u00e0s margens do Rio Poty forem realocadas, o projeto Moradias prev\u00ea tamb\u00e9m a recupera\u00e7\u00e3o ambiental do c\u00f3rrego, contribuindo para a recupera\u00e7\u00e3o do manancial e do espa\u00e7o onde est\u00e1 localizado, considerada \u00e1rea de preserva\u00e7\u00e3o permanente.\u00a0<\/span><\/span><span class=\"v1LineBreakBlob v1BlobObject v1DragDrop v1SCXW208676964 v1BCX0\"><span class=\"v1SCXW208676964 v1BCX0\">\u00a0<\/span><br class=\"v1SCXW208676964 v1BCX0\" \/><\/span><span class=\"v1LineBreakBlob v1BlobObject v1DragDrop v1SCXW208676964 v1BCX0\"><span class=\"v1SCXW208676964 v1BCX0\">\u00a0<\/span><br class=\"v1SCXW208676964 v1BCX0\" \/><\/span><span class=\"v1TextRun v1SCXW208676964 v1BCX0\" lang=\"PT-BR\" xml:lang=\"PT-BR\"><span class=\"v1NormalTextRun v1SCXW208676964 v1BCX0\">\u201c\u00c9 um projeto muito importante, que segue a pol\u00edtica habitacional do Governo Federal, e busca dar uma moradia digna para fam\u00edlias que moram em \u00e1reas de risco. O lugar onde essas fam\u00edlias vivem hoje \u00e9 perigoso, al\u00e9m de prejudicial ao meio ambiente. Ent\u00e3o, estamos solucionando dois problemas ao mesmo tempo\u201d, afirmou o diretor-geral brasileiro da Itaipu,\u00a0<\/span><span class=\"v1NormalTextRun v1SpellingErrorV2Themed v1SCXW208676964 v1BCX0\">Enio<\/span><span class=\"v1NormalTextRun v1SCXW208676964 v1BCX0\">\u00a0Verri.<\/span><\/span><span class=\"v1EOP v1SCXW208676964 v1BCX0\"><\/p>\n<p><\/span><span class=\"v1TextRun v1SCXW208676964 v1BCX0\" lang=\"PT-BR\" xml:lang=\"PT-BR\"><span class=\"v1NormalTextRun v1SCXW208676964 v1BCX0\">Conforme o diretor superintendente do Itaipu\u00a0<\/span><span class=\"v1NormalTextRun v1SpellingErrorV2Themed v1SCXW208676964 v1BCX0\">Parquetec<\/span><span class=\"v1NormalTextRun v1SCXW208676964 v1BCX0\">, Irineu Colombo, o projeto Moradias \u00e9 um s\u00edmbolo da miss\u00e3o da institui\u00e7\u00e3o, de transformar conhecimento e inova\u00e7\u00e3o em bem-estar social.\u00a0 &#8220;Temos uma equipe altamente capacitada que atua nas mais variadas etapas do processo da constru\u00e7\u00e3o civil, visando resultados de excel\u00eancia. Utilizando no Moradias o sistema\u00a0<\/span><span class=\"v1NormalTextRun v1SpellingErrorV2Themed v1SCXW208676964 v1BCX0\">wood<\/span><span class=\"v1NormalTextRun v1SCXW208676964 v1BCX0\">\u00a0frame, com madeira proveniente de reflorestamento, al\u00e9m de maior sustentabilidade, temos in\u00fameros benef\u00edcios como agilidade, efici\u00eancia energ\u00e9tica e qualidade, o que sem d\u00favida poder\u00e1 ser replicado em outros projetos futuros&#8221;, destacou o diretor.<\/p>\n<p><\/span><\/span><strong><span class=\"v1TextRun v1SCXW208676964 v1BCX0\" lang=\"PT-BR\" xml:lang=\"PT-BR\"><span class=\"v1NormalTextRun v1SCXW208676964 v1BCX0\">Investimento<\/span><\/span><span class=\"v1LineBreakBlob v1BlobObject v1DragDrop v1SCXW208676964 v1BCX0\"><span class=\"v1SCXW208676964 v1BCX0\">\u00a0<\/span><br class=\"v1SCXW208676964 v1BCX0\" \/><\/span><\/strong><span class=\"v1LineBreakBlob v1BlobObject v1DragDrop v1SCXW208676964 v1BCX0\"><span class=\"v1SCXW208676964 v1BCX0\">\u00a0<\/span><br class=\"v1SCXW208676964 v1BCX0\" \/><\/span><span class=\"v1TextRun v1SCXW208676964 v1BCX0\" lang=\"PT-BR\" xml:lang=\"PT-BR\"><span class=\"v1NormalTextRun v1SCXW208676964 v1BCX0\">O Projeto Moradias recebeu recursos de leil\u00f5es de casas da Vila A. Os terrenos foram contrapartida do Munic\u00edpio \u2013 parte dessa \u00e1rea foi doada pela Secretaria do Patrim\u00f4nio da Uni\u00e3o \u00e0 prefeitura. O\u00a0<\/span><span class=\"v1NormalTextRun v1SpellingErrorV2Themed v1SCXW208676964 v1BCX0\">Fozhabita<\/span><span class=\"v1NormalTextRun v1SCXW208676964 v1BCX0\">\u00a0vem atuando no trabalho t\u00e9cnico social e cadastro das fam\u00edlias beneficiadas.<\/span><\/span><span class=\"v1EOP v1SCXW208676964 v1BCX0\">\u00a0<\/span><\/p>\n<\/div>\n<\/div>\n<div style=\"text-align: justify;\"><\/div>\n","protected":false},"excerpt":{"rendered":"<p>O projeto Moradias, uma parceria entre Itaipu, Itaipu Parquetec e Prefeitura Municipal, vai retirar fam\u00edlias em situa\u00e7\u00e3o de vulnerabilidade social de \u00e1reas de risco O\u00a0prazo para que as empresas interessadas em executar os projetos e as obras de infraestrutura de 254 unidades habitacionais em Foz do Igua\u00e7u (PR) mandem suas propostas para o Itaipu\u00a0Parquetec, respons\u00e1vel [&hellip;]<\/p>\n","protected":false},"author":1,"featured_media":24249,"comment_status":"open","ping_status":"open","sticky":false,"template":"","format":"standard","meta":{"_uag_custom_page_level_css":"","footnotes":""},"categories":[30],"tags":[26792,26791,13248,26790,19103,26793],"class_list":["post-24248","post","type-post","status-publish","format-standard","has-post-thumbnail","hentry","category-imoveis","tag-bairro-vila-bras","tag-edital-construtoras","tag-foz-do-iguacu-parana","tag-itaipu-parquete","tag-moradias-populares","tag-projeto-moradias"],"blocksy_meta":[],"spectra_blocks_featured_image_url":{"thumbnail":{"url":"https:\/\/construcaocivil.siriusmarketingedesign.com.br\/wp-content\/uploads\/2024\/08\/Vila-Bras-2--150x150.jpg","width":150,"height":150},"medium":{"url":"https:\/\/construcaocivil.siriusmarketingedesign.com.br\/wp-content\/uploads\/2024\/08\/Vila-Bras-2--300x197.jpg","width":300,"height":197},"medium_large":{"url":"https:\/\/construcaocivil.siriusmarketingedesign.com.br\/wp-content\/uploads\/2024\/08\/Vila-Bras-2--768x504.jpg","width":768,"height":504},"large":{"url":"https:\/\/construcaocivil.siriusmarketingedesign.com.br\/wp-content\/uploads\/2024\/08\/Vila-Bras-2-.jpg","width":894,"height":587},"full":{"url":"https:\/\/construcaocivil.siriusmarketingedesign.com.br\/wp-content\/uploads\/2024\/08\/Vila-Bras-2-.jpg","width":894,"height":587}},"spectra_blocks_author_info":{"display_name":"Jornal da Constru\u00e7\u00e3o Civil","avatar_url":"https:\/\/secure.gravatar.com\/avatar\/973c9774fd44ddaceb026973c4962faa70fc512bc4c9da68e8ebb40fecee6540?s=96&d=mm&r=g","author_link":"https:\/\/construcaocivil.siriusmarketingedesign.com.br\/?author=1","description":"Desde de 2013, levando muitas informa\u00e7\u00f5es, lan\u00e7amentos e produtos de qualidade para toda cadeia produtiva da constru\u00e7\u00e3o. O Futuro da constru\u00e7\u00e3o passa por aqui,"},"uagb_featured_image_src":{"full":["https:\/\/construcaocivil.siriusmarketingedesign.com.br\/wp-content\/uploads\/2024\/08\/Vila-Bras-2-.jpg",894,587,false],"thumbnail":["https:\/\/construcaocivil.siriusmarketingedesign.com.br\/wp-content\/uploads\/2024\/08\/Vila-Bras-2--150x150.jpg",150,150,true],"medium":["https:\/\/construcaocivil.siriusmarketingedesign.com.br\/wp-content\/uploads\/2024\/08\/Vila-Bras-2--300x197.jpg",300,197,true],"medium_large":["https:\/\/construcaocivil.siriusmarketingedesign.com.br\/wp-content\/uploads\/2024\/08\/Vila-Bras-2--768x504.jpg",768,504,true],"large":["https:\/\/construcaocivil.siriusmarketingedesign.com.br\/wp-content\/uploads\/2024\/08\/Vila-Bras-2-.jpg",894,587,false],"1536x1536":["https:\/\/construcaocivil.siriusmarketingedesign.com.br\/wp-content\/uploads\/2024\/08\/Vila-Bras-2-.jpg",894,587,false],"2048x2048":["https:\/\/construcaocivil.siriusmarketingedesign.com.br\/wp-content\/uploads\/2024\/08\/Vila-Bras-2-.jpg",894,587,false]},"uagb_author_info":{"display_name":"Jornal da Constru\u00e7\u00e3o Civil","author_link":"https:\/\/construcaocivil.siriusmarketingedesign.com.br\/?author=1"},"uagb_comment_info":0,"uagb_excerpt":"O projeto Moradias, uma parceria entre Itaipu, Itaipu Parquetec e Prefeitura Municipal, vai retirar fam\u00edlias em situa\u00e7\u00e3o de vulnerabilidade social de \u00e1reas de risco O\u00a0prazo para que as empresas interessadas em executar os projetos e as obras de infraestrutura de 254 unidades habitacionais em Foz do Igua\u00e7u (PR) mandem suas propostas para o Itaipu\u00a0Parquetec, respons\u00e1vel&hellip;","_links":{"self":[{"href":"https:\/\/construcaocivil.siriusmarketingedesign.com.br\/index.php?rest_route=\/wp\/v2\/posts\/24248","targetHints":{"allow":["GET"]}}],"collection":[{"href":"https:\/\/construcaocivil.siriusmarketingedesign.com.br\/index.php?rest_route=\/wp\/v2\/posts"}],"about":[{"href":"https:\/\/construcaocivil.siriusmarketingedesign.com.br\/index.php?rest_route=\/wp\/v2\/types\/post"}],"author":[{"embeddable":true,"href":"https:\/\/construcaocivil.siriusmarketingedesign.com.br\/index.php?rest_route=\/wp\/v2\/users\/1"}],"replies":[{"embeddable":true,"href":"https:\/\/construcaocivil.siriusmarketingedesign.com.br\/index.php?rest_route=%2Fwp%2Fv2%2Fcomments&post=24248"}],"version-history":[{"count":0,"href":"https:\/\/construcaocivil.siriusmarketingedesign.com.br\/index.php?rest_route=\/wp\/v2\/posts\/24248\/revisions"}],"wp:featuredmedia":[{"embeddable":true,"href":"https:\/\/construcaocivil.siriusmarketingedesign.com.br\/index.php?rest_route=\/wp\/v2\/media\/24249"}],"wp:attachment":[{"href":"https:\/\/construcaocivil.siriusmarketingedesign.com.br\/index.php?rest_route=%2Fwp%2Fv2%2Fmedia&parent=24248"}],"wp:term":[{"taxonomy":"category","embeddable":true,"href":"https:\/\/construcaocivil.siriusmarketingedesign.com.br\/index.php?rest_route=%2Fwp%2Fv2%2Fcategories&post=24248"},{"taxonomy":"post_tag","embeddable":true,"href":"https:\/\/construcaocivil.siriusmarketingedesign.com.br\/index.php?rest_route=%2Fwp%2Fv2%2Ftags&post=24248"}],"curies":[{"name":"wp","href":"https:\/\/api.w.org\/{rel}","templated":true}]}}