{"id":24267,"date":"2024-08-13T14:12:56","date_gmt":"2024-08-13T17:12:56","guid":{"rendered":"https:\/\/www.jornaldaconstrucaocivil.com.br\/?p=24267"},"modified":"2024-08-13T14:12:56","modified_gmt":"2024-08-13T17:12:56","slug":"engie-da-inicio-a-operacao-comercial-do-conjunto-eolico-serra-do-assurua-na-bahia","status":"publish","type":"post","link":"https:\/\/construcaocivil.siriusmarketingedesign.com.br\/?p=24267","title":{"rendered":"ENGIE d\u00e1 in\u00edcio \u00e0 opera\u00e7\u00e3o comercial do Conjunto E\u00f3lico Serra do Assuru\u00e1, na Bahia"},"content":{"rendered":"<p><strong><i>Primeiras 15 unidades geradoras est\u00e3o operando comercialmente, representando 8% da capacidade instalada total<\/i><\/strong><\/p>\n<div>\n<p>O Conjunto E\u00f3lico Serra do Assuru\u00e1, investimento da ENGIE Brasil Energia em Gentio do Ouro, na Bahia, est\u00e1 operando comercialmente. As primeiras 15 unidades geradoras iniciaram a opera\u00e7\u00e3o comercial nesta ter\u00e7a-feira, dia 6 de agosto, ap\u00f3s autoriza\u00e7\u00e3o da Ag\u00eancia Nacional de Energia El\u00e9trica (Aneel).<\/p>\n<p>Esta primeira ativa\u00e7\u00e3o comercial representa 8% da capacidade instalada total. O Conjunto Serra do Assuru\u00e1 ser\u00e1 composto por 24 parques e\u00f3licos, com 188 aerogeradores e capacidade instalada total de 846 MW.<\/p>\n<p>\u201cCom investimento total da ordem de R$ 6 bilh\u00f5es e gera\u00e7\u00e3o de cerca de 3.000 empregos diretos e indiretos, o in\u00edcio da opera\u00e7\u00e3o comercial das primeiras unidades de Serra do Assuru\u00e1 \u00e9 resultado da combina\u00e7\u00e3o entre disciplina financeira e capacidade de execu\u00e7\u00e3o dos projetos da Companhia\u201d, comentou Eduardo Takamori, Diretor Financeiro e de Rela\u00e7\u00f5es com Investidores.<\/p>\n<p>\u201cO in\u00edcio antecipado da opera\u00e7\u00e3o comercial de Serra do Assuru\u00e1 \u00e9 um marco na implanta\u00e7\u00e3o de um dos maiores projetos de energia e\u00f3lica j\u00e1 constru\u00eddos em fase \u00fanica pelo Grupo ENGIE no Brasil e no mundo, com conclus\u00e3o prevista at\u00e9 o final de 2025. Seguimos entregando a nossa estrat\u00e9gia de crescimento em energia renov\u00e1vel no pa\u00eds e o nosso compromisso de gera\u00e7\u00e3o de valor para acionistas e clientes\u201d, destaca o Diretor-Presidente da Companhia, Eduardo Sattamini.<\/p>\n<p>O Conjunto E\u00f3lico Serra do Assuru\u00e1 iniciou a fase de implanta\u00e7\u00e3o em mar\u00e7o de 2023. Este \u00e9 o quarto Conjunto E\u00f3lico da ENGIE na Bahia, onde a Companhia j\u00e1 opera comercialmente os Conjuntos E\u00f3licos Umburanas, Campo Largo 1 e Campo Largo 2, nas cidades de Sento S\u00e9 e Umburanas, que juntos ultrapassam 1 GW de pot\u00eancia instalada.<\/p>\n<\/div>\n","protected":false},"excerpt":{"rendered":"<p>Primeiras 15 unidades geradoras est\u00e3o operando comercialmente, representando 8% da capacidade instalada total O Conjunto E\u00f3lico Serra do Assuru\u00e1, investimento da ENGIE Brasil Energia em Gentio do Ouro, na Bahia, est\u00e1 operando comercialmente. As primeiras 15 unidades geradoras iniciaram a opera\u00e7\u00e3o comercial nesta ter\u00e7a-feira, dia 6 de agosto, ap\u00f3s autoriza\u00e7\u00e3o da Ag\u00eancia Nacional de Energia [&hellip;]<\/p>\n","protected":false},"author":1,"featured_media":24269,"comment_status":"open","ping_status":"open","sticky":false,"template":"","format":"standard","meta":{"_uag_custom_page_level_css":"","footnotes":""},"categories":[29],"tags":[725,1165,26809,4299,14163],"class_list":["post-24267","post","type-post","status-publish","format-standard","has-post-thumbnail","hentry","category-energia","tag-aneel","tag-bahia","tag-conjunto-eolico-serra-do-assurua","tag-energia-eolica","tag-engie"],"blocksy_meta":[],"spectra_blocks_featured_image_url":{"thumbnail":{"url":"https:\/\/construcaocivil.siriusmarketingedesign.com.br\/wp-content\/uploads\/2024\/08\/b1d4293cdf829eba4c46de145642a736-150x150.jpg","width":150,"height":150},"medium":{"url":"https:\/\/construcaocivil.siriusmarketingedesign.com.br\/wp-content\/uploads\/2024\/08\/b1d4293cdf829eba4c46de145642a736-300x169.jpg","width":300,"height":169},"medium_large":{"url":"https:\/\/construcaocivil.siriusmarketingedesign.com.br\/wp-content\/uploads\/2024\/08\/b1d4293cdf829eba4c46de145642a736-768x432.jpg","width":768,"height":432},"large":{"url":"https:\/\/construcaocivil.siriusmarketingedesign.com.br\/wp-content\/uploads\/2024\/08\/b1d4293cdf829eba4c46de145642a736-1024x576.jpg","width":1024,"height":576},"full":{"url":"https:\/\/construcaocivil.siriusmarketingedesign.com.br\/wp-content\/uploads\/2024\/08\/b1d4293cdf829eba4c46de145642a736-scaled.jpg","width":2560,"height":1440}},"spectra_blocks_author_info":{"display_name":"Jornal da Constru\u00e7\u00e3o Civil","avatar_url":"https:\/\/secure.gravatar.com\/avatar\/973c9774fd44ddaceb026973c4962faa70fc512bc4c9da68e8ebb40fecee6540?s=96&d=mm&r=g","author_link":"https:\/\/construcaocivil.siriusmarketingedesign.com.br\/?author=1","description":"Desde de 2013, levando muitas informa\u00e7\u00f5es, lan\u00e7amentos e produtos de qualidade para toda cadeia produtiva da constru\u00e7\u00e3o. O Futuro da constru\u00e7\u00e3o passa por aqui,"},"uagb_featured_image_src":{"full":["https:\/\/construcaocivil.siriusmarketingedesign.com.br\/wp-content\/uploads\/2024\/08\/b1d4293cdf829eba4c46de145642a736-scaled.jpg",2560,1440,false],"thumbnail":["https:\/\/construcaocivil.siriusmarketingedesign.com.br\/wp-content\/uploads\/2024\/08\/b1d4293cdf829eba4c46de145642a736-150x150.jpg",150,150,true],"medium":["https:\/\/construcaocivil.siriusmarketingedesign.com.br\/wp-content\/uploads\/2024\/08\/b1d4293cdf829eba4c46de145642a736-300x169.jpg",300,169,true],"medium_large":["https:\/\/construcaocivil.siriusmarketingedesign.com.br\/wp-content\/uploads\/2024\/08\/b1d4293cdf829eba4c46de145642a736-768x432.jpg",768,432,true],"large":["https:\/\/construcaocivil.siriusmarketingedesign.com.br\/wp-content\/uploads\/2024\/08\/b1d4293cdf829eba4c46de145642a736-1024x576.jpg",1024,576,true],"1536x1536":["https:\/\/construcaocivil.siriusmarketingedesign.com.br\/wp-content\/uploads\/2024\/08\/b1d4293cdf829eba4c46de145642a736-1536x864.jpg",1536,864,true],"2048x2048":["https:\/\/construcaocivil.siriusmarketingedesign.com.br\/wp-content\/uploads\/2024\/08\/b1d4293cdf829eba4c46de145642a736-2048x1152.jpg",2048,1152,true]},"uagb_author_info":{"display_name":"Jornal da Constru\u00e7\u00e3o Civil","author_link":"https:\/\/construcaocivil.siriusmarketingedesign.com.br\/?author=1"},"uagb_comment_info":0,"uagb_excerpt":"Primeiras 15 unidades geradoras est\u00e3o operando comercialmente, representando 8% da capacidade instalada total O Conjunto E\u00f3lico Serra do Assuru\u00e1, investimento da ENGIE Brasil Energia em Gentio do Ouro, na Bahia, est\u00e1 operando comercialmente. As primeiras 15 unidades geradoras iniciaram a opera\u00e7\u00e3o comercial nesta ter\u00e7a-feira, dia 6 de agosto, ap\u00f3s autoriza\u00e7\u00e3o da Ag\u00eancia Nacional de Energia&hellip;","_links":{"self":[{"href":"https:\/\/construcaocivil.siriusmarketingedesign.com.br\/index.php?rest_route=\/wp\/v2\/posts\/24267","targetHints":{"allow":["GET"]}}],"collection":[{"href":"https:\/\/construcaocivil.siriusmarketingedesign.com.br\/index.php?rest_route=\/wp\/v2\/posts"}],"about":[{"href":"https:\/\/construcaocivil.siriusmarketingedesign.com.br\/index.php?rest_route=\/wp\/v2\/types\/post"}],"author":[{"embeddable":true,"href":"https:\/\/construcaocivil.siriusmarketingedesign.com.br\/index.php?rest_route=\/wp\/v2\/users\/1"}],"replies":[{"embeddable":true,"href":"https:\/\/construcaocivil.siriusmarketingedesign.com.br\/index.php?rest_route=%2Fwp%2Fv2%2Fcomments&post=24267"}],"version-history":[{"count":0,"href":"https:\/\/construcaocivil.siriusmarketingedesign.com.br\/index.php?rest_route=\/wp\/v2\/posts\/24267\/revisions"}],"wp:featuredmedia":[{"embeddable":true,"href":"https:\/\/construcaocivil.siriusmarketingedesign.com.br\/index.php?rest_route=\/wp\/v2\/media\/24269"}],"wp:attachment":[{"href":"https:\/\/construcaocivil.siriusmarketingedesign.com.br\/index.php?rest_route=%2Fwp%2Fv2%2Fmedia&parent=24267"}],"wp:term":[{"taxonomy":"category","embeddable":true,"href":"https:\/\/construcaocivil.siriusmarketingedesign.com.br\/index.php?rest_route=%2Fwp%2Fv2%2Fcategories&post=24267"},{"taxonomy":"post_tag","embeddable":true,"href":"https:\/\/construcaocivil.siriusmarketingedesign.com.br\/index.php?rest_route=%2Fwp%2Fv2%2Ftags&post=24267"}],"curies":[{"name":"wp","href":"https:\/\/api.w.org\/{rel}","templated":true}]}}