{"id":2427,"date":"2016-07-04T17:11:54","date_gmt":"2016-07-04T17:11:54","guid":{"rendered":"http:\/\/www.jornaldaconstrucaocivil.com.br\/?p=2427"},"modified":"2016-07-04T17:11:54","modified_gmt":"2016-07-04T17:11:54","slug":"camara-brasil-alemanha-realiza-i-seminario-brasil-alemanha-de-mineracao-e-recursos-minerais","status":"publish","type":"post","link":"https:\/\/construcaocivil.siriusmarketingedesign.com.br\/?p=2427","title":{"rendered":"C\u00e2mara Brasil-Alemanha realiza I Semin\u00e1rio Brasil-Alemanha de Minera\u00e7\u00e3o e Recursos Minerais"},"content":{"rendered":"<p><span style=\"color: #000080;\"><em><strong>Oportunidades de neg\u00f3cios e tecnologias alem\u00e3s para o futuro da Minera\u00e7\u00e3o no Brasil<\/strong><\/em><\/span><\/p>\n<p><span style=\"color: #000000;\">Visando discutir os desafios atuais e as poss\u00edveis solu\u00e7\u00f5es na \u00e1rea da Minera\u00e7\u00e3o no Brasil, a C\u00e2mara de Com\u00e9rcio e Ind\u00fastria Brasil-Alemanha realiza, por meio do seu Centro de Compet\u00eancia de Minera\u00e7\u00e3o e Recursos Minerais, o\u00a0<em><strong>I Semin\u00e1rio Brasil-Alemanha de Minera\u00e7\u00e3o e Recursos Minerais: Oportunidades de neg\u00f3cios e tecnologias alem\u00e3s para o futuro da Minera\u00e7\u00e3o no Brasil<\/strong><\/em>, no dia 9 de agosto, no Hotel Ouro Minas, em Belo Horizonte (MG).<\/span><\/p>\n<figure id=\"attachment_2429\" aria-describedby=\"caption-attachment-2429\" style=\"width: 300px\" class=\"wp-caption alignleft\"><a href=\"http:\/\/www.jornaldaconstrucaocivil.com.br\/wp-content\/uploads\/2016\/07\/VULKAN-OK.jpg\"><img loading=\"lazy\" decoding=\"async\" class=\"wp-image-2429 size-medium\" src=\"http:\/\/www.jornaldaconstrucaocivil.com.br\/wp-content\/uploads\/2016\/07\/VULKAN-OK-300x200.jpg\" alt=\"VULKAN OK\" width=\"300\" height=\"200\" \/><\/a><figcaption id=\"caption-attachment-2429\" class=\"wp-caption-text\"><span style=\"color: #ff0000;\">Foto: Divulga\u00e7\u00e3o Vulkan \/ Recuperadora de Min\u00e9rios<\/span><\/figcaption><\/figure>\n<p><span style=\"color: #000000;\">O evento reunir\u00e1 especialistas brasileiros e alem\u00e3es, que colocar\u00e3o em pauta solu\u00e7\u00f5es tecnol\u00f3gicas e inovadoras para o futuro do setor, como por exemplo a redu\u00e7\u00e3o do uso de \u00e1gua e efici\u00eancia energ\u00e9tica, assim como temas relacionados \u00e0 seguran\u00e7a operacional e a recupera\u00e7\u00e3o de \u00e1reas degradadas. A abertura do Semin\u00e1rio contar\u00e1 com a presen\u00e7a de Dirk Brengelmann, embaixador da Rep\u00fablica Federal da Alemanha no Brasil; de Marco Ant\u00f4nio Castello Branco, diretor-presidente da Codemig (Companhia de Desenvolvimento Econ\u00f4mico de Minas Gerais);\u00a0 do Dr. Reinhold Festge, s\u00f3cio-gerente da Haver &amp; Boecker, presidente da VDMA (<em>Verband Deutscher Maschinen- und Anlagenbau<\/em>\u00a0&#8211; Associa\u00e7\u00e3o dos Fabricantes Alem\u00e3es de M\u00e1quinas e Equipamentos) e presidente da LAI (Iniciativa Econ\u00f4mica Alem\u00e3 para a Am\u00e9rica Latina), e de Thomas Timm, vice-presidente executivo da C\u00e2mara de Com\u00e9rcio e Ind\u00fastria Brasil-Alemanha.<\/span><\/p>\n<p><span style=\"color: #000000;\">O Semin\u00e1rio contar\u00e1 com pain\u00e9is que focar\u00e3o o atual panorama econ\u00f4mico-pol\u00edtico e jur\u00eddico no setor da Minera\u00e7\u00e3o brasileira, assim como exemplos de oportunidades de neg\u00f3cios em torno do\u00a0<em>core business<\/em>\u00a0da minera\u00e7\u00e3o, os \u00faltimos desenvolvimentos tecnol\u00f3gicos do setor na Alemanha e produtos que s\u00e3o resultados de parcerias tecnol\u00f3gicas entre os dois pa\u00edses. O evento acontece em Belo Horizonte das 8h30 \u00e0s 19h, com coquetel de encerramento. Todas as palestras receber\u00e3o tradu\u00e7\u00e3o simult\u00e2nea portugu\u00eas-alem\u00e3o.<\/span><\/p>\n<p><span style=\"color: #000000;\">Al\u00e9m disso, paralelamente ao Semin\u00e1rio, acontecer\u00e1 um\u00a0<em>matchmaking<\/em>\u00a0entre fornecedores de tecnologia e clientes brasileiros (das 9h30 \u00e0s 18h). Empresas interessadas em participar devem entrar em contato diretamente pelo <\/span><\/p>\n<p><span style=\"color: #000000;\">e-mail<span style=\"color: #0000ff;\">\u00a0<a style=\"color: #0000ff;\" href=\"mailto:rohstoffe@ahkbrasil.com\">rohstoffe@ahkbrasil.com<\/a><\/span>.<\/span><\/p>\n<p><span style=\"color: #000000;\">O p\u00fablico-alvo do evento s\u00e3o representantes das empresas mineradoras, das institui\u00e7\u00f5es p\u00fablicas da \u00e1rea de minera\u00e7\u00e3o, as empresas associadas \u00e0 C\u00e2mara Brasil-Alemanha e empresas da Alemanha do setor interessadas no Brasil. \u00a0 \u00a0 \u00a0 \u00a0 \u00a0<\/span><\/p>\n<p><span style=\"color: #000000;\">O evento, que tem patroc\u00ednio da Vulkan, conta com o apoio do MME (Minist\u00e9rio de Minas e Energia do Brasil) e do IBRAM (Instituto Brasileiro de Minera\u00e7\u00e3o). As inscri\u00e7\u00f5es v\u00e3o at\u00e9 o dia 5 de agosto e h\u00e1 limite de participantes.<\/span><\/p>\n<p><span style=\"color: #000000;\"><strong>Sobre o Centro de Compet\u00eancia de Minera\u00e7\u00e3o e Recursos Minerais<\/strong><\/span><br \/>\n<span style=\"color: #000000;\"> Oficialmente inaugurado em 19 de setembro de 2015 pelo vice-ministro do BMWi Matthias Machnig, o Centro de Compet\u00eancia \u00e9 coordenado por Alessandro Colucci, especialista em Minera\u00e7\u00e3o e Recursos Minerais, que durante 12 anos atuou como assessor nas associa\u00e7\u00f5es profissionais Mining, bem como M\u00e1quinas para Constru\u00e7\u00e3o Civil e Materiais de Constru\u00e7\u00e3o da Associa\u00e7\u00e3o dos Fabricantes Alem\u00e3es de M\u00e1quinas e Equipamentos (VDMA).<\/span><\/p>\n<p><span style=\"color: #000000;\">O Centro de Compet\u00eancia, montado no Brasil ap\u00f3s autoriza\u00e7\u00e3o do Minist\u00e9rio da Economia e Energia da Alemanha (BMWi), articula a ind\u00fastria alem\u00e3 com a ind\u00fastria extrativa brasileira. Nesse contexto, disponibiliza os seguintes servi\u00e7os: organiza\u00e7\u00e3o de\/participa\u00e7\u00e3o em eventos t\u00e9cnicos, estudos de mercado, apoio em contatos com \u00f3rg\u00e3os p\u00fablicos e empresas, intermedia\u00e7\u00e3o de parceiros de neg\u00f3cios, viagens para participa\u00e7\u00e3o em feiras e viagens de delega\u00e7\u00f5es.<\/span><\/p>\n<p><span style=\"color: #000000;\">Parte de uma rede mundial, tamb\u00e9m existem Centros de Compet\u00eancia de Minera\u00e7\u00e3o e Recursos Minerais, al\u00e9m do Brasil, nas C\u00e2maras bilaterais na \u00c1frica do Sul, na Austr\u00e1lia, no Canad\u00e1, no Chile e no Peru.<\/span><\/p>\n<p><span style=\"color: #ff0000;\"><strong><u>Servi\u00e7o<\/u><\/strong><\/span><br \/>\n<span style=\"color: #000000;\"> <strong>I Semin\u00e1rio Brasil-Alemanha de Minera\u00e7\u00e3o e Recursos Minerais: Oportunidades de neg\u00f3cios e tecnologias alem\u00e3s para o futuro da Minera\u00e7\u00e3o no Brasil<\/strong><\/span><br \/>\n<span style=\"color: #000000;\"> <strong>Data:<\/strong>\u00a009 de agosto de 2016 das\u00a0 08h30 \u00e0s 19h00<\/span><br \/>\n<span style=\"color: #000000;\"> <strong>Local:<\/strong>\u00a0 Hotel Ouro Minas &#8211; Avenida Cristiano Machado, 4001 &#8211; Ipiranga, Belo Horizonte\u00a0\u00a0<\/span><br \/>\n<span style=\"color: #000000;\"> <strong>Informa\u00e7\u00f5es e inscri\u00e7\u00f5es:<\/strong><span style=\"color: #0000ff;\"><strong>\u00a0<\/strong><a style=\"color: #0000ff;\" href=\"https:\/\/www.ahkbrasil.com\/iframes_site_ahk_typo3\/ver_evento.asp?id=3610&amp;area=Eventos\">https:\/\/www.ahkbrasil.com\/iframes_site_ahk_typo3\/ver_evento.asp?id=3610&amp;area=Eventos<\/a><\/span><\/span><\/p>\n<p><span style=\"color: #000000;\"><strong><span style=\"color: #800000;\">Obs:<\/span> <\/strong>o p\u00fablico-alvo do evento s\u00e3o representantes das empresas mineradoras, das institui\u00e7\u00f5es p\u00fablicas da \u00e1rea de minera\u00e7\u00e3o, as empresas associadas \u00e0 C\u00e2mara Brasil-Alemanha e empresas da Alemanha do setor interessadas no Brasil.<\/span><br \/>\n<span style=\"color: #800080;\"> <strong>S\u00f3 ser\u00e3o aceitas inscri\u00e7\u00f5es nesse perfil.<\/strong><\/span><\/p>\n<p><span style=\"color: #800080;\"><strong>Inscri\u00e7\u00f5es at\u00e9 dia 05 de agosto de 2016| Limite de participantes<\/strong><\/span><\/p>\n","protected":false},"excerpt":{"rendered":"<p>Oportunidades de neg\u00f3cios e tecnologias alem\u00e3s para o futuro da Minera\u00e7\u00e3o no Brasil Visando discutir os desafios atuais e as poss\u00edveis solu\u00e7\u00f5es na \u00e1rea da Minera\u00e7\u00e3o no Brasil, a C\u00e2mara de Com\u00e9rcio e Ind\u00fastria Brasil-Alemanha realiza, por meio do seu Centro de Compet\u00eancia de Minera\u00e7\u00e3o e Recursos Minerais, o\u00a0I Semin\u00e1rio Brasil-Alemanha de Minera\u00e7\u00e3o e Recursos [&hellip;]<\/p>\n","protected":false},"author":1,"featured_media":2429,"comment_status":"open","ping_status":"open","sticky":false,"template":"","format":"standard","meta":{"_uag_custom_page_level_css":"","footnotes":""},"categories":[12591],"tags":[1341,1706,7680,7767,9973,10849,12484],"class_list":["post-2427","post","type-post","status-publish","format-standard","has-post-thumbnail","hentry","category-produtos","tag-belo-horizontemg","tag-camara-brasil-alemanha","tag-mineracao","tag-mme","tag-recursos-minerais","tag-seminario-brasil-alemanha","tag-vulkan"],"blocksy_meta":[],"spectra_blocks_featured_image_url":[],"spectra_blocks_author_info":{"display_name":"Jornal da Constru\u00e7\u00e3o Civil","avatar_url":"https:\/\/secure.gravatar.com\/avatar\/973c9774fd44ddaceb026973c4962faa70fc512bc4c9da68e8ebb40fecee6540?s=96&d=mm&r=g","author_link":"https:\/\/construcaocivil.siriusmarketingedesign.com.br\/?author=1","description":"Desde de 2013, levando muitas informa\u00e7\u00f5es, lan\u00e7amentos e produtos de qualidade para toda cadeia produtiva da constru\u00e7\u00e3o. O Futuro da constru\u00e7\u00e3o passa por aqui,"},"uagb_featured_image_src":{"full":false,"thumbnail":false,"medium":false,"medium_large":false,"large":false,"1536x1536":false,"2048x2048":false},"uagb_author_info":{"display_name":"Jornal da Constru\u00e7\u00e3o Civil","author_link":"https:\/\/construcaocivil.siriusmarketingedesign.com.br\/?author=1"},"uagb_comment_info":0,"uagb_excerpt":"Oportunidades de neg\u00f3cios e tecnologias alem\u00e3s para o futuro da Minera\u00e7\u00e3o no Brasil Visando discutir os desafios atuais e as poss\u00edveis solu\u00e7\u00f5es na \u00e1rea da Minera\u00e7\u00e3o no Brasil, a C\u00e2mara de Com\u00e9rcio e Ind\u00fastria Brasil-Alemanha realiza, por meio do seu Centro de Compet\u00eancia de Minera\u00e7\u00e3o e Recursos Minerais, o\u00a0I Semin\u00e1rio Brasil-Alemanha de Minera\u00e7\u00e3o e Recursos&hellip;","_links":{"self":[{"href":"https:\/\/construcaocivil.siriusmarketingedesign.com.br\/index.php?rest_route=\/wp\/v2\/posts\/2427","targetHints":{"allow":["GET"]}}],"collection":[{"href":"https:\/\/construcaocivil.siriusmarketingedesign.com.br\/index.php?rest_route=\/wp\/v2\/posts"}],"about":[{"href":"https:\/\/construcaocivil.siriusmarketingedesign.com.br\/index.php?rest_route=\/wp\/v2\/types\/post"}],"author":[{"embeddable":true,"href":"https:\/\/construcaocivil.siriusmarketingedesign.com.br\/index.php?rest_route=\/wp\/v2\/users\/1"}],"replies":[{"embeddable":true,"href":"https:\/\/construcaocivil.siriusmarketingedesign.com.br\/index.php?rest_route=%2Fwp%2Fv2%2Fcomments&post=2427"}],"version-history":[{"count":0,"href":"https:\/\/construcaocivil.siriusmarketingedesign.com.br\/index.php?rest_route=\/wp\/v2\/posts\/2427\/revisions"}],"wp:attachment":[{"href":"https:\/\/construcaocivil.siriusmarketingedesign.com.br\/index.php?rest_route=%2Fwp%2Fv2%2Fmedia&parent=2427"}],"wp:term":[{"taxonomy":"category","embeddable":true,"href":"https:\/\/construcaocivil.siriusmarketingedesign.com.br\/index.php?rest_route=%2Fwp%2Fv2%2Fcategories&post=2427"},{"taxonomy":"post_tag","embeddable":true,"href":"https:\/\/construcaocivil.siriusmarketingedesign.com.br\/index.php?rest_route=%2Fwp%2Fv2%2Ftags&post=2427"}],"curies":[{"name":"wp","href":"https:\/\/api.w.org\/{rel}","templated":true}]}}