{"id":24279,"date":"2024-08-15T15:12:56","date_gmt":"2024-08-15T18:12:56","guid":{"rendered":"https:\/\/www.jornaldaconstrucaocivil.com.br\/?p=24279"},"modified":"2024-08-15T15:12:56","modified_gmt":"2024-08-15T18:12:56","slug":"panorama-do-transporte-de-equipamentos-no-brasil-sera-tema-do-17o-webinar-sobratema","status":"publish","type":"post","link":"https:\/\/construcaocivil.siriusmarketingedesign.com.br\/?p=24279","title":{"rendered":"Panorama do transporte de equipamentos no Brasil ser\u00e1 tema do 17\u00ba Webinar Sobratema"},"content":{"rendered":"<p style=\"text-align: justify;\">No dia 26 de setembro, a\u00a0<strong>Associa\u00e7\u00e3o Brasileira de Equipamentos para Constru\u00e7\u00e3o e Minera\u00e7\u00e3o (Sobratema)<\/strong>\u00a0realizar\u00e1 o\u00a0<strong>17\u00ba<\/strong>\u00a0<strong><em>Webinar Sobratema Movimenta\u00e7\u00e3o de Equipamentos e Cargas<\/em><\/strong>, com o objetivo de apresentar um panorama do transporte de equipamentos no Brasil, incluindo aspectos ligados \u00e0 legisla\u00e7\u00e3o vigente, aos cuidados para o carregamento e descarregamento das m\u00e1quinas, e alertas e dicas para sele\u00e7\u00e3o do transportador desse tipo de carga.<\/p>\n<p style=\"text-align: justify;\">O transporte de equipamentos pesados exige cuidados especiais, a fim de garantir a seguran\u00e7a global durante o trajeto percorrido. Desse modo, \u00e9 importante estar atento quanto a sele\u00e7\u00e3o da carreta, a forma de amarra\u00e7\u00e3o das m\u00e1quinas, as leis vigentes e suas implica\u00e7\u00f5es, os fatores mais relevantes no que tange o embarque e desembarque da carga, os limites de hor\u00e1rio para tr\u00e1fego, cargas excedentes, entre outros.<\/p>\n<p style=\"text-align: justify;\">A programa\u00e7\u00e3o do evento online, que ter\u00e1 in\u00edcio \u00e0s 15h, pelo Canal da Sobratema no\u00a0<a href=\"https:\/\/www.youtube.com\/sobratema\" target=\"_blank\" rel=\"noopener noreferrer\">YouTube<\/a>, contar\u00e1 com tr\u00eas palestras e uma roda de debates ao final. Entre os temas a serem debatidos est\u00e3o: seguran\u00e7a no carregamento e amarra\u00e7\u00e3o de cargas, legisla\u00e7\u00e3o vigente e suas implica\u00e7\u00f5es na pr\u00e1tica, e equipamentos para o transporte de m\u00e1quinas pesadas no Brasil.<\/p>\n<p style=\"text-align: justify;\">O\u00a0<em>Webinar Sobratema Movimenta\u00e7\u00e3o de Equipamentos e Cargas\u00a0<\/em>tem a participa\u00e7\u00e3o confirmada do engenheiro\u00a0<strong>Carlos Gabos<\/strong>, instrutor do Instituto Opus de Capacita\u00e7\u00e3o Profissional da Sobratema, e\u00a0<strong>Jhon Ferrazza<\/strong>, representante comercial internacional da Athrol Ag\u00eancia e Transportes Horizontina.<em>\u00a0<\/em><\/p>\n<p style=\"text-align: justify;\">Direcionado para os profissionais das \u00e1reas de log\u00edstica e transporte de cargas, da constru\u00e7\u00e3o, de loca\u00e7\u00e3o e de equipamentos, dealers, fornecedores e prestadores de servi\u00e7o, agentes p\u00fablicos e representantes de entidades setoriais, o evento trar\u00e1 informa\u00e7\u00f5es relevantes sobre o transporte de equipamentos, contribuindo para seguran\u00e7a, efici\u00eancia e qualidade da log\u00edstica operacional.<\/p>\n","protected":false},"excerpt":{"rendered":"<p>No dia 26 de setembro, a\u00a0Associa\u00e7\u00e3o Brasileira de Equipamentos para Constru\u00e7\u00e3o e Minera\u00e7\u00e3o (Sobratema)\u00a0realizar\u00e1 o\u00a017\u00ba\u00a0Webinar Sobratema Movimenta\u00e7\u00e3o de Equipamentos e Cargas, com o objetivo de apresentar um panorama do transporte de equipamentos no Brasil, incluindo aspectos ligados \u00e0 legisla\u00e7\u00e3o vigente, aos cuidados para o carregamento e descarregamento das m\u00e1quinas, e alertas e dicas para sele\u00e7\u00e3o [&hellip;]<\/p>\n","protected":false},"author":1,"featured_media":24280,"comment_status":"open","ping_status":"open","sticky":false,"template":"","format":"standard","meta":{"_uag_custom_page_level_css":"","footnotes":""},"categories":[32],"tags":[6896,7232,26815,12623],"class_list":["post-24279","post","type-post","status-publish","format-standard","has-post-thumbnail","hentry","category-maquinas-e-equipamentos","tag-linha-amarela","tag-maquinas-pesadas","tag-movimentacao-de-equipamentos-e-cargas","tag-sobratema"],"blocksy_meta":[],"spectra_blocks_featured_image_url":{"thumbnail":{"url":"https:\/\/construcaocivil.siriusmarketingedesign.com.br\/wp-content\/uploads\/2024\/08\/5240d7195d9abf7a833bc148d51519e7-150x150.jpg","width":150,"height":150},"medium":{"url":"https:\/\/construcaocivil.siriusmarketingedesign.com.br\/wp-content\/uploads\/2024\/08\/5240d7195d9abf7a833bc148d51519e7-300x169.jpg","width":300,"height":169},"medium_large":{"url":"https:\/\/construcaocivil.siriusmarketingedesign.com.br\/wp-content\/uploads\/2024\/08\/5240d7195d9abf7a833bc148d51519e7-768x432.jpg","width":768,"height":432},"large":{"url":"https:\/\/construcaocivil.siriusmarketingedesign.com.br\/wp-content\/uploads\/2024\/08\/5240d7195d9abf7a833bc148d51519e7-1024x576.jpg","width":1024,"height":576},"full":{"url":"https:\/\/construcaocivil.siriusmarketingedesign.com.br\/wp-content\/uploads\/2024\/08\/5240d7195d9abf7a833bc148d51519e7.jpg","width":1920,"height":1080}},"spectra_blocks_author_info":{"display_name":"Jornal da Constru\u00e7\u00e3o Civil","avatar_url":"https:\/\/secure.gravatar.com\/avatar\/973c9774fd44ddaceb026973c4962faa70fc512bc4c9da68e8ebb40fecee6540?s=96&d=mm&r=g","author_link":"https:\/\/construcaocivil.siriusmarketingedesign.com.br\/?author=1","description":"Desde de 2013, levando muitas informa\u00e7\u00f5es, lan\u00e7amentos e produtos de qualidade para toda cadeia produtiva da constru\u00e7\u00e3o. O Futuro da constru\u00e7\u00e3o passa por aqui,"},"uagb_featured_image_src":{"full":["https:\/\/construcaocivil.siriusmarketingedesign.com.br\/wp-content\/uploads\/2024\/08\/5240d7195d9abf7a833bc148d51519e7.jpg",1920,1080,false],"thumbnail":["https:\/\/construcaocivil.siriusmarketingedesign.com.br\/wp-content\/uploads\/2024\/08\/5240d7195d9abf7a833bc148d51519e7-150x150.jpg",150,150,true],"medium":["https:\/\/construcaocivil.siriusmarketingedesign.com.br\/wp-content\/uploads\/2024\/08\/5240d7195d9abf7a833bc148d51519e7-300x169.jpg",300,169,true],"medium_large":["https:\/\/construcaocivil.siriusmarketingedesign.com.br\/wp-content\/uploads\/2024\/08\/5240d7195d9abf7a833bc148d51519e7-768x432.jpg",768,432,true],"large":["https:\/\/construcaocivil.siriusmarketingedesign.com.br\/wp-content\/uploads\/2024\/08\/5240d7195d9abf7a833bc148d51519e7-1024x576.jpg",1024,576,true],"1536x1536":["https:\/\/construcaocivil.siriusmarketingedesign.com.br\/wp-content\/uploads\/2024\/08\/5240d7195d9abf7a833bc148d51519e7-1536x864.jpg",1536,864,true],"2048x2048":["https:\/\/construcaocivil.siriusmarketingedesign.com.br\/wp-content\/uploads\/2024\/08\/5240d7195d9abf7a833bc148d51519e7.jpg",1920,1080,false]},"uagb_author_info":{"display_name":"Jornal da Constru\u00e7\u00e3o Civil","author_link":"https:\/\/construcaocivil.siriusmarketingedesign.com.br\/?author=1"},"uagb_comment_info":0,"uagb_excerpt":"No dia 26 de setembro, a\u00a0Associa\u00e7\u00e3o Brasileira de Equipamentos para Constru\u00e7\u00e3o e Minera\u00e7\u00e3o (Sobratema)\u00a0realizar\u00e1 o\u00a017\u00ba\u00a0Webinar Sobratema Movimenta\u00e7\u00e3o de Equipamentos e Cargas, com o objetivo de apresentar um panorama do transporte de equipamentos no Brasil, incluindo aspectos ligados \u00e0 legisla\u00e7\u00e3o vigente, aos cuidados para o carregamento e descarregamento das m\u00e1quinas, e alertas e dicas para sele\u00e7\u00e3o&hellip;","_links":{"self":[{"href":"https:\/\/construcaocivil.siriusmarketingedesign.com.br\/index.php?rest_route=\/wp\/v2\/posts\/24279","targetHints":{"allow":["GET"]}}],"collection":[{"href":"https:\/\/construcaocivil.siriusmarketingedesign.com.br\/index.php?rest_route=\/wp\/v2\/posts"}],"about":[{"href":"https:\/\/construcaocivil.siriusmarketingedesign.com.br\/index.php?rest_route=\/wp\/v2\/types\/post"}],"author":[{"embeddable":true,"href":"https:\/\/construcaocivil.siriusmarketingedesign.com.br\/index.php?rest_route=\/wp\/v2\/users\/1"}],"replies":[{"embeddable":true,"href":"https:\/\/construcaocivil.siriusmarketingedesign.com.br\/index.php?rest_route=%2Fwp%2Fv2%2Fcomments&post=24279"}],"version-history":[{"count":0,"href":"https:\/\/construcaocivil.siriusmarketingedesign.com.br\/index.php?rest_route=\/wp\/v2\/posts\/24279\/revisions"}],"wp:featuredmedia":[{"embeddable":true,"href":"https:\/\/construcaocivil.siriusmarketingedesign.com.br\/index.php?rest_route=\/wp\/v2\/media\/24280"}],"wp:attachment":[{"href":"https:\/\/construcaocivil.siriusmarketingedesign.com.br\/index.php?rest_route=%2Fwp%2Fv2%2Fmedia&parent=24279"}],"wp:term":[{"taxonomy":"category","embeddable":true,"href":"https:\/\/construcaocivil.siriusmarketingedesign.com.br\/index.php?rest_route=%2Fwp%2Fv2%2Fcategories&post=24279"},{"taxonomy":"post_tag","embeddable":true,"href":"https:\/\/construcaocivil.siriusmarketingedesign.com.br\/index.php?rest_route=%2Fwp%2Fv2%2Ftags&post=24279"}],"curies":[{"name":"wp","href":"https:\/\/api.w.org\/{rel}","templated":true}]}}