{"id":24282,"date":"2024-08-15T16:27:53","date_gmt":"2024-08-15T19:27:53","guid":{"rendered":"https:\/\/www.jornaldaconstrucaocivil.com.br\/?p=24282"},"modified":"2024-08-15T16:27:53","modified_gmt":"2024-08-15T19:27:53","slug":"goiania-recebe-dia-nacional-da-construcao-social","status":"publish","type":"post","link":"https:\/\/construcaocivil.siriusmarketingedesign.com.br\/?p=24282","title":{"rendered":"Goi\u00e2nia recebe Dia Nacional da Constru\u00e7\u00e3o Social"},"content":{"rendered":"<p style=\"text-align: justify;\"><strong><i>Evento, voltado para trabalhadores da constru\u00e7\u00e3o civil, ocorre no dia 17 de agosto<\/i><\/strong><\/p>\n<div>\n<p style=\"text-align: justify;\">Agosto, 2024 &#8211; Goi\u00e2nia vai sediar a 17\u00aa edi\u00e7\u00e3o do Dia Nacional da Constru\u00e7\u00e3o Social (DNCS) no dia 17 de agosto. O evento, promovido pelo Sinduscon-GO, ser\u00e1 um dia voltado para a sa\u00fade, lazer e cidadania dos trabalhadores da constru\u00e7\u00e3o civil e suas fam\u00edlias. Haver\u00e1 caf\u00e9 da manh\u00e3 e sorteio de brindes durante o evento. Para participar, \u00e9 necess\u00e1rio realizar a inscri\u00e7\u00e3o atrav\u00e9s do link fornecido no convite. O DNCS ocorrer\u00e1 das 8h \u00e0s 12h, no Clube Ant\u00f4nio Ferreira Pacheco.<\/p>\n<figure id=\"attachment_24284\" aria-describedby=\"caption-attachment-24284\" style=\"width: 169px\" class=\"wp-caption alignleft\"><img loading=\"lazy\" decoding=\"async\" class=\"size-medium wp-image-24284\" src=\"https:\/\/www.jornaldaconstrucaocivil.com.br\/wp-content\/uploads\/2024\/08\/Carolina-Lacerda-Gerente-de-Desenvolvimento-Imobiliario-da-Vega-Incorporacoes.jpeg-169x300.jpg\" alt=\"\" width=\"169\" height=\"300\" srcset=\"https:\/\/construcaocivil.siriusmarketingedesign.com.br\/wp-content\/uploads\/2024\/08\/Carolina-Lacerda-Gerente-de-Desenvolvimento-Imobiliario-da-Vega-Incorporacoes.jpeg-169x300.jpg 169w, https:\/\/construcaocivil.siriusmarketingedesign.com.br\/wp-content\/uploads\/2024\/08\/Carolina-Lacerda-Gerente-de-Desenvolvimento-Imobiliario-da-Vega-Incorporacoes.jpeg-576x1024.jpg 576w, https:\/\/construcaocivil.siriusmarketingedesign.com.br\/wp-content\/uploads\/2024\/08\/Carolina-Lacerda-Gerente-de-Desenvolvimento-Imobiliario-da-Vega-Incorporacoes.jpeg-768x1365.jpg 768w, https:\/\/construcaocivil.siriusmarketingedesign.com.br\/wp-content\/uploads\/2024\/08\/Carolina-Lacerda-Gerente-de-Desenvolvimento-Imobiliario-da-Vega-Incorporacoes.jpeg-864x1536.jpg 864w, https:\/\/construcaocivil.siriusmarketingedesign.com.br\/wp-content\/uploads\/2024\/08\/Carolina-Lacerda-Gerente-de-Desenvolvimento-Imobiliario-da-Vega-Incorporacoes.jpeg-200x356.jpg 200w, https:\/\/construcaocivil.siriusmarketingedesign.com.br\/wp-content\/uploads\/2024\/08\/Carolina-Lacerda-Gerente-de-Desenvolvimento-Imobiliario-da-Vega-Incorporacoes.jpeg.jpg 900w\" sizes=\"auto, (max-width: 169px) 100vw, 169px\" \/><figcaption id=\"caption-attachment-24284\" class=\"wp-caption-text\">Carolina Lacerda -Gerente de Desenvolvimento-<br \/>Imobili\u00e1rio da Vega Incorpora\u00e7\u00f5es. Divulga\u00e7\u00e3o<\/figcaption><\/figure>\n<p style=\"text-align: justify;\">Reconhecido como o maior evento de Responsabilidade Social do setor de constru\u00e7\u00e3o, o DNCS deste ano traz o tema \u2018<span style=\"color: #993300;\"><strong>Vida, Sua Melhor Obra!<\/strong><\/span>\u2019, enfatizando a valoriza\u00e7\u00e3o, seguran\u00e7a, inclus\u00e3o e bem-estar dos trabalhadores da constru\u00e7\u00e3o civil. \u201cA iniciativa destaca a import\u00e2ncia de pr\u00e1ticas que garantam a seguran\u00e7a dos trabalhadores, buscando reduzir acidentes e proporcionar condi\u00e7\u00f5es adequadas de trabalho\u201d, destaca Renato de Sousa Correia, Presidente da C\u00e2mara Brasileira da Ind\u00fastria da Constru\u00e7\u00e3o (CBIC).<\/p>\n<p style=\"text-align: justify;\">O Dia Nacional da Constru\u00e7\u00e3o Social foca na seguran\u00e7a, inclus\u00e3o e bem-estar dos trabalhadores, destacando a valoriza\u00e7\u00e3o da for\u00e7a de trabalho e a promo\u00e7\u00e3o de um ambiente inclusivo como essenciais para o desenvolvimento sustent\u00e1vel do setor. O evento, alinhado ao projeto &#8220;Responsabilidade Social na Ind\u00fastria da Constru\u00e7\u00e3o&#8221; da CRS\/CBIC em parceria com o Sesi Nacional, visa implementar a\u00e7\u00f5es que melhorem a vida dos trabalhadores, enfatizando a responsabilidade social como um valor fundamental na constru\u00e7\u00e3o civil.<\/p>\n<p style=\"text-align: justify;\">A construtora goiana Vega Incorpora\u00e7\u00f5es estar\u00e1 presente representando boas pr\u00e1ticas para prote\u00e7\u00e3o dos trabalhadores nos canteiros de obra. \u201c Buscamos atender todas as normas de seguran\u00e7a nos Canteiros, contando com auditorias internas e externas que acompanham documentalmente e as instala\u00e7\u00f5es das obras, al\u00e9m de um corpo de t\u00e9cnicos coordenados por uma engenheira de seguran\u00e7a para acompanhar os canteiros\u201d, afirma Carolina Lacerda, diretora de marketing da Vega Incorpora\u00e7\u00f5es.<\/p>\n<p style=\"text-align: justify;\">O desempenho econ\u00f4mico da constru\u00e7\u00e3o civil no primeiro semestre de 2024 mostra uma estabilidade no n\u00edvel de atividade, com o setor alcan\u00e7ando 49,9 pontos em junho, o maior patamar dos \u00faltimos 12 meses, de acordo com dados do CBIC. O mercado de trabalho tamb\u00e9m teve um crescimento significativo, com a cria\u00e7\u00e3o de 159.203 novos postos de trabalho formais, sendo a constru\u00e7\u00e3o de edif\u00edcios o segmento que mais gerou empregos. Goi\u00e1s est\u00e1 entre os cinco maiores geradores de empregos no setor.<\/p>\n<p style=\"text-align: justify;\">\n<p style=\"text-align: justify;\"><strong>Acidentes e seguran\u00e7a do trabalho\u00a0<\/strong><\/p>\n<p style=\"text-align: justify;\">Apesar dos avan\u00e7os no setor da constru\u00e7\u00e3o, como a valoriza\u00e7\u00e3o da for\u00e7a de trabalho e a promo\u00e7\u00e3o de um ambiente inclusivo, ainda h\u00e1 desafios significativos a serem superados. O alto custo da constru\u00e7\u00e3o, a carga tribut\u00e1ria elevada e a escassez de m\u00e3o de obra qualificada continuam a ser grandes preocupa\u00e7\u00f5es. No entanto, as expectativas dos empres\u00e1rios permanecem otimistas, impulsionadas por fatores como a redu\u00e7\u00e3o das taxas de juros, novas medidas do Programa Minha Casa, Minha Vida e um cen\u00e1rio econ\u00f4mico mais favor\u00e1vel.<\/p>\n<p style=\"text-align: justify;\">Diante desse cen\u00e1rio, a Vega tem incentivado a capacita\u00e7\u00e3o e qualifica\u00e7\u00e3o profissional no mercado. \u201cOferecemos treinamentos constantes para as equipes de obra, al\u00e9m de programas de incentivos ao colaborador como capacete dourado, resid\u00eancia para engenharia civil, al\u00e9m de buscar um ambiente de trabalho que traga uma melhor qualidade de vida para o colaborador com distribui\u00e7\u00e3o de frutas, gin\u00e1stica laboral, e outros\u201d, pontua Carolina Lacerda.<\/p>\n<p style=\"text-align: justify;\">Em maio de 2024, a Taxa de Frequ\u00eancia (TF) de acidentes por milh\u00e3o de horas-homem trabalhadas foi de 10,3, e a Taxa de Gravidade (TG), que mede os dias perdidos por acidentes, foi de 94,2, ambas classificadas como &#8220;muito boas&#8221;. As les\u00f5es mais comuns no setor ocorreram nas m\u00e3os (0,10%) e nos p\u00e9s (0,06%), enquanto outras partes do corpo apresentaram incid\u00eancia abaixo de 0,03%. Esses dados s\u00e3o da 39\u00aa Pesquisa ABRAINC sobre Acidentes de Trabalho em Obras, que abrangeu 913 canteiros e 79.136 oper\u00e1rios, dos quais 42% eram m\u00e3o de obra pr\u00f3pria das empresas.<\/p>\n<\/div>\n","protected":false},"excerpt":{"rendered":"<p>Evento, voltado para trabalhadores da constru\u00e7\u00e3o civil, ocorre no dia 17 de agosto Agosto, 2024 &#8211; Goi\u00e2nia vai sediar a 17\u00aa edi\u00e7\u00e3o do Dia Nacional da Constru\u00e7\u00e3o Social (DNCS) no dia 17 de agosto. O evento, promovido pelo Sinduscon-GO, ser\u00e1 um dia voltado para a sa\u00fade, lazer e cidadania dos trabalhadores da constru\u00e7\u00e3o civil e [&hellip;]<\/p>\n","protected":false},"author":1,"featured_media":24283,"comment_status":"open","ping_status":"open","sticky":false,"template":"","format":"standard","meta":{"_uag_custom_page_level_css":"","footnotes":""},"categories":[27],"tags":[26818,25635,5511,24042,26817,26816],"class_list":["post-24282","post","type-post","status-publish","format-standard","has-post-thumbnail","hentry","category-acontece","tag-dia-da-construcao-civil","tag-dncs","tag-goiania","tag-saude-e-lazer","tag-sua-melhor-obra","tag-vida"],"blocksy_meta":[],"spectra_blocks_featured_image_url":{"thumbnail":{"url":"https:\/\/construcaocivil.siriusmarketingedesign.com.br\/wp-content\/uploads\/2024\/08\/Trabalhadores-da-construcao-civil-1-150x150.jpg","width":150,"height":150},"medium":{"url":"https:\/\/construcaocivil.siriusmarketingedesign.com.br\/wp-content\/uploads\/2024\/08\/Trabalhadores-da-construcao-civil-1-300x169.jpg","width":300,"height":169},"medium_large":{"url":"https:\/\/construcaocivil.siriusmarketingedesign.com.br\/wp-content\/uploads\/2024\/08\/Trabalhadores-da-construcao-civil-1-768x432.jpg","width":768,"height":432},"large":{"url":"https:\/\/construcaocivil.siriusmarketingedesign.com.br\/wp-content\/uploads\/2024\/08\/Trabalhadores-da-construcao-civil-1-1024x576.jpg","width":1024,"height":576},"full":{"url":"https:\/\/construcaocivil.siriusmarketingedesign.com.br\/wp-content\/uploads\/2024\/08\/Trabalhadores-da-construcao-civil-1.jpg","width":1600,"height":900}},"spectra_blocks_author_info":{"display_name":"Jornal da Constru\u00e7\u00e3o Civil","avatar_url":"https:\/\/secure.gravatar.com\/avatar\/973c9774fd44ddaceb026973c4962faa70fc512bc4c9da68e8ebb40fecee6540?s=96&d=mm&r=g","author_link":"https:\/\/construcaocivil.siriusmarketingedesign.com.br\/?author=1","description":"Desde de 2013, levando muitas informa\u00e7\u00f5es, lan\u00e7amentos e produtos de qualidade para toda cadeia produtiva da constru\u00e7\u00e3o. O Futuro da constru\u00e7\u00e3o passa por aqui,"},"uagb_featured_image_src":{"full":["https:\/\/construcaocivil.siriusmarketingedesign.com.br\/wp-content\/uploads\/2024\/08\/Trabalhadores-da-construcao-civil-1.jpg",1600,900,false],"thumbnail":["https:\/\/construcaocivil.siriusmarketingedesign.com.br\/wp-content\/uploads\/2024\/08\/Trabalhadores-da-construcao-civil-1-150x150.jpg",150,150,true],"medium":["https:\/\/construcaocivil.siriusmarketingedesign.com.br\/wp-content\/uploads\/2024\/08\/Trabalhadores-da-construcao-civil-1-300x169.jpg",300,169,true],"medium_large":["https:\/\/construcaocivil.siriusmarketingedesign.com.br\/wp-content\/uploads\/2024\/08\/Trabalhadores-da-construcao-civil-1-768x432.jpg",768,432,true],"large":["https:\/\/construcaocivil.siriusmarketingedesign.com.br\/wp-content\/uploads\/2024\/08\/Trabalhadores-da-construcao-civil-1-1024x576.jpg",1024,576,true],"1536x1536":["https:\/\/construcaocivil.siriusmarketingedesign.com.br\/wp-content\/uploads\/2024\/08\/Trabalhadores-da-construcao-civil-1-1536x864.jpg",1536,864,true],"2048x2048":["https:\/\/construcaocivil.siriusmarketingedesign.com.br\/wp-content\/uploads\/2024\/08\/Trabalhadores-da-construcao-civil-1.jpg",1600,900,false]},"uagb_author_info":{"display_name":"Jornal da Constru\u00e7\u00e3o Civil","author_link":"https:\/\/construcaocivil.siriusmarketingedesign.com.br\/?author=1"},"uagb_comment_info":0,"uagb_excerpt":"Evento, voltado para trabalhadores da constru\u00e7\u00e3o civil, ocorre no dia 17 de agosto Agosto, 2024 &#8211; Goi\u00e2nia vai sediar a 17\u00aa edi\u00e7\u00e3o do Dia Nacional da Constru\u00e7\u00e3o Social (DNCS) no dia 17 de agosto. O evento, promovido pelo Sinduscon-GO, ser\u00e1 um dia voltado para a sa\u00fade, lazer e cidadania dos trabalhadores da constru\u00e7\u00e3o civil e&hellip;","_links":{"self":[{"href":"https:\/\/construcaocivil.siriusmarketingedesign.com.br\/index.php?rest_route=\/wp\/v2\/posts\/24282","targetHints":{"allow":["GET"]}}],"collection":[{"href":"https:\/\/construcaocivil.siriusmarketingedesign.com.br\/index.php?rest_route=\/wp\/v2\/posts"}],"about":[{"href":"https:\/\/construcaocivil.siriusmarketingedesign.com.br\/index.php?rest_route=\/wp\/v2\/types\/post"}],"author":[{"embeddable":true,"href":"https:\/\/construcaocivil.siriusmarketingedesign.com.br\/index.php?rest_route=\/wp\/v2\/users\/1"}],"replies":[{"embeddable":true,"href":"https:\/\/construcaocivil.siriusmarketingedesign.com.br\/index.php?rest_route=%2Fwp%2Fv2%2Fcomments&post=24282"}],"version-history":[{"count":0,"href":"https:\/\/construcaocivil.siriusmarketingedesign.com.br\/index.php?rest_route=\/wp\/v2\/posts\/24282\/revisions"}],"wp:featuredmedia":[{"embeddable":true,"href":"https:\/\/construcaocivil.siriusmarketingedesign.com.br\/index.php?rest_route=\/wp\/v2\/media\/24283"}],"wp:attachment":[{"href":"https:\/\/construcaocivil.siriusmarketingedesign.com.br\/index.php?rest_route=%2Fwp%2Fv2%2Fmedia&parent=24282"}],"wp:term":[{"taxonomy":"category","embeddable":true,"href":"https:\/\/construcaocivil.siriusmarketingedesign.com.br\/index.php?rest_route=%2Fwp%2Fv2%2Fcategories&post=24282"},{"taxonomy":"post_tag","embeddable":true,"href":"https:\/\/construcaocivil.siriusmarketingedesign.com.br\/index.php?rest_route=%2Fwp%2Fv2%2Ftags&post=24282"}],"curies":[{"name":"wp","href":"https:\/\/api.w.org\/{rel}","templated":true}]}}