{"id":24301,"date":"2024-08-19T14:34:47","date_gmt":"2024-08-19T17:34:47","guid":{"rendered":"https:\/\/www.jornaldaconstrucaocivil.com.br\/?p=24301"},"modified":"2024-08-19T14:34:47","modified_gmt":"2024-08-19T17:34:47","slug":"maior-tracbel-show-da-historia-sera-realizado-em-24-casas-do-grupo-por-todo-o-brasil","status":"publish","type":"post","link":"https:\/\/construcaocivil.siriusmarketingedesign.com.br\/?p=24301","title":{"rendered":"Maior \u201cTracbel Show\u201d da hist\u00f3ria ser\u00e1 realizado em 24 casas do Grupo por todo o Brasil"},"content":{"rendered":"<p class=\"v1MsoNormal\" style=\"text-align: justify;\"><em>A Tracbel est\u00e1 realizando no pr\u00f3ximo dia 22, quinta-feira, o maior evento comercial do Grupo j\u00e1 realizado no Brasil. Centenas de consultores e t\u00e9cnicos estar\u00e3o \u00e0 postos presencialmente na matriz e nas filiais por todas as regi\u00f5es brasileiras. Eles tamb\u00e9m atuar\u00e3o numa grande estrutura digital montada pelo time de e-commerce para a comercializa\u00e7\u00e3o de caminh\u00f5es, m\u00e1quinas e servi\u00e7os. \u00c9 a primeira vez que o \u201cTracbel Show\u201d re\u00fane todas as linhas do portf\u00f3lio de ve\u00edculos comerciais e equipamentos oferecidos pela empresa em 24 unidades simultaneamente, com condi\u00e7\u00f5es especiais, num \u00fanico momento e que duram apenas at\u00e9 o fim do estoque.<\/em><\/p>\n<p class=\"v1MsoNormal\" style=\"text-align: justify;\"><b><i>\u00a0<\/i><\/b><\/p>\n<p class=\"v1MsoNormal\" style=\"text-align: justify;\">&#8220;Nunca mobilizamos tantos profissionais num \u00fanico evento e com tantas oportunidades de neg\u00f3cio t\u00e3o vantajosas&#8221;, declara Gidalto Santos, CEO do Grupo <strong><span style=\"color: #0000ff;\"><a style=\"color: #0000ff;\" href=\"https:\/\/www.tracbel.com.br\/tracbelshow?utm_source=site&amp;utm_medium=banner&amp;utm_id=tracbelshow\">Tracbel<\/a><\/span><\/strong> e da divis\u00e3o de m\u00e1quinas. Neste dia, ser\u00e3o oferecidas retroescavadeiras Bull, carregadeiras, escavadeiras e caminh\u00f5es articulados Volvo, al\u00e9m de empilhadeira Kalmar e m\u00e1quinas de outras marcas. &#8220;Teremos taxas especiais para aquisi\u00e7\u00e3o de caminh\u00f5es novos e seminovos, pre\u00e7os promocionais e muitas possibilidades favor\u00e1veis de uma \u00fanica vez&#8221;, complementa Carlos Melnec, CEO da \u00e1rea de ve\u00edculos comerciais do Grupo, que possui 11 casas estrategicamente espalhadas pelo Norte e Nordeste do Brasil.<\/p>\n<p class=\"v1MsoNormal\" style=\"text-align: justify;\">\n<p class=\"v1MsoNormal\" style=\"text-align: justify;\"><b>Escavadeiras<\/b><\/p>\n<p class=\"v1MsoNormal\" style=\"text-align: justify;\"><b>\u00a0<\/b><\/p>\n<p class=\"v1MsoNormal\" style=\"text-align: justify;\">A <span style=\"color: #0000ff;\"><a style=\"color: #0000ff;\" href=\"https:\/\/www.tracbel.com.br\/tracbelshow?utm_source=site&amp;utm_medium=banner&amp;utm_id=tracbelshow\">Tracbel<\/a><\/span> est\u00e1 inclusive oferecendo agora mais facilidades para aquisi\u00e7\u00e3o de escavadeiras, que est\u00e3o tendo uma utiliza\u00e7\u00e3o muito ampla no Pa\u00eds, nos segmentos de constru\u00e7\u00e3o, minera\u00e7\u00e3o e at\u00e9 no agroneg\u00f3cio, al\u00e9m de serem muito procuradas por empresas de loca\u00e7\u00e3o. Elas ser\u00e3o comercializadas com uma taxa de 0,99%, com 20% de entrada em um parcelamento em at\u00e9 36 vezes. As escavadeiras Volvo s\u00e3o reconhecidas mundialmente por sua alta tecnologia, baixo consumo de combust\u00edvel, muita seguran\u00e7a, excepcional capacidade de eleva\u00e7\u00e3o e manuten\u00e7\u00e3o e conserva\u00e7\u00e3o simplificadas. A \u201cTracbel Show\u201d oferecer\u00e1 escavadeiras de esteiras e de rodas, de todos os tamanhos, desde as grandes e m\u00e9dias, at\u00e9 as compactas,<\/p>\n<p class=\"v1MsoNormal\" style=\"text-align: justify;\">\n<p class=\"v1MsoNormal\" style=\"text-align: justify;\"><b>Caminh\u00f5es<\/b><\/p>\n<p class=\"v1MsoNormal\" style=\"text-align: justify;\">\n<p class=\"v1MsoNormal\" style=\"text-align: justify;\">A Tracbel comercializar\u00e1 nesta oportunidade toda a sua linha de caminh\u00f5es, desde o FH e o VM, at\u00e9 o FMX e o VMX, em variadas configura\u00e7\u00f5es de motor e eixos e pacotes de acabamento, tamb\u00e9m com condi\u00e7\u00f5es excepcionais. Eles atendem aplica\u00e7\u00f5es que v\u00e3o desde longas dist\u00e2ncias, passando por transporte urbano, at\u00e9 opera\u00e7\u00f5es off road e regionais . O FH 6&#215;4, por exemplo, \u00e9 o caminh\u00e3o mais vendido do Pa\u00eds h\u00e1 v\u00e1rios anos entre todas as categorias. O evento ainda oferecer\u00e1 ve\u00edculos seminovos pela internet e nos estoques das casas. Todos os seminovos s\u00e3o inspecionados e t\u00eam certificado de origem. Os interessados poder\u00e3o conferir as ofertas e definir a compra na internet e, se preferir, conferir o caminh\u00e3o presencialmente na concession\u00e1ria mais pr\u00f3xima.<\/p>\n<p class=\"v1MsoNormal\" style=\"text-align: justify;\">\n<p class=\"v1MsoNormal\" style=\"text-align: justify;\">As condi\u00e7\u00f5es do \u201cTracbel Show\u201d, inclusive para outros produtos, como planos de servi\u00e7os e pe\u00e7as genu\u00ednas, s\u00e3o in\u00e9ditas e limitadas aos equipamentos, caminh\u00f5es e itens em estoque. Os Planos de Servi\u00e7o para m\u00e1quinas est\u00e3o com um desconto de 15% no site durante o per\u00edodo do evento. No Plano de Servi\u00e7o o cliente contrata uma das coberturas e tem uma s\u00e9rie de vantagens, a come\u00e7ar pelo fato de poder executar a manuten\u00e7\u00e3o em qualquer uma das casas da Tracbel. Eles ganham mais flexibilidade em seu neg\u00f3cio, podendo alterar rapidamente sua estrat\u00e9gia, independentemente de sua localiza\u00e7\u00e3o.<\/p>\n","protected":false},"excerpt":{"rendered":"<p>A Tracbel est\u00e1 realizando no pr\u00f3ximo dia 22, quinta-feira, o maior evento comercial do Grupo j\u00e1 realizado no Brasil. Centenas de consultores e t\u00e9cnicos estar\u00e3o \u00e0 postos presencialmente na matriz e nas filiais por todas as regi\u00f5es brasileiras. Eles tamb\u00e9m atuar\u00e3o numa grande estrutura digital montada pelo time de e-commerce para a comercializa\u00e7\u00e3o de caminh\u00f5es, [&hellip;]<\/p>\n","protected":false},"author":1,"featured_media":24302,"comment_status":"open","ping_status":"open","sticky":false,"template":"","format":"standard","meta":{"_uag_custom_page_level_css":"","footnotes":""},"categories":[32],"tags":[1736,4457,26832,14923,11864,26831,12467],"class_list":["post-24301","post","type-post","status-publish","format-standard","has-post-thumbnail","hentry","category-maquinas-e-equipamentos","tag-caminhoes","tag-escavadeiras","tag-manitou-manipuladores","tag-pecas-e-acessorios","tag-tracbel","tag-tracbel-show-brasil","tag-volvo-ce"],"blocksy_meta":[],"spectra_blocks_featured_image_url":{"thumbnail":{"url":"https:\/\/construcaocivil.siriusmarketingedesign.com.br\/wp-content\/uploads\/2024\/08\/Tracbel-Show-em-varias-regioes-do-Brasil-1-150x150.jpeg","width":150,"height":150},"medium":{"url":"https:\/\/construcaocivil.siriusmarketingedesign.com.br\/wp-content\/uploads\/2024\/08\/Tracbel-Show-em-varias-regioes-do-Brasil-1-300x169.jpeg","width":300,"height":169},"medium_large":{"url":"https:\/\/construcaocivil.siriusmarketingedesign.com.br\/wp-content\/uploads\/2024\/08\/Tracbel-Show-em-varias-regioes-do-Brasil-1-768x432.jpeg","width":768,"height":432},"large":{"url":"https:\/\/construcaocivil.siriusmarketingedesign.com.br\/wp-content\/uploads\/2024\/08\/Tracbel-Show-em-varias-regioes-do-Brasil-1-1024x576.jpeg","width":1024,"height":576},"full":{"url":"https:\/\/construcaocivil.siriusmarketingedesign.com.br\/wp-content\/uploads\/2024\/08\/Tracbel-Show-em-varias-regioes-do-Brasil-1.jpeg","width":1280,"height":720}},"spectra_blocks_author_info":{"display_name":"Jornal da Constru\u00e7\u00e3o Civil","avatar_url":"https:\/\/secure.gravatar.com\/avatar\/973c9774fd44ddaceb026973c4962faa70fc512bc4c9da68e8ebb40fecee6540?s=96&d=mm&r=g","author_link":"https:\/\/construcaocivil.siriusmarketingedesign.com.br\/?author=1","description":"Desde de 2013, levando muitas informa\u00e7\u00f5es, lan\u00e7amentos e produtos de qualidade para toda cadeia produtiva da constru\u00e7\u00e3o. O Futuro da constru\u00e7\u00e3o passa por aqui,"},"uagb_featured_image_src":{"full":["https:\/\/construcaocivil.siriusmarketingedesign.com.br\/wp-content\/uploads\/2024\/08\/Tracbel-Show-em-varias-regioes-do-Brasil-1.jpeg",1280,720,false],"thumbnail":["https:\/\/construcaocivil.siriusmarketingedesign.com.br\/wp-content\/uploads\/2024\/08\/Tracbel-Show-em-varias-regioes-do-Brasil-1-150x150.jpeg",150,150,true],"medium":["https:\/\/construcaocivil.siriusmarketingedesign.com.br\/wp-content\/uploads\/2024\/08\/Tracbel-Show-em-varias-regioes-do-Brasil-1-300x169.jpeg",300,169,true],"medium_large":["https:\/\/construcaocivil.siriusmarketingedesign.com.br\/wp-content\/uploads\/2024\/08\/Tracbel-Show-em-varias-regioes-do-Brasil-1-768x432.jpeg",768,432,true],"large":["https:\/\/construcaocivil.siriusmarketingedesign.com.br\/wp-content\/uploads\/2024\/08\/Tracbel-Show-em-varias-regioes-do-Brasil-1-1024x576.jpeg",1024,576,true],"1536x1536":["https:\/\/construcaocivil.siriusmarketingedesign.com.br\/wp-content\/uploads\/2024\/08\/Tracbel-Show-em-varias-regioes-do-Brasil-1.jpeg",1280,720,false],"2048x2048":["https:\/\/construcaocivil.siriusmarketingedesign.com.br\/wp-content\/uploads\/2024\/08\/Tracbel-Show-em-varias-regioes-do-Brasil-1.jpeg",1280,720,false]},"uagb_author_info":{"display_name":"Jornal da Constru\u00e7\u00e3o Civil","author_link":"https:\/\/construcaocivil.siriusmarketingedesign.com.br\/?author=1"},"uagb_comment_info":0,"uagb_excerpt":"A Tracbel est\u00e1 realizando no pr\u00f3ximo dia 22, quinta-feira, o maior evento comercial do Grupo j\u00e1 realizado no Brasil. Centenas de consultores e t\u00e9cnicos estar\u00e3o \u00e0 postos presencialmente na matriz e nas filiais por todas as regi\u00f5es brasileiras. Eles tamb\u00e9m atuar\u00e3o numa grande estrutura digital montada pelo time de e-commerce para a comercializa\u00e7\u00e3o de caminh\u00f5es,&hellip;","_links":{"self":[{"href":"https:\/\/construcaocivil.siriusmarketingedesign.com.br\/index.php?rest_route=\/wp\/v2\/posts\/24301","targetHints":{"allow":["GET"]}}],"collection":[{"href":"https:\/\/construcaocivil.siriusmarketingedesign.com.br\/index.php?rest_route=\/wp\/v2\/posts"}],"about":[{"href":"https:\/\/construcaocivil.siriusmarketingedesign.com.br\/index.php?rest_route=\/wp\/v2\/types\/post"}],"author":[{"embeddable":true,"href":"https:\/\/construcaocivil.siriusmarketingedesign.com.br\/index.php?rest_route=\/wp\/v2\/users\/1"}],"replies":[{"embeddable":true,"href":"https:\/\/construcaocivil.siriusmarketingedesign.com.br\/index.php?rest_route=%2Fwp%2Fv2%2Fcomments&post=24301"}],"version-history":[{"count":0,"href":"https:\/\/construcaocivil.siriusmarketingedesign.com.br\/index.php?rest_route=\/wp\/v2\/posts\/24301\/revisions"}],"wp:featuredmedia":[{"embeddable":true,"href":"https:\/\/construcaocivil.siriusmarketingedesign.com.br\/index.php?rest_route=\/wp\/v2\/media\/24302"}],"wp:attachment":[{"href":"https:\/\/construcaocivil.siriusmarketingedesign.com.br\/index.php?rest_route=%2Fwp%2Fv2%2Fmedia&parent=24301"}],"wp:term":[{"taxonomy":"category","embeddable":true,"href":"https:\/\/construcaocivil.siriusmarketingedesign.com.br\/index.php?rest_route=%2Fwp%2Fv2%2Fcategories&post=24301"},{"taxonomy":"post_tag","embeddable":true,"href":"https:\/\/construcaocivil.siriusmarketingedesign.com.br\/index.php?rest_route=%2Fwp%2Fv2%2Ftags&post=24301"}],"curies":[{"name":"wp","href":"https:\/\/api.w.org\/{rel}","templated":true}]}}