{"id":24344,"date":"2024-08-27T19:27:24","date_gmt":"2024-08-27T22:27:24","guid":{"rendered":"https:\/\/www.jornaldaconstrucaocivil.com.br\/?p=24344"},"modified":"2024-08-27T19:27:24","modified_gmt":"2024-08-27T22:27:24","slug":"escritorio-opera-quatro-arquitetura-vence-concurso-arquitetonico-do-novo-centro-administrativo-de-sp","status":"publish","type":"post","link":"https:\/\/construcaocivil.siriusmarketingedesign.com.br\/?p=24344","title":{"rendered":"Escrit\u00f3rio \u00d3pera Quatro Arquitetura vence concurso arquitet\u00f4nico do novo Centro Administrativo de SP"},"content":{"rendered":"<div class=\"elementor-element elementor-element-e6b607f e-flex e-con-boxed e-con e-child\" data-id=\"e6b607f\" data-element_type=\"container\" data-settings=\"{&quot;_ha_eqh_enable&quot;:false}\">\n<div class=\"e-con-inner\">\n<div class=\"elementor-element elementor-element-c362059 elementor-widget elementor-widget-theme-post-excerpt\" data-id=\"c362059\" data-element_type=\"widget\" data-widget_type=\"theme-post-excerpt.default\">\n<div class=\"elementor-widget-container\" style=\"text-align: justify;\"><em><strong>Projeto servir\u00e1 de base para uma das maiores interven\u00e7\u00f5es urbanas j\u00e1 vistas no pa\u00eds desde a constru\u00e7\u00e3o de Bras\u00edlia e vai transformar a regi\u00e3o central<\/strong><\/em><\/div>\n<div><\/div>\n<div><em>Agencia de Not\u00edcias S\u00e3o Paulo<\/em><\/div>\n<\/div>\n<\/div>\n<\/div>\n<div class=\"elementor-element elementor-element-77f85a2 e-flex e-con-boxed e-con e-child\" data-id=\"77f85a2\" data-element_type=\"container\" data-settings=\"{&quot;_ha_eqh_enable&quot;:false}\">\n<div class=\"e-con-inner\">\n<div class=\"elementor-element elementor-element-2685aa1 elementor-widget elementor-widget-template\" data-id=\"2685aa1\" data-element_type=\"widget\" data-widget_type=\"template.default\">\n<div class=\"elementor-widget-container\">\n<div class=\"elementor-template\">\n<div class=\"elementor elementor-5014\" data-elementor-type=\"section\" data-elementor-id=\"5014\" data-elementor-post-type=\"elementor_library\">\n<div class=\"elementor-element elementor-element-e649f9a compartilhe e-con-full e-flex e-con e-child\" data-id=\"e649f9a\" data-element_type=\"container\" data-settings=\"{&quot;_ha_eqh_enable&quot;:false}\">\n<div class=\"elementor-element elementor-element-5d7d833 e-flex e-con-boxed e-con e-child\" data-id=\"5d7d833\" data-element_type=\"container\" data-settings=\"{&quot;_ha_eqh_enable&quot;:false}\">\n<div class=\"elementor-element elementor-element-bb80f58 elementor-widget elementor-widget-image\" data-id=\"bb80f58\" data-element_type=\"widget\" data-widget_type=\"image.default\">\n<div class=\"elementor-element elementor-element-ff2291b elementor-widget elementor-widget-shortcode\" style=\"text-align: justify;\" data-id=\"ff2291b\" data-element_type=\"widget\" data-widget_type=\"shortcode.default\">\n<div class=\"elementor-widget-container\">\n<div class=\"elementor-shortcode\">\n<p>&nbsp;<\/p>\n<p>Agosto, 2024 &#8211; O escrit\u00f3rio \u00d3pera Quatro Arquitetura<a role=\"link\" href=\"https:\/\/www.agenciasp.sp.gov.br\/veja-as-fotos-do-projeto-vencedor-do-concurso-do-novo-centro-administrativo-do-governo-de-sp\/\">\u00a0foi o vencedor do Concurso P\u00fablico Nacional de Arquitetura para a nova sede administrativa<\/a> do Governo de S\u00e3o Paulo nos Campos El\u00edseos, na capital. Anunciado na \u00faltima segunda-feira (26), pelo governador Tarc\u00edsio de Freitas, o projeto selecionado vai orientar uma das maiores interven\u00e7\u00f5es urbanas j\u00e1 vistas no pa\u00eds desde a constru\u00e7\u00e3o de Bras\u00edlia ao implementar uma transforma\u00e7\u00e3o da regi\u00e3o central de S\u00e3o Paulo.<\/p>\n<p>\u201cN\u00f3s come\u00e7amos a dar os primeiros passos desse importante e ic\u00f4nico projeto. Porque a gente quer e tem o sonho de ver o centro revitalizado. S\u00e3o Paulo merece isso pela sua hist\u00f3ria. O centro que precisa renascer agora vai receber investimento\u201d, afirmou Tarc\u00edsio.<\/p>\n<figure class=\"wp-block-image size-large\"><img loading=\"lazy\" decoding=\"async\" class=\"wp-image-15529 aligncenter\" src=\"http:\/\/www.agenciasp.sp.gov.br\/wp-content\/uploads\/2024\/08\/Imagem-09-1024x576.jpg\" sizes=\"auto, (max-width: 1024px) 100vw, 1024px\" srcset=\"https:\/\/www.agenciasp.sp.gov.br\/wp-content\/uploads\/2024\/08\/Imagem-09-1024x576.jpg 1024w, https:\/\/www.agenciasp.sp.gov.br\/wp-content\/uploads\/2024\/08\/Imagem-09-300x169.jpg 300w, https:\/\/www.agenciasp.sp.gov.br\/wp-content\/uploads\/2024\/08\/Imagem-09-768x432.jpg 768w, https:\/\/www.agenciasp.sp.gov.br\/wp-content\/uploads\/2024\/08\/Imagem-09-1536x864.jpg 1536w, https:\/\/www.agenciasp.sp.gov.br\/wp-content\/uploads\/2024\/08\/Imagem-09-2048x1152.jpg 2048w\" alt=\"\" width=\"1024\" height=\"576\" \/><figcaption class=\"wp-element-caption\">Proje\u00e7\u00e3o de como ser\u00e1 a nova sede proposta pelo concurso<\/figcaption><\/figure>\n<p>\u201c\u00c9 um projeto pensado tamb\u00e9m para gerar economia ao Estado e deixar um legado. O novo centro administrativo vai se tornar um grande catalisador do desenvolvimento econ\u00f4mico e social para S\u00e3o Paulo\u201d, acrescentou o governador.<\/p>\n<p>A cerim\u00f4nia que homologou o resultado ocorreu no Pal\u00e1cio dos Bandeirantes com a presen\u00e7a do vice-governador Felicio Ramuth, do secret\u00e1rio estadual de Projetos Estrat\u00e9gicos, Guilherme Afif Domingos, do secret\u00e1rio de Parcerias Privadas, Rafael Benini, do secret\u00e1rio da Casa Civil, Arthur Lima, do presidente da Assembleia Legislativa do Estado de S\u00e3o Paulo, Andr\u00e9 do Prado, al\u00e9m de deputados, vereadores, autoridades estaduais e municipais e integrantes do departamento paulista do Instituto de Arquitetos do Brasil (IAB-SP), parceiro da administra\u00e7\u00e3o estadual no concurso.<\/p>\n<p>A realiza\u00e7\u00e3o do concurso arquitet\u00f4nico \u00e9 considerada um marco na hist\u00f3ria da cidade de S\u00e3o Paulo ao democratizar o debate sobre a iniciativa de transfer\u00eancia do centro administrativo do governo paulista para a regi\u00e3o central da capital, permitindo compreender a vis\u00e3o de arquitetos e urbanistas brasileiros sobre a proposta.<\/p>\n<p>Promovido pela Companhia Paulista de Parcerias (CPP), por meio da secretaria de Parcerias em Investimentos (SPI) do Governo de S\u00e3o Paulo, o concurso foi organizado pelo Instituto de Arquitetos do Brasil \u2013 Departamento de S\u00e3o Paulo (IAB) e prestigiou o desenho do arquiteto Pablo Chakur, entre sete projetos finalistas. Ao todo, 45 propostas foram enviadas por escrit\u00f3rios de arquitetura e urbanismo de todo o pa\u00eds e passaram pelas tr\u00eas etapas de avalia\u00e7\u00e3o e vota\u00e7\u00e3o previstas no certame.<\/p>\n<p>A sele\u00e7\u00e3o dos projetos levou em conta as sugest\u00f5es que se destacassem por crit\u00e9rios como economicidade, excel\u00eancia, inova\u00e7\u00e3o e sustentabilidade ambiental, integrando solu\u00e7\u00f5es urban\u00edsticas que promovam a qualidade de vida, a inclus\u00e3o social e a revitaliza\u00e7\u00e3o urbana no centro da maior metr\u00f3pole do pa\u00eds.<\/p>\n<p>O projeto do escrit\u00f3rio \u00d3pera Quatro Arquitetura chamou a aten\u00e7\u00e3o da comiss\u00e3o julgadora pela ader\u00eancia \u00e0s diretrizes previstas pelo concurso e atendimento ao programa estabelecido pelo governo paulista para a din\u00e2mica da regi\u00e3o e requalifica\u00e7\u00e3o do centro paulistano. O desenho arquitet\u00f4nico maximiza os espa\u00e7os p\u00fablicos e privados no t\u00e9rreo; a criatividade; a inova\u00e7\u00e3o; e adequa\u00e7\u00e3o \u00e0 legisla\u00e7\u00e3o urban\u00edstica e normas de patrim\u00f4nio vigentes na regi\u00e3o central de S\u00e3o Paulo.<\/p>\n<p>A transfer\u00eancia do gabinete de governo paulista para a regi\u00e3o dos Campos El\u00edseos a partir da constru\u00e7\u00e3o de um novo complexo administrativo prev\u00ea a transforma\u00e7\u00e3o da pra\u00e7a Princesa Isabel e o entorno em uma esplanada com novos edif\u00edcios para centralizar todas as secretarias, funda\u00e7\u00f5es e autarquias estaduais.<\/p>\n<p>Dos projetos finalistas, quatro receberam men\u00e7\u00e3o honrosa e outros tr\u00eas foram premiados. As men\u00e7\u00f5es honrosas foram recebidas pelos escrit\u00f3rios B+K Arquitetos Associados; Aflalo &amp; Gasperini Arquitetos; Cons\u00f3rcio Est\u00fadio 41+Pagus + Atelier 01; e Makhohl Arquitetura.<\/p>\n<p>Os premiados foram o escrit\u00f3rio \u00d3pera Quatro Arquitetura, na primeira coloca\u00e7\u00e3o, seguido pelo escrit\u00f3rio Andrade Morettin Arquitetos Associados e o escrit\u00f3rio MMBB Arquitetos, respectivamente. A primeira coloca\u00e7\u00e3o recebeu o pr\u00eamio de R$ 850 mil, para a segunda o valor foi de R$ 100 mil e para a terceira de R$ 50 mil.<\/p>\n<figure class=\"wp-block-image size-large\"><img loading=\"lazy\" decoding=\"async\" class=\"wp-image-15527 aligncenter\" src=\"http:\/\/www.agenciasp.sp.gov.br\/wp-content\/uploads\/2024\/08\/Imagem-08-1024x576.jpg\" sizes=\"auto, (max-width: 1024px) 100vw, 1024px\" srcset=\"https:\/\/www.agenciasp.sp.gov.br\/wp-content\/uploads\/2024\/08\/Imagem-08-1024x576.jpg 1024w, https:\/\/www.agenciasp.sp.gov.br\/wp-content\/uploads\/2024\/08\/Imagem-08-300x169.jpg 300w, https:\/\/www.agenciasp.sp.gov.br\/wp-content\/uploads\/2024\/08\/Imagem-08-768x432.jpg 768w, https:\/\/www.agenciasp.sp.gov.br\/wp-content\/uploads\/2024\/08\/Imagem-08-1536x864.jpg 1536w, https:\/\/www.agenciasp.sp.gov.br\/wp-content\/uploads\/2024\/08\/Imagem-08-2048x1152.jpg 2048w\" alt=\"\" width=\"1024\" height=\"576\" \/><figcaption class=\"wp-element-caption\">Projeto leva em conta caracter\u00edsticas da regi\u00e3o central, como passagem de pedestres<\/figcaption><\/figure>\n<p><strong>Pr\u00f3ximos passos<\/strong><\/p>\n<p>Com a homologa\u00e7\u00e3o do escrit\u00f3rio \u00d3pera Quatro Arquitetura como vencedor do concurso, o desenho proposto ser\u00e1 incorporado aos estudos de viabilidade t\u00e9cnica, econ\u00f4mica e socioambiental do\u00a0<a role=\"link\" href=\"https:\/\/www.parceriaseminvestimentos.sp.gov.br\/projeto-qualificado\/centro-administrativo-dos-campos-eliseos\/\">projeto de parceria p\u00fablico-privada (PPP) prevista para o centro administrativo<\/a>.<\/p>\n<p>Os documentos t\u00e9cnicos (minutas de edital, contrato e estudos) ser\u00e3o apresentados \u00e0 popula\u00e7\u00e3o durante a fase de consulta e audi\u00eancia p\u00fablica do projeto, em que os cidad\u00e3os poder\u00e3o avaliar, fazer sugest\u00f5es e contribui\u00e7\u00f5es que poder\u00e3o ser incorporadas \u00e0 proposta inicial.<\/p>\n<p>Ap\u00f3s a consulta p\u00fablica, o governo paulista ir\u00e1 publicar o edital da licita\u00e7\u00e3o da PPP para a sele\u00e7\u00e3o, por meio de leil\u00e3o, da concession\u00e1ria que ficar\u00e1 respons\u00e1vel pela constru\u00e7\u00e3o e administra\u00e7\u00e3o da nova sede. O processo de escolha da empresa deve ocorrer no pr\u00f3ximo ano. A empresa vencedora do certame dever\u00e1 contratar o projeto escolhido pelo concurso arquitet\u00f4nico.<\/p>\n<p>Fonte: Gov. S\u00e3o Paulo<\/p>\n<p>&nbsp;<\/p>\n<\/div>\n<\/div>\n<\/div>\n<div class=\"elementor-element elementor-element-d63a24d e-flex e-con-boxed e-con e-child\" data-id=\"d63a24d\" data-element_type=\"container\" data-settings=\"{&quot;_ha_eqh_enable&quot;:false}\">\n<div class=\"e-con-inner\">\n<div class=\"elementor-element elementor-element-4c278ce elementor-widget elementor-widget-template\" data-id=\"4c278ce\" data-element_type=\"widget\" data-widget_type=\"template.default\">\n<div class=\"elementor-widget-container\">\n<div class=\"elementor-template\">\n<div class=\"elementor elementor-5014\" data-elementor-type=\"section\" data-elementor-id=\"5014\" data-elementor-post-type=\"elementor_library\">\n<div class=\"elementor-element elementor-element-e649f9a compartilhe e-con-full e-flex e-con e-child\" data-id=\"e649f9a\" data-element_type=\"container\" data-settings=\"{&quot;_ha_eqh_enable&quot;:false}\">\n<div class=\"elementor-element elementor-element-5d7d833 e-flex e-con-boxed e-con e-child\" data-id=\"5d7d833\" data-element_type=\"container\" data-settings=\"{&quot;_ha_eqh_enable&quot;:false}\">\n<div class=\"e-con-inner\">\n<div class=\"elementor-element elementor-element-bb80f58 elementor-widget elementor-widget-image\" style=\"text-align: justify;\" data-id=\"bb80f58\" data-element_type=\"widget\" data-widget_type=\"image.default\">\n<div class=\"elementor-widget-container\"><\/div>\n<\/div>\n<div class=\"elementor-element elementor-element-5b56e60 elementor-share-buttons--view-icon elementor-share-buttons--skin-framed elementor-share-buttons--shape-circle elementor-share-buttons--align-left elementor-share-buttons--color-custom elementor-grid-0 elementor-widget elementor-widget-share-buttons\" data-id=\"5b56e60\" data-element_type=\"widget\" data-settings=\"{&quot;share_url&quot;:{&quot;url&quot;:&quot;https:\\\/\\\/www.agenciasp.sp.gov.br\\\/escritorio-opera-quatro-arquitetura-vence-concurso-arquitetonico-do-novo-centro-administrativo-de-sp\\\/&quot;,&quot;is_external&quot;:&quot;&quot;,&quot;nofollow&quot;:&quot;&quot;,&quot;custom_attributes&quot;:&quot;&quot;}}\" data-widget_type=\"share-buttons.default\">\n<div class=\"elementor-widget-container\">\n<div class=\"elementor-grid\">\n<div class=\"elementor-grid-item\">\n<div class=\"elementor-share-btn elementor-share-btn_whatsapp\" style=\"text-align: justify;\" tabindex=\"0\" role=\"button\" aria-label=\"Compartilhar no whatsapp\"><\/div>\n<\/div>\n<\/div>\n<\/div>\n<\/div>\n<\/div>\n<\/div>\n<\/div>\n<\/div>\n<\/div>\n<\/div>\n<\/div>\n<\/div>\n<\/div>\n<\/div>\n<\/div>\n<\/div>\n<\/div>\n<\/div>\n<\/div>\n<\/div>\n<\/div>\n<\/div>\n","protected":false},"excerpt":{"rendered":"<p>Projeto servir\u00e1 de base para uma das maiores interven\u00e7\u00f5es urbanas j\u00e1 vistas no pa\u00eds desde a constru\u00e7\u00e3o de Bras\u00edlia e vai transformar a regi\u00e3o central Agencia de Not\u00edcias S\u00e3o Paulo &nbsp; Agosto, 2024 &#8211; O escrit\u00f3rio \u00d3pera Quatro Arquitetura\u00a0foi o vencedor do Concurso P\u00fablico Nacional de Arquitetura para a nova sede administrativa do Governo de [&hellip;]<\/p>\n","protected":false},"author":1,"featured_media":24345,"comment_status":"open","ping_status":"open","sticky":false,"template":"","format":"standard","meta":{"_uag_custom_page_level_css":"","footnotes":""},"categories":[31],"tags":[26855,26853,26854,26856,10668],"class_list":["post-24344","post","type-post","status-publish","format-standard","has-post-thumbnail","hentry","category-infraestrutura","tag-campos-eliseos-sp","tag-iab-brasil","tag-opera-quatro-arquitetura","tag-retrofit-sao-paulo","tag-sao-paulo"],"blocksy_meta":[],"spectra_blocks_featured_image_url":{"thumbnail":{"url":"https:\/\/construcaocivil.siriusmarketingedesign.com.br\/wp-content\/uploads\/2024\/08\/Novo-centro-administrativo-de-SP-1536x864-1-150x150.jpg","width":150,"height":150},"medium":{"url":"https:\/\/construcaocivil.siriusmarketingedesign.com.br\/wp-content\/uploads\/2024\/08\/Novo-centro-administrativo-de-SP-1536x864-1-300x169.jpg","width":300,"height":169},"medium_large":{"url":"https:\/\/construcaocivil.siriusmarketingedesign.com.br\/wp-content\/uploads\/2024\/08\/Novo-centro-administrativo-de-SP-1536x864-1-768x432.jpg","width":768,"height":432},"large":{"url":"https:\/\/construcaocivil.siriusmarketingedesign.com.br\/wp-content\/uploads\/2024\/08\/Novo-centro-administrativo-de-SP-1536x864-1-1024x576.jpg","width":1024,"height":576},"full":{"url":"https:\/\/construcaocivil.siriusmarketingedesign.com.br\/wp-content\/uploads\/2024\/08\/Novo-centro-administrativo-de-SP-1536x864-1.jpg","width":1536,"height":864}},"spectra_blocks_author_info":{"display_name":"Jornal da Constru\u00e7\u00e3o Civil","avatar_url":"https:\/\/secure.gravatar.com\/avatar\/973c9774fd44ddaceb026973c4962faa70fc512bc4c9da68e8ebb40fecee6540?s=96&d=mm&r=g","author_link":"https:\/\/construcaocivil.siriusmarketingedesign.com.br\/?author=1","description":"Desde de 2013, levando muitas informa\u00e7\u00f5es, lan\u00e7amentos e produtos de qualidade para toda cadeia produtiva da constru\u00e7\u00e3o. O Futuro da constru\u00e7\u00e3o passa por aqui,"},"uagb_featured_image_src":{"full":["https:\/\/construcaocivil.siriusmarketingedesign.com.br\/wp-content\/uploads\/2024\/08\/Novo-centro-administrativo-de-SP-1536x864-1.jpg",1536,864,false],"thumbnail":["https:\/\/construcaocivil.siriusmarketingedesign.com.br\/wp-content\/uploads\/2024\/08\/Novo-centro-administrativo-de-SP-1536x864-1-150x150.jpg",150,150,true],"medium":["https:\/\/construcaocivil.siriusmarketingedesign.com.br\/wp-content\/uploads\/2024\/08\/Novo-centro-administrativo-de-SP-1536x864-1-300x169.jpg",300,169,true],"medium_large":["https:\/\/construcaocivil.siriusmarketingedesign.com.br\/wp-content\/uploads\/2024\/08\/Novo-centro-administrativo-de-SP-1536x864-1-768x432.jpg",768,432,true],"large":["https:\/\/construcaocivil.siriusmarketingedesign.com.br\/wp-content\/uploads\/2024\/08\/Novo-centro-administrativo-de-SP-1536x864-1-1024x576.jpg",1024,576,true],"1536x1536":["https:\/\/construcaocivil.siriusmarketingedesign.com.br\/wp-content\/uploads\/2024\/08\/Novo-centro-administrativo-de-SP-1536x864-1.jpg",1536,864,false],"2048x2048":["https:\/\/construcaocivil.siriusmarketingedesign.com.br\/wp-content\/uploads\/2024\/08\/Novo-centro-administrativo-de-SP-1536x864-1.jpg",1536,864,false]},"uagb_author_info":{"display_name":"Jornal da Constru\u00e7\u00e3o Civil","author_link":"https:\/\/construcaocivil.siriusmarketingedesign.com.br\/?author=1"},"uagb_comment_info":0,"uagb_excerpt":"Projeto servir\u00e1 de base para uma das maiores interven\u00e7\u00f5es urbanas j\u00e1 vistas no pa\u00eds desde a constru\u00e7\u00e3o de Bras\u00edlia e vai transformar a regi\u00e3o central Agencia de Not\u00edcias S\u00e3o Paulo &nbsp; Agosto, 2024 &#8211; O escrit\u00f3rio \u00d3pera Quatro Arquitetura\u00a0foi o vencedor do Concurso P\u00fablico Nacional de Arquitetura para a nova sede administrativa do Governo de&hellip;","_links":{"self":[{"href":"https:\/\/construcaocivil.siriusmarketingedesign.com.br\/index.php?rest_route=\/wp\/v2\/posts\/24344","targetHints":{"allow":["GET"]}}],"collection":[{"href":"https:\/\/construcaocivil.siriusmarketingedesign.com.br\/index.php?rest_route=\/wp\/v2\/posts"}],"about":[{"href":"https:\/\/construcaocivil.siriusmarketingedesign.com.br\/index.php?rest_route=\/wp\/v2\/types\/post"}],"author":[{"embeddable":true,"href":"https:\/\/construcaocivil.siriusmarketingedesign.com.br\/index.php?rest_route=\/wp\/v2\/users\/1"}],"replies":[{"embeddable":true,"href":"https:\/\/construcaocivil.siriusmarketingedesign.com.br\/index.php?rest_route=%2Fwp%2Fv2%2Fcomments&post=24344"}],"version-history":[{"count":0,"href":"https:\/\/construcaocivil.siriusmarketingedesign.com.br\/index.php?rest_route=\/wp\/v2\/posts\/24344\/revisions"}],"wp:featuredmedia":[{"embeddable":true,"href":"https:\/\/construcaocivil.siriusmarketingedesign.com.br\/index.php?rest_route=\/wp\/v2\/media\/24345"}],"wp:attachment":[{"href":"https:\/\/construcaocivil.siriusmarketingedesign.com.br\/index.php?rest_route=%2Fwp%2Fv2%2Fmedia&parent=24344"}],"wp:term":[{"taxonomy":"category","embeddable":true,"href":"https:\/\/construcaocivil.siriusmarketingedesign.com.br\/index.php?rest_route=%2Fwp%2Fv2%2Fcategories&post=24344"},{"taxonomy":"post_tag","embeddable":true,"href":"https:\/\/construcaocivil.siriusmarketingedesign.com.br\/index.php?rest_route=%2Fwp%2Fv2%2Ftags&post=24344"}],"curies":[{"name":"wp","href":"https:\/\/api.w.org\/{rel}","templated":true}]}}