{"id":24358,"date":"2024-08-31T21:55:32","date_gmt":"2024-09-01T00:55:32","guid":{"rendered":"https:\/\/www.jornaldaconstrucaocivil.com.br\/?p=24358"},"modified":"2024-08-31T21:55:32","modified_gmt":"2024-09-01T00:55:32","slug":"pesquisa-aponta-que-brasileiro-teme-novos-desastres-com-barragens-no-pais","status":"publish","type":"post","link":"https:\/\/construcaocivil.siriusmarketingedesign.com.br\/?p=24358","title":{"rendered":"Pesquisa aponta que brasileiro teme novos desastres com barragens no pa\u00eds"},"content":{"rendered":"<p style=\"text-align: justify;\"><em><strong>74% da popula\u00e7\u00e3o afirma que h\u00e1 no pa\u00eds barragens de minera\u00e7\u00e3o em risco como a que causou 272 mortes h\u00e1 5 anos e 7 meses, em Brumadinho; para 77%, leis para preven\u00e7\u00e3o de desastres no Brasil n\u00e3o s\u00e3o confi\u00e1veis<\/strong><\/em><\/p>\n<p style=\"text-align: justify;\">\n<p style=\"text-align: justify;\">A popula\u00e7\u00e3o brasileira acredita que h\u00e1 mais barragens em risco de rompimento no pa\u00eds e n\u00e3o confia nas leis para proteg\u00ea-la de novos desastres, como o que matou 272 pessoas em Brumadinho, h\u00e1 5 anos e 7 meses. Pesquisa in\u00e9dita do PoderData, com entrevistas realizadas em maio deste ano, aponta que 74% dos brasileiros acreditam na exist\u00eancia de mais barragens em risco no pa\u00eds e 77% desconfiam da efic\u00e1cia da legisla\u00e7\u00e3o atual para evitar novas rupturas. Em Minas, onde est\u00e1 a maior parte das barragens em situa\u00e7\u00e3o de alto e m\u00e9dio risco no pa\u00eds (46 das 158 no total) segundo a Ag\u00eancia Nacional da Minera\u00e7\u00e3o (ANM), a desconfian\u00e7a em rela\u00e7\u00e3o \u00e0 prote\u00e7\u00e3o legal \u00e9 ainda maior: 80% dos mineiros temem novas trag\u00e9dias.<\/p>\n<p style=\"text-align: justify;\">\n<p style=\"text-align: justify;\"><strong>Responsabilidade pela trag\u00e9dia<\/strong><\/p>\n<p style=\"text-align: justify;\">\n<p style=\"text-align: justify;\">A pesquisa apontou que 69% dos brasileiros j\u00e1 ouviram falar na trag\u00e9dia de Brumadinho, que at\u00e9 hoje n\u00e3o teve os respons\u00e1veis julgados pela Justi\u00e7a. \u201cPara n\u00f3s, a falta de julgamento e responsabiliza\u00e7\u00e3o dos culpados por trag\u00e9dias como a de Brumadinho facilita a pr\u00e1tica de novos crimes. O precedente da impunidade torna o crime recorrente\u201d, afirma a presidente em exerc\u00edcio da Associa\u00e7\u00e3o dos Familiares e Atingidos pelo Rompimento da Barragem Mina C\u00f3rrego do Feij\u00e3o-Brumadinho (<span style=\"color: #0000ff;\"><strong><a style=\"color: #0000ff;\" href=\"https:\/\/avabrum.org.br\/\">AVABRUM<\/a><\/strong><\/span>), Nayara Porto, que perdeu o marido Everton Lopes Ferreira, de 32 anos, no rompimento da barragem.<\/p>\n<p style=\"text-align: justify;\">\n<p style=\"text-align: justify;\">Segundo o levantamento, para 59% da popula\u00e7\u00e3o, a mineradora Vale \u00e9 a respons\u00e1vel pela trag\u00e9dia, sendo que 38% acreditam que esta responsabilidade \u00e9 compartilhada com a T\u00fcv S\u00fcd, que deu o laudo falso de seguran\u00e7a da barragem, e com os \u00f3rg\u00e3os p\u00fablicos de fiscaliza\u00e7\u00e3o. As popula\u00e7\u00f5es de Minas Gerais e de Brumadinho atribuem ainda mais responsabilidade \u00e0 Vale pela trag\u00e9dia (67% e 65% \u2013 somando quem respondeu apenas Vale e quem respondeu \u201ctodos os citados\u201d).<\/p>\n<p style=\"text-align: justify;\">\n<p style=\"text-align: justify;\"><strong>Neglig\u00eancia e falta de fiscaliza\u00e7\u00e3o<\/strong><\/p>\n<p style=\"text-align: justify;\">\n<p style=\"text-align: justify;\">Mais imersa nos problemas e impactos que existem por causa das barragens de minera\u00e7\u00e3o,\u00a0 a popula\u00e7\u00e3o de Minas Gerais aponta como principal causa da trag\u00e9dia a neglig\u00eancia das empresas (38%) e, em segundo lugar, a falta de fiscaliza\u00e7\u00e3o pelo poder p\u00fablico (20%). J\u00e1 a percep\u00e7\u00e3o geral no Brasil \u00e9 inversa: a maior fatia da popula\u00e7\u00e3o do pa\u00eds (35%) afirma que a falta de fiscaliza\u00e7\u00e3o do poder p\u00fablico causou o rompimento em Brumadinho, seguido pela neglig\u00eancia das empresas (21%).<\/p>\n<p style=\"text-align: justify;\">\n<p style=\"text-align: justify;\">A avalia\u00e7\u00e3o sobre o que \u00e9 necess\u00e1rio para que a Ag\u00eancia Nacional de Minera\u00e7\u00e3o (ANM) atue com mais efici\u00eancia na seguran\u00e7a das barragens tamb\u00e9m apresenta varia\u00e7\u00e3o significativa no recorte regional. A popula\u00e7\u00e3o brasileira em geral \u2013 com menos contato direto com o tema \u2013 indica a contrata\u00e7\u00e3o de mais pessoal como a maior necessidade (23% contra 6% nos recortes de Minas e Brumadinho). J\u00e1 os mineiros e a popula\u00e7\u00e3o de Brumadinho em especial d\u00e3o muito mais peso \u00e0 necessidade de aplicar multas e puni\u00e7\u00f5es maiores (45% e 44% respectivamente).<\/p>\n<p style=\"text-align: justify;\">\n<p style=\"text-align: justify;\"><strong>Atua\u00e7\u00e3o das fam\u00edlias reconhecida<\/strong><\/p>\n<p style=\"text-align: justify;\">\n<p style=\"text-align: justify;\">A atua\u00e7\u00e3o dos familiares de v\u00edtimas e atingidos pela trag\u00e9dia nos processos e acordos de repara\u00e7\u00e3o \u00e9 reconhecida pela popula\u00e7\u00e3o, em especial em Minas e em Brumadinho &#8211; 62% dos mineiros e 73% dos moradores de Brumadinho destacam o grupo como o que teve melhor atua\u00e7\u00e3o. Na sequ\u00eancia, prefeitos foram apontados com a melhor atua\u00e7\u00e3o por 13% dos mineiros e o Minist\u00e9rio P\u00fablico por 14% da popula\u00e7\u00e3o de Brumadinho. Mesmo mais distante da trag\u00e9dia, a maior parte da popula\u00e7\u00e3o do pa\u00eds (39%) tamb\u00e9m atribuiu aos familiares a melhor atua\u00e7\u00e3o nos processos e acordos, seguido por \u00f3rg\u00e3os de justi\u00e7a (13%).<\/p>\n<p style=\"text-align: justify;\">\n<p style=\"text-align: justify;\">\u201cEsse reconhecimento nos estimula a continuar lutando por justi\u00e7a para os 272 mortos em Brumadinho, e tamb\u00e9m pelos direitos dos seus familiares\u201d, afirma Nayara Porto.<\/p>\n<p style=\"text-align: justify;\">\n<p style=\"text-align: justify;\">A pesquisa, realizada com o apoio do Projeto Legado de Brumadinho, ouviu 3.200 pessoas em todo pa\u00eds entre os dias 20 e 25 de maio.<\/p>\n<p>Site <span style=\"color: #0000ff;\"><strong><a style=\"color: #0000ff;\" href=\"https:\/\/avabrum.org.br\/\">AVABRUM<\/a><\/strong><\/span><\/p>\n","protected":false},"excerpt":{"rendered":"<p>74% da popula\u00e7\u00e3o afirma que h\u00e1 no pa\u00eds barragens de minera\u00e7\u00e3o em risco como a que causou 272 mortes h\u00e1 5 anos e 7 meses, em Brumadinho; para 77%, leis para preven\u00e7\u00e3o de desastres no Brasil n\u00e3o s\u00e3o confi\u00e1veis A popula\u00e7\u00e3o brasileira acredita que h\u00e1 mais barragens em risco de rompimento no pa\u00eds e n\u00e3o [&hellip;]<\/p>\n","protected":false},"author":1,"featured_media":24359,"comment_status":"open","ping_status":"open","sticky":false,"template":"","format":"standard","meta":{"_uag_custom_page_level_css":"","footnotes":""},"categories":[37],"tags":[26862,7672,26860,26861,26288],"class_list":["post-24358","post","type-post","status-publish","format-standard","has-post-thumbnail","hentry","category-sustentabilidade","tag-avabrum","tag-minas-gerais","tag-perigo-das-barragens","tag-riscos-da-mineracao","tag-vitimas-de-brumadinho"],"blocksy_meta":[],"spectra_blocks_featured_image_url":{"thumbnail":{"url":"https:\/\/construcaocivil.siriusmarketingedesign.com.br\/wp-content\/uploads\/2024\/08\/Brumadinho-150x150.png","width":150,"height":150},"medium":{"url":"https:\/\/construcaocivil.siriusmarketingedesign.com.br\/wp-content\/uploads\/2024\/08\/Brumadinho-300x168.png","width":300,"height":168},"medium_large":{"url":"https:\/\/construcaocivil.siriusmarketingedesign.com.br\/wp-content\/uploads\/2024\/08\/Brumadinho-768x429.png","width":768,"height":429},"large":{"url":"https:\/\/construcaocivil.siriusmarketingedesign.com.br\/wp-content\/uploads\/2024\/08\/Brumadinho.png","width":1019,"height":569},"full":{"url":"https:\/\/construcaocivil.siriusmarketingedesign.com.br\/wp-content\/uploads\/2024\/08\/Brumadinho.png","width":1019,"height":569}},"spectra_blocks_author_info":{"display_name":"Jornal da Constru\u00e7\u00e3o Civil","avatar_url":"https:\/\/secure.gravatar.com\/avatar\/973c9774fd44ddaceb026973c4962faa70fc512bc4c9da68e8ebb40fecee6540?s=96&d=mm&r=g","author_link":"https:\/\/construcaocivil.siriusmarketingedesign.com.br\/?author=1","description":"Desde de 2013, levando muitas informa\u00e7\u00f5es, lan\u00e7amentos e produtos de qualidade para toda cadeia produtiva da constru\u00e7\u00e3o. O Futuro da constru\u00e7\u00e3o passa por aqui,"},"uagb_featured_image_src":{"full":["https:\/\/construcaocivil.siriusmarketingedesign.com.br\/wp-content\/uploads\/2024\/08\/Brumadinho.png",1019,569,false],"thumbnail":["https:\/\/construcaocivil.siriusmarketingedesign.com.br\/wp-content\/uploads\/2024\/08\/Brumadinho-150x150.png",150,150,true],"medium":["https:\/\/construcaocivil.siriusmarketingedesign.com.br\/wp-content\/uploads\/2024\/08\/Brumadinho-300x168.png",300,168,true],"medium_large":["https:\/\/construcaocivil.siriusmarketingedesign.com.br\/wp-content\/uploads\/2024\/08\/Brumadinho-768x429.png",768,429,true],"large":["https:\/\/construcaocivil.siriusmarketingedesign.com.br\/wp-content\/uploads\/2024\/08\/Brumadinho.png",1019,569,false],"1536x1536":["https:\/\/construcaocivil.siriusmarketingedesign.com.br\/wp-content\/uploads\/2024\/08\/Brumadinho.png",1019,569,false],"2048x2048":["https:\/\/construcaocivil.siriusmarketingedesign.com.br\/wp-content\/uploads\/2024\/08\/Brumadinho.png",1019,569,false]},"uagb_author_info":{"display_name":"Jornal da Constru\u00e7\u00e3o Civil","author_link":"https:\/\/construcaocivil.siriusmarketingedesign.com.br\/?author=1"},"uagb_comment_info":0,"uagb_excerpt":"74% da popula\u00e7\u00e3o afirma que h\u00e1 no pa\u00eds barragens de minera\u00e7\u00e3o em risco como a que causou 272 mortes h\u00e1 5 anos e 7 meses, em Brumadinho; para 77%, leis para preven\u00e7\u00e3o de desastres no Brasil n\u00e3o s\u00e3o confi\u00e1veis A popula\u00e7\u00e3o brasileira acredita que h\u00e1 mais barragens em risco de rompimento no pa\u00eds e n\u00e3o&hellip;","_links":{"self":[{"href":"https:\/\/construcaocivil.siriusmarketingedesign.com.br\/index.php?rest_route=\/wp\/v2\/posts\/24358","targetHints":{"allow":["GET"]}}],"collection":[{"href":"https:\/\/construcaocivil.siriusmarketingedesign.com.br\/index.php?rest_route=\/wp\/v2\/posts"}],"about":[{"href":"https:\/\/construcaocivil.siriusmarketingedesign.com.br\/index.php?rest_route=\/wp\/v2\/types\/post"}],"author":[{"embeddable":true,"href":"https:\/\/construcaocivil.siriusmarketingedesign.com.br\/index.php?rest_route=\/wp\/v2\/users\/1"}],"replies":[{"embeddable":true,"href":"https:\/\/construcaocivil.siriusmarketingedesign.com.br\/index.php?rest_route=%2Fwp%2Fv2%2Fcomments&post=24358"}],"version-history":[{"count":0,"href":"https:\/\/construcaocivil.siriusmarketingedesign.com.br\/index.php?rest_route=\/wp\/v2\/posts\/24358\/revisions"}],"wp:featuredmedia":[{"embeddable":true,"href":"https:\/\/construcaocivil.siriusmarketingedesign.com.br\/index.php?rest_route=\/wp\/v2\/media\/24359"}],"wp:attachment":[{"href":"https:\/\/construcaocivil.siriusmarketingedesign.com.br\/index.php?rest_route=%2Fwp%2Fv2%2Fmedia&parent=24358"}],"wp:term":[{"taxonomy":"category","embeddable":true,"href":"https:\/\/construcaocivil.siriusmarketingedesign.com.br\/index.php?rest_route=%2Fwp%2Fv2%2Fcategories&post=24358"},{"taxonomy":"post_tag","embeddable":true,"href":"https:\/\/construcaocivil.siriusmarketingedesign.com.br\/index.php?rest_route=%2Fwp%2Fv2%2Ftags&post=24358"}],"curies":[{"name":"wp","href":"https:\/\/api.w.org\/{rel}","templated":true}]}}