{"id":24378,"date":"2024-10-04T10:10:25","date_gmt":"2024-10-04T13:10:25","guid":{"rendered":"https:\/\/www.jornaldaconstrucaocivil.com.br\/?p=24378"},"modified":"2024-10-04T10:48:09","modified_gmt":"2024-10-04T13:48:09","slug":"eleicoes-2024-candidatos-nao-apresentam-solucao-reais-para-enfrentar-falta-de-saneamento-habitacao-e-empregabilidade-nas-27-principais-capitais-brasileiras","status":"publish","type":"post","link":"https:\/\/construcaocivil.siriusmarketingedesign.com.br\/?p=24378","title":{"rendered":"Elei\u00e7\u00f5es 2024: Candidatos n\u00e3o apresentam solu\u00e7\u00e3o REAIS para enfrentar falta de SANEAMENTO, HABITA\u00c7AO e EMPREGABILIDADE nas 27 principais capitais brasileiras"},"content":{"rendered":"<p><span style=\"color: #993300;\">@severianrocha<\/span><\/p>\n<p style=\"text-align: justify;\"><span style=\"color: #993300;\">Setembro<\/span> &#8211; No Brasil milh\u00f5es de brasileiros ainda vivem sem suas casas pr\u00f3prias. Neste cen\u00e1rio tr\u00e1gico atual muitos desses brasileiros <span style=\"color: #0000ff;\"><strong>ABANDONADOS<\/strong><\/span> moram em lugares insalubres, sem saneamento b\u00e1sico, agua, luz, sa\u00fade, \u00e1rea de lazer, empregos e distantes dos equipamentos p\u00fablicos e dos locais de trabalho. S\u00e3o explorados por mil\u00edcias, tr\u00e1fico, pelas especula\u00e7\u00f5es\u00a0 imobili\u00e1rias(BANCOS e JUROS ALTOS), restri\u00e7\u00f5es banc\u00e1rias ou sem conseguir <strong><span style=\"color: #0000ff;\">DINHEIRO<\/span><\/strong> para pagar entrada num im\u00f3vel novo, que geralmente custa entre 5 mil e 30 mil.<\/p>\n<p style=\"text-align: justify;\">No \u00faltimos 14 anos,\u00a0 o Programa Minha Casa Minha Vida se tornou um caminho vi\u00e1vel, por\u00e9m ainda \u00e9 ineficiente para atingir o foco central da problem\u00e1tica de habita\u00e7\u00e3o urbana nacional ou seja fazer o brasileiro com renda ZERO at\u00e9 5 Sal\u00e1rios m\u00ednimos ter sua PRIMEIRA CASA PR\u00d3PRIA. Reocupar os centros urbanos com moradias populares por enquanto \u00e9 muito t\u00edmido.<\/p>\n<p style=\"text-align: justify;\">Entre os candidatos\u00a0 postulantes ao cargo de prefeito, das 27 principais cidades brasileiras, nenhum candidato(a), apresentou qualquer proposta REAL para enfrentar o problema habita\u00e7\u00e3o urbana brasileira.<\/p>\n<p style=\"text-align: justify;\"><strong>Eduardo<\/strong> <strong>Paes<\/strong>\/PSD &#8211; Tenta reelei\u00e7\u00e3o na cidade do Rio de Janeiro e tem como foco \u00e0 \u00e1rea do Porto Maravilha e Zona da Leopoldina<\/p>\n<div id=\"chunk-6k71f\" style=\"text-align: justify;\">\n<div class=\"mc-column content-text active-extra-styles \" data-block-type=\"unstyled\" data-block-weight=\"54\" data-block-id=\"6\">\n<p class=\" content-text__container \" data-track-category=\"Link no Texto\" data-track-links=\"\" data-mrf-recirculation=\"Article links\"><em>&#8220;A gente tem o Parque<\/em> do<em> Porto, que \u00e9 a possibilidade de a gente pegar ali depois do Museu do amanh\u00e3 em dire\u00e7\u00e3o aos Piers, e fazer ali um parque Sobre a \u00e1gua. O projeto est\u00e1 caminhando bem, estamos detalhando, falando com os v\u00e1rios atores envolvidos. E vamos continuar investindo nessa regi\u00e3o&#8221;, comentou Paes.<\/em><\/p>\n<p data-track-category=\"Link no Texto\" data-track-links=\"\" data-mrf-recirculation=\"Article links\"><strong>Tarc\u00edsio Mota &#8211; PSOL:\u00a0<\/strong><\/p>\n<div id=\"chunk-549iq\">\n<div class=\"mc-column content-text active-extra-styles\" data-block-type=\"raw\" data-block-weight=\"56\" data-block-id=\"8\">\n<blockquote class=\"content-blockquote theme-border-color-primary-before\"><p><span style=\"color: #993300;\"><em>&#8220;Tem que ter moradia, moradia popular. Aqui os terrenos s\u00e3o p\u00fablicos, pr\u00e9dios vazios. Tem muita gente sem casa e casa sem gente. O papel do poder p\u00fablico \u00e9 transformar tudo isso em moradia popular. O papel da prefeitura \u00e9 garantir esses direitos. Cada ocupa\u00e7\u00e3o no Centro da cidade, vai virar moradia para quem precisa&#8221;, disse Motta(Fonte G1).<\/em><\/span><\/p><\/blockquote>\n<p><strong>Alexandre Ramagem &#8211; PL:<\/strong><\/p>\n<p><em>\u201cO que falta aqui \u00e9 um bom planejamento de estrutura. O que vemos \u00e9 a demonstra\u00e7\u00e3o do total descaso com as pessoas, como em tantas regi\u00f5es do Rio. Vamos trazer um pacote de melhorias, melhorar o saneamento b\u00e1sico, cuidar da ilumina\u00e7\u00e3o p\u00fablica, dentro do nosso projeto de fortalecer a seguran\u00e7a p\u00fablica. A partir da\u00ed, vamos trazer mais desenvolvimento para toda a regi\u00e3o, incluindo a regulariza\u00e7\u00e3o fundi\u00e1ria, que ser\u00e1 transversal a todo o projeto de ordenamento da localidade\u201d, declarou Ramagem.<\/em><\/p>\n<figure class=\"wp-block-embed is-type-video is-provider-youtube wp-block-embed-youtube wp-embed-aspect-16-9 wp-has-aspect-ratio\">\n<div class=\"wp-block-embed__wrapper\"><\/div>\n<\/figure>\n<\/div>\n<\/div>\n<div id=\"chunk-8pcej\">\n<div class=\"mc-column content-text active-extra-styles\" data-block-type=\"raw\" data-block-weight=\"17\" data-block-id=\"9\">\n<p class=\"content-text__container\" data-mrf-recirculation=\"Article links\">Em S\u00e3o Paulo, os candidatos apresentam a\u00e7\u00f5es mirabolantes e t\u00edmidas para enfrentar o grave problema do d\u00e9ficit habitacional ou seja nada compras das ENTRADAS\/SINAL para o cidad\u00e3o comum comprar sua casa pr\u00f3pria.<\/p>\n<\/div>\n<\/div>\n<\/div>\n<\/div>\n<div id=\"chunk-76epq\" style=\"text-align: justify;\">\n<div class=\"mc-column content-text active-extra-styles\" data-block-type=\"raw\" data-block-weight=\"24\" data-block-id=\"7\">\n<p class=\"content-text__container\" data-mrf-recirculation=\"Article links\"><strong>Guilherme Boulos\/PSOL:\u00a0<\/strong><\/p>\n<p><span style=\"color: #993300;\"><em>&#8220;\u00c9 uma quest\u00e3o de honra e humanidade. Essa ser\u00e1 uma das nossas primeiras preocupa\u00e7\u00f5es. Com o plano baseado primeiro em moradia social, em acolhimento humanizado para as popula\u00e7\u00f5es em situa\u00e7\u00e3o de rua. Que possa levar seu cachorro, sua carro\u00e7a, que seja tratada com dignidade&#8221;, complementou Boulos. (Fonte\/BdeF)<\/em><\/span><\/p>\n<p><strong>Ricardo Nunes, atual prefeito de S\u00e3o Paulo:\u00a0<\/strong><\/p>\n<p><em>&#8220;Uma das metas \u00e9 a constru\u00e7\u00e3o de 853 unidades habitacionais na Vila Leopoldina. Objeto de mudan\u00e7a de regras aprovada pelos vereadores em 2023, o bairro tem tr\u00eas favelas e teve facilitada a cria\u00e7\u00e3o de habita\u00e7\u00f5es populares. Nunes tamb\u00e9m quer reformar os conjuntos habitacionais com mais de 10 anos&#8221;. (Fonte\/UOL)<\/em><\/p>\n<p><strong>Pablo Mar\u00e7al\/PRTB:<\/strong><\/p>\n<p><span style=\"color: #993300;\"><em>&#8220;Mar\u00e7al quer transformar im\u00f3veis vazios em habita\u00e7\u00e3o popular. &#8220;Faremos o maior programa habitacional da hist\u00f3ria, com a constru\u00e7\u00e3o de novas casas nas periferias e com mapeamento, gest\u00e3o e transforma\u00e7\u00e3o de im\u00f3veis vazios na cidade em habita\u00e7\u00f5es populares, em parceria com o setor privado&#8221;, diz ele, sem se comprometer com um n\u00famero m\u00ednimo de im\u00f3veis&#8221;. (Fonte\/UOL).<\/em><\/span><\/p>\n<p>Em outras cidades brasileiras, de norte ao sul, o cen\u00e1rio da moradia \u00e9 o pior poss\u00edvel. DEFICIT HABITACIONA, #URBANIZA\u00c7AO E #SANAEMENTO\u00a0 \u00e9 igual ao Brasil do desenvolvimento, emprego e renda.<\/p>\n<\/div>\n<\/div>\n<p style=\"text-align: justify;\">#Favelas<\/p>\n","protected":false},"excerpt":{"rendered":"<p>@severianrocha Setembro &#8211; No Brasil milh\u00f5es de brasileiros ainda vivem sem suas casas pr\u00f3prias. Neste cen\u00e1rio tr\u00e1gico atual muitos desses brasileiros ABANDONADOS moram em lugares insalubres, sem saneamento b\u00e1sico, agua, luz, sa\u00fade, \u00e1rea de lazer, empregos e distantes dos equipamentos p\u00fablicos e dos locais de trabalho. S\u00e3o explorados por mil\u00edcias, tr\u00e1fico, pelas especula\u00e7\u00f5es\u00a0 imobili\u00e1rias(BANCOS e [&hellip;]<\/p>\n","protected":false},"author":1,"featured_media":24506,"comment_status":"open","ping_status":"open","sticky":false,"template":"","format":"standard","meta":{"_uag_custom_page_level_css":"","footnotes":""},"categories":[31],"tags":[15722,26897,26931,3961,26865,26932,7692,26896,25527],"class_list":["post-24378","post","type-post","status-publish","format-standard","has-post-thumbnail","hentry","category-infraestrutura","tag-sp","tag-boulos","tag-brasileiros-sem-casa","tag-eduardo-paes","tag-eleicoes-2024","tag-especulacao-e-grilagem-imobiliaria","tag-minha-casa-minha-vida","tag-pablo-marcal","tag-rj"],"blocksy_meta":[],"spectra_blocks_featured_image_url":{"thumbnail":{"url":"https:\/\/construcaocivil.siriusmarketingedesign.com.br\/wp-content\/uploads\/2024\/10\/IMG_20240220_191952-150x150.jpg","width":150,"height":150},"medium":{"url":"https:\/\/construcaocivil.siriusmarketingedesign.com.br\/wp-content\/uploads\/2024\/10\/IMG_20240220_191952-300x225.jpg","width":300,"height":225},"medium_large":{"url":"https:\/\/construcaocivil.siriusmarketingedesign.com.br\/wp-content\/uploads\/2024\/10\/IMG_20240220_191952-768x576.jpg","width":768,"height":576},"large":{"url":"https:\/\/construcaocivil.siriusmarketingedesign.com.br\/wp-content\/uploads\/2024\/10\/IMG_20240220_191952-1024x768.jpg","width":1024,"height":768},"full":{"url":"https:\/\/construcaocivil.siriusmarketingedesign.com.br\/wp-content\/uploads\/2024\/10\/IMG_20240220_191952-scaled.jpg","width":2560,"height":1920}},"spectra_blocks_author_info":{"display_name":"Jornal da Constru\u00e7\u00e3o Civil","avatar_url":"https:\/\/secure.gravatar.com\/avatar\/973c9774fd44ddaceb026973c4962faa70fc512bc4c9da68e8ebb40fecee6540?s=96&d=mm&r=g","author_link":"https:\/\/construcaocivil.siriusmarketingedesign.com.br\/?author=1","description":"Desde de 2013, levando muitas informa\u00e7\u00f5es, lan\u00e7amentos e produtos de qualidade para toda cadeia produtiva da constru\u00e7\u00e3o. O Futuro da constru\u00e7\u00e3o passa por aqui,"},"uagb_featured_image_src":{"full":["https:\/\/construcaocivil.siriusmarketingedesign.com.br\/wp-content\/uploads\/2024\/10\/IMG_20240220_191952-scaled.jpg",2560,1920,false],"thumbnail":["https:\/\/construcaocivil.siriusmarketingedesign.com.br\/wp-content\/uploads\/2024\/10\/IMG_20240220_191952-150x150.jpg",150,150,true],"medium":["https:\/\/construcaocivil.siriusmarketingedesign.com.br\/wp-content\/uploads\/2024\/10\/IMG_20240220_191952-300x225.jpg",300,225,true],"medium_large":["https:\/\/construcaocivil.siriusmarketingedesign.com.br\/wp-content\/uploads\/2024\/10\/IMG_20240220_191952-768x576.jpg",768,576,true],"large":["https:\/\/construcaocivil.siriusmarketingedesign.com.br\/wp-content\/uploads\/2024\/10\/IMG_20240220_191952-1024x768.jpg",1024,768,true],"1536x1536":["https:\/\/construcaocivil.siriusmarketingedesign.com.br\/wp-content\/uploads\/2024\/10\/IMG_20240220_191952-1536x1152.jpg",1536,1152,true],"2048x2048":["https:\/\/construcaocivil.siriusmarketingedesign.com.br\/wp-content\/uploads\/2024\/10\/IMG_20240220_191952-2048x1536.jpg",2048,1536,true]},"uagb_author_info":{"display_name":"Jornal da Constru\u00e7\u00e3o Civil","author_link":"https:\/\/construcaocivil.siriusmarketingedesign.com.br\/?author=1"},"uagb_comment_info":0,"uagb_excerpt":"@severianrocha Setembro &#8211; No Brasil milh\u00f5es de brasileiros ainda vivem sem suas casas pr\u00f3prias. Neste cen\u00e1rio tr\u00e1gico atual muitos desses brasileiros ABANDONADOS moram em lugares insalubres, sem saneamento b\u00e1sico, agua, luz, sa\u00fade, \u00e1rea de lazer, empregos e distantes dos equipamentos p\u00fablicos e dos locais de trabalho. S\u00e3o explorados por mil\u00edcias, tr\u00e1fico, pelas especula\u00e7\u00f5es\u00a0 imobili\u00e1rias(BANCOS e&hellip;","_links":{"self":[{"href":"https:\/\/construcaocivil.siriusmarketingedesign.com.br\/index.php?rest_route=\/wp\/v2\/posts\/24378","targetHints":{"allow":["GET"]}}],"collection":[{"href":"https:\/\/construcaocivil.siriusmarketingedesign.com.br\/index.php?rest_route=\/wp\/v2\/posts"}],"about":[{"href":"https:\/\/construcaocivil.siriusmarketingedesign.com.br\/index.php?rest_route=\/wp\/v2\/types\/post"}],"author":[{"embeddable":true,"href":"https:\/\/construcaocivil.siriusmarketingedesign.com.br\/index.php?rest_route=\/wp\/v2\/users\/1"}],"replies":[{"embeddable":true,"href":"https:\/\/construcaocivil.siriusmarketingedesign.com.br\/index.php?rest_route=%2Fwp%2Fv2%2Fcomments&post=24378"}],"version-history":[{"count":0,"href":"https:\/\/construcaocivil.siriusmarketingedesign.com.br\/index.php?rest_route=\/wp\/v2\/posts\/24378\/revisions"}],"wp:featuredmedia":[{"embeddable":true,"href":"https:\/\/construcaocivil.siriusmarketingedesign.com.br\/index.php?rest_route=\/wp\/v2\/media\/24506"}],"wp:attachment":[{"href":"https:\/\/construcaocivil.siriusmarketingedesign.com.br\/index.php?rest_route=%2Fwp%2Fv2%2Fmedia&parent=24378"}],"wp:term":[{"taxonomy":"category","embeddable":true,"href":"https:\/\/construcaocivil.siriusmarketingedesign.com.br\/index.php?rest_route=%2Fwp%2Fv2%2Fcategories&post=24378"},{"taxonomy":"post_tag","embeddable":true,"href":"https:\/\/construcaocivil.siriusmarketingedesign.com.br\/index.php?rest_route=%2Fwp%2Fv2%2Ftags&post=24378"}],"curies":[{"name":"wp","href":"https:\/\/api.w.org\/{rel}","templated":true}]}}