{"id":24399,"date":"2024-09-12T15:58:28","date_gmt":"2024-09-12T18:58:28","guid":{"rendered":"https:\/\/www.jornaldaconstrucaocivil.com.br\/?p=24399"},"modified":"2024-09-12T15:58:28","modified_gmt":"2024-09-12T18:58:28","slug":"grandes-usinas-solares-no-brasil-atingem-15-gw-mas-sofrem-cortes-do-ons-diz-absolar","status":"publish","type":"post","link":"https:\/\/construcaocivil.siriusmarketingedesign.com.br\/?p=24399","title":{"rendered":"Grandes usinas solares no Brasil atingem 15 GW, mas sofrem cortes do ONS, diz Absolar"},"content":{"rendered":"<p style=\"text-align: justify;\">O Brasil acaba de ultrapassar a marca de 15 gigawatts (GW) de capacidade instalada nas grandes usinas solares, informou a Associa\u00e7\u00e3o Brasileira de Energia Solar Fotovoltaica (Absolar), alertando no entanto para o aumento de cortes da opera\u00e7\u00e3o pelo Operador Nacional do Sistema (ONS), &#8220;sem nenhum controle e responsabilidade dos empreendedores&#8221;, tanto nas usinas de energia solar como nas usinas e\u00f3licas.<\/p>\n<p style=\"text-align: justify;\">No caso da energia solar, a entidade informa que em 2022 os cortes de opera\u00e7\u00e3o significaram cerca de R$ 9,3 milh\u00f5es, subindo para R$ 177,6 milh\u00f5es em 2023, e este ano, entre abril e julho, os cortes representaram R$ 50 milh\u00f5es.<\/p>\n<p style=\"text-align: justify;\">Para a entidade, os cortes acendem um alerta para a necessidade de refor\u00e7ar o planejamento e os investimentos na infraestrutura do setor el\u00e9trico, sobretudo em linhas de transmiss\u00e3o e novas formas de armazenar a energia limpa e renov\u00e1vel.<\/p>\n<p style=\"text-align: justify;\">Especialistas j\u00e1 v\u00eam alertando h\u00e1 algum tempo para a necessidade de se incentivar o uso de baterias no Brasil, alternativa usada por v\u00e1rios pa\u00edses que n\u00e3o possuem reservat\u00f3rios de hidrel\u00e9tricas para armazenar energia.<\/p>\n<p style=\"text-align: justify;\">Com o corte das renov\u00e1veis e o temor pelo esvaziamento dos reservat\u00f3rios das hidrel\u00e9tricas durante o atual per\u00edodo seco, que vai at\u00e9 outubro, o ONS \u00e9 obrigado a acionar usinas termel\u00e9tricas, que al\u00e9m de encarecer o pre\u00e7o da energia el\u00e9trica para o consumidor final, aumenta o volume de emiss\u00f5es de gases de efeito estufa (GEE) do Pa\u00eds.<\/p>\n<p style=\"text-align: justify;\">Segundo a Absolar, os empreendimentos solares t\u00eam sofrido cortes recorrentes, gerando um desperd\u00edcio acumulado de energia limpa de cerca de R$ 1 bilh\u00e3o nos \u00faltimos dois anos.<\/p>\n<p style=\"text-align: justify;\">Na avalia\u00e7\u00e3o da entidade, &#8220;\u00e9 plenamente poss\u00edvel aumentar significativamente a participa\u00e7\u00e3o das fontes renov\u00e1veis na matriz el\u00e9trica brasileira, mantendo confiabilidade, seguran\u00e7a e estabilidade, bem como assegurando o equil\u00edbrio t\u00e9cnico e econ\u00f4mico da expans\u00e3o e opera\u00e7\u00e3o do sistema el\u00e9trico do Brasil&#8221;.<\/p>\n<p style=\"text-align: justify;\">O presidente da Absolar, Rodrigo Sauaia, ressaltou que, al\u00e9m de ser uma fonte competitiva e limpa, a maior inser\u00e7\u00e3o da energia solar em grandes usinas \u00e9 fundamental para o Pa\u00eds refor\u00e7ar a economia e impulsionar o processo de transi\u00e7\u00e3o energ\u00e9tica. &#8220;A fonte solar \u00e9 parte desta solu\u00e7\u00e3o e um verdadeiro motor de gera\u00e7\u00e3o de oportunidades, novos empregos verdes e renda aos cidad\u00e3os&#8221;, destacou Sauaia.<\/p>\n<p style=\"text-align: justify;\">\n<p style=\"text-align: justify;\"><strong>Coment\u00e1rio do Engenheiro e CEO\u00a0 da ENERCONS Ivo Pugnaloni.<\/strong><\/p>\n<p style=\"text-align: justify;\">Para o CEO da ENERCONS, engenheiro eletricista Ivo Pugnaloni, a carga no sistema el\u00e9trico que essa nova unidade industrial vai acrescentar n\u00e3o poder\u00e1 ser sustentada por gera\u00e7\u00e3o solar, altamente influenciada por dias nublados, chuvosos e pelo inexor\u00e1vel hor\u00e1rio depois das 16 horas, quando o sol vai se pondo. \u00a0\u201cS\u00f3 fontes hidrel\u00e9tricas ou termel\u00e9tricas podem suprir cargas como essa, pois s\u00e3o permanentes. Resta saber se o Minist\u00e9rio de Minas e Energia vai preferir gerar energia el\u00e9trica com \u00e1gua nacional, ou com derivados de petr\u00f3leo importados, car\u00edssimos e poluentes\u201d comentou.<\/p>\n<p style=\"text-align: justify;\">Pugnaloni lamentou estar ainda paralisada nas assessorias do MME , h\u00e1 tr\u00eas anos, a precifica\u00e7\u00e3o das externalidades ( benef\u00edcios e preju\u00edzos adicionais ao meio ambiente) de cada fonte. \u201cTalvez seja a a\u00e7\u00e3o dos poderosos \u201clobbies\u201d \u00a0aos quais se referiu o pr\u00f3prio ministro Silveira na sua excelente entrevista \u00e0 CNN, semana passada\u201d, disse o executivo que foi diretor de planejamento da COPEL , concession\u00e1ria do Paran\u00e1.<\/p>\n<p style=\"text-align: justify;\">\u201cN\u00e3o h\u00e1 como negar que as assessorias do MME estar\u00e3o fazendo o governo incorrer em grave risco de judicializa\u00e7\u00e3o caso o Leil\u00e3o de Reserva de Capacidade n\u00e3o venha a atender ao artigo 26, par\u00e1grafo 1-G que determina que todos os benef\u00edcios ambientais e de garantia de fornecimento sejam considerados, nos certames como esse, que envolvem centenas de bilh\u00f5es de reais em energia el\u00e9trica, disse ele.<\/p>\n<p style=\"text-align: justify;\">\u201cVejam leitores o que diz a Lei 9784\/99 Art. 26 \u00a7 1\u00ba-G. \u201cO Poder Executivo federal definir\u00e1 diretrizes para a implementa\u00e7\u00e3o, no setor el\u00e9trico, de mecanismos para a considera\u00e7\u00e3o dos benef\u00edcios ambientais, em conson\u00e2ncia com mecanismos para a garantia da seguran\u00e7a do suprimento e da competitividade, no prazo de 12 (doze) meses, contado a partir da data de publica\u00e7\u00e3o deste par\u00e1grafo. Se isso n\u00e3o aconteceu, o MME corre o risco de um mandado de seguran\u00e7a interromper todo esse processo de compra enorme, pois a data de publica\u00e7\u00e3o deste par\u00e1grafo foi 01.03.21. E quem aviusa, geralmente, amigo \u00e9\u201d, adendou.<\/p>\n<p style=\"text-align: justify;\">\u201cO atual governo brasileiro precisa entender, de uma vez por todas, que n\u00e3o basta gera\u00e7\u00e3o solar e e\u00f3lica para fazer a transi\u00e7\u00e3o energ\u00e9tica, pois elas s\u00e3o fontes intermitentes. Param de uma hora para a outra de produzir. Essas duas fontes s\u00e3o muito boas, mas tem esse grave defeito. Sem novas hidrel\u00e9tricas para completar a gera\u00e7\u00e3o faltante da solar e e\u00f3lica a cada momento, a nossa matriz vai ter que usar cada vez mais termel\u00e9tricas que j\u00e1 s\u00e3o, gra\u00e7as \u00e0s manobras desses lobbies, mais de 37% da capacidade instalada do Brasil\u201d, concluiu preocupado Ivo Pugnaloni.<\/p>\n<div>\n<div style=\"text-align: justify;\"><\/div>\n<\/div>\n","protected":false},"excerpt":{"rendered":"<p>O Brasil acaba de ultrapassar a marca de 15 gigawatts (GW) de capacidade instalada nas grandes usinas solares, informou a Associa\u00e7\u00e3o Brasileira de Energia Solar Fotovoltaica (Absolar), alertando no entanto para o aumento de cortes da opera\u00e7\u00e3o pelo Operador Nacional do Sistema (ONS), &#8220;sem nenhum controle e responsabilidade dos empreendedores&#8221;, tanto nas usinas de energia [&hellip;]<\/p>\n","protected":false},"author":1,"featured_media":24400,"comment_status":"open","ping_status":"open","sticky":false,"template":"","format":"standard","meta":{"_uag_custom_page_level_css":"","footnotes":""},"categories":[29],"tags":[4305,26881,5399,7767,26882],"class_list":["post-24399","post","type-post","status-publish","format-standard","has-post-thumbnail","hentry","category-energia","tag-energia-limpa","tag-energia-solar-cortes-de-dinheiro","tag-geracao-de-energia","tag-mme","tag-ons-operador-nacional-do-sistema"],"blocksy_meta":[],"spectra_blocks_featured_image_url":{"thumbnail":{"url":"https:\/\/construcaocivil.siriusmarketingedesign.com.br\/wp-content\/uploads\/2024\/09\/unnamed-4-150x150.jpg","width":150,"height":150},"medium":{"url":"https:\/\/construcaocivil.siriusmarketingedesign.com.br\/wp-content\/uploads\/2024\/09\/unnamed-4-300x199.jpg","width":300,"height":199},"medium_large":{"url":"https:\/\/construcaocivil.siriusmarketingedesign.com.br\/wp-content\/uploads\/2024\/09\/unnamed-4-768x510.jpg","width":768,"height":510},"large":{"url":"https:\/\/construcaocivil.siriusmarketingedesign.com.br\/wp-content\/uploads\/2024\/09\/unnamed-4.jpg","width":800,"height":531},"full":{"url":"https:\/\/construcaocivil.siriusmarketingedesign.com.br\/wp-content\/uploads\/2024\/09\/unnamed-4.jpg","width":800,"height":531}},"spectra_blocks_author_info":{"display_name":"Jornal da Constru\u00e7\u00e3o Civil","avatar_url":"https:\/\/secure.gravatar.com\/avatar\/973c9774fd44ddaceb026973c4962faa70fc512bc4c9da68e8ebb40fecee6540?s=96&d=mm&r=g","author_link":"https:\/\/construcaocivil.siriusmarketingedesign.com.br\/?author=1","description":"Desde de 2013, levando muitas informa\u00e7\u00f5es, lan\u00e7amentos e produtos de qualidade para toda cadeia produtiva da constru\u00e7\u00e3o. O Futuro da constru\u00e7\u00e3o passa por aqui,"},"uagb_featured_image_src":{"full":["https:\/\/construcaocivil.siriusmarketingedesign.com.br\/wp-content\/uploads\/2024\/09\/unnamed-4.jpg",800,531,false],"thumbnail":["https:\/\/construcaocivil.siriusmarketingedesign.com.br\/wp-content\/uploads\/2024\/09\/unnamed-4-150x150.jpg",150,150,true],"medium":["https:\/\/construcaocivil.siriusmarketingedesign.com.br\/wp-content\/uploads\/2024\/09\/unnamed-4-300x199.jpg",300,199,true],"medium_large":["https:\/\/construcaocivil.siriusmarketingedesign.com.br\/wp-content\/uploads\/2024\/09\/unnamed-4-768x510.jpg",768,510,true],"large":["https:\/\/construcaocivil.siriusmarketingedesign.com.br\/wp-content\/uploads\/2024\/09\/unnamed-4.jpg",800,531,false],"1536x1536":["https:\/\/construcaocivil.siriusmarketingedesign.com.br\/wp-content\/uploads\/2024\/09\/unnamed-4.jpg",800,531,false],"2048x2048":["https:\/\/construcaocivil.siriusmarketingedesign.com.br\/wp-content\/uploads\/2024\/09\/unnamed-4.jpg",800,531,false]},"uagb_author_info":{"display_name":"Jornal da Constru\u00e7\u00e3o Civil","author_link":"https:\/\/construcaocivil.siriusmarketingedesign.com.br\/?author=1"},"uagb_comment_info":0,"uagb_excerpt":"O Brasil acaba de ultrapassar a marca de 15 gigawatts (GW) de capacidade instalada nas grandes usinas solares, informou a Associa\u00e7\u00e3o Brasileira de Energia Solar Fotovoltaica (Absolar), alertando no entanto para o aumento de cortes da opera\u00e7\u00e3o pelo Operador Nacional do Sistema (ONS), &#8220;sem nenhum controle e responsabilidade dos empreendedores&#8221;, tanto nas usinas de energia&hellip;","_links":{"self":[{"href":"https:\/\/construcaocivil.siriusmarketingedesign.com.br\/index.php?rest_route=\/wp\/v2\/posts\/24399","targetHints":{"allow":["GET"]}}],"collection":[{"href":"https:\/\/construcaocivil.siriusmarketingedesign.com.br\/index.php?rest_route=\/wp\/v2\/posts"}],"about":[{"href":"https:\/\/construcaocivil.siriusmarketingedesign.com.br\/index.php?rest_route=\/wp\/v2\/types\/post"}],"author":[{"embeddable":true,"href":"https:\/\/construcaocivil.siriusmarketingedesign.com.br\/index.php?rest_route=\/wp\/v2\/users\/1"}],"replies":[{"embeddable":true,"href":"https:\/\/construcaocivil.siriusmarketingedesign.com.br\/index.php?rest_route=%2Fwp%2Fv2%2Fcomments&post=24399"}],"version-history":[{"count":0,"href":"https:\/\/construcaocivil.siriusmarketingedesign.com.br\/index.php?rest_route=\/wp\/v2\/posts\/24399\/revisions"}],"wp:featuredmedia":[{"embeddable":true,"href":"https:\/\/construcaocivil.siriusmarketingedesign.com.br\/index.php?rest_route=\/wp\/v2\/media\/24400"}],"wp:attachment":[{"href":"https:\/\/construcaocivil.siriusmarketingedesign.com.br\/index.php?rest_route=%2Fwp%2Fv2%2Fmedia&parent=24399"}],"wp:term":[{"taxonomy":"category","embeddable":true,"href":"https:\/\/construcaocivil.siriusmarketingedesign.com.br\/index.php?rest_route=%2Fwp%2Fv2%2Fcategories&post=24399"},{"taxonomy":"post_tag","embeddable":true,"href":"https:\/\/construcaocivil.siriusmarketingedesign.com.br\/index.php?rest_route=%2Fwp%2Fv2%2Ftags&post=24399"}],"curies":[{"name":"wp","href":"https:\/\/api.w.org\/{rel}","templated":true}]}}