{"id":24415,"date":"2024-09-15T12:32:41","date_gmt":"2024-09-15T15:32:41","guid":{"rendered":"https:\/\/www.jornaldaconstrucaocivil.com.br\/?p=24415"},"modified":"2024-09-15T12:32:41","modified_gmt":"2024-09-15T15:32:41","slug":"habitacao-dprj-assina-tac-que-indeniza-ex-moradores-do-predio-da-caixa","status":"publish","type":"post","link":"https:\/\/construcaocivil.siriusmarketingedesign.com.br\/?p=24415","title":{"rendered":"Habita\u00e7\u00e3o: DPRJ assina TAC que indeniza ex-moradores do &#8216;Pr\u00e9dio da Caixa&#8217;"},"content":{"rendered":"<p style=\"text-align: justify;\">A Defensoria P\u00fablica do Estado do Rio de Janeiro celebrou, nesta semana, um Termo de Ajustamento de Conduta (TAC) com o Munic\u00edpio de Niter\u00f3i e o Minist\u00e9rio P\u00fablico do Estado do Rio de Janeiro para assegurar a indeniza\u00e7\u00e3o de propriet\u00e1rios e possuidores das unidades habitacionais (pessoas que moravam no local, mas n\u00e3o tinham a documenta\u00e7\u00e3o de propriet\u00e1rios) do Edif\u00edcio Nossa Senhora da Concei\u00e7\u00e3o, mais conhecido como &#8220;<strong>Pr\u00e9dio da Caixa&#8221;<\/strong>, no Centro de Niter\u00f3i.<\/p>\n<p style=\"text-align: justify;\">O edif\u00edcio, que abrigava 382 unidades residenciais e 13 lojas, foi desocupado em 2019, ap\u00f3s um pedido feito pelo Minist\u00e9rio P\u00fablico numa a\u00e7\u00e3o que alegou riscos de inc\u00eandio e condi\u00e7\u00f5es de moradia prec\u00e1rias. Desde ent\u00e3o, o im\u00f3vel foi desapropriado pelo munic\u00edpio e muitas fam\u00edlias que residiam no pr\u00e9dio se encontram em situa\u00e7\u00e3o de vulnerabilidade social.<\/p>\n<p style=\"text-align: justify;\">O acordo, celebrado por meio do 6\u00b0 N\u00facleo Regional de Tutela Coletiva da Defensoria P\u00fablica e pela coordena\u00e7\u00e3o da Tutela Coletiva, estabelece crit\u00e9rios para o pagamento de indeniza\u00e7\u00f5es a antigos moradores pela desapropria\u00e7\u00e3o.<\/p>\n<p style=\"text-align: justify;\">A indeniza\u00e7\u00e3o ser\u00e1 destinada tanto a propriet\u00e1rios quanto a possuidores que residiram no im\u00f3vel por mais de cinco anos, sem oposi\u00e7\u00e3o, e que utilizavam as unidades como moradia pr\u00f3pria. Para aqueles que tinham o im\u00f3vel por menos tempo, o TAC garante o direito a uma indeniza\u00e7\u00e3o proporcional, que varia de 20% a 80% do valor de mercado da unidade, conforme o tempo de posse. O morador poder\u00e1 optar ainda por ser inclu\u00eddo em programas habitacionais, como o\u00a0&#8220;Minha casa, minha vida&#8221;.<\/p>\n<p style=\"text-align: justify;\">A defensora p\u00fablica Mariana Lins e Silva, respons\u00e1vel pelo caso, afirmou que o acordo representa um importante avan\u00e7o para as fam\u00edlias.<\/p>\n<p style=\"text-align: justify;\">\u2013 Estas pessoas foram expulsas de suas casas, impedidas por longo tempo de retornar para pegar seus pertences e viveram dramas muito dolorosos. Procuramos, com o acordo, criar condi\u00e7\u00f5es para que possam virar esta p\u00e1gina e recome\u00e7ar \u2013 disse a defensora.<\/p>\n<p style=\"text-align: justify;\">O acordo tamb\u00e9m prev\u00ea rotinas administrativas claras para que os interessados comprovem a posse ou a propriedade do im\u00f3vel e possam receber a indeniza\u00e7\u00e3o. O prazo para pagamento ser\u00e1 de at\u00e9 120 dias, e, caso haja atraso, uma multa di\u00e1ria de R$ 1.000,00 ser\u00e1 aplicada ao munic\u00edpio.<\/p>\n<p style=\"text-align: justify;\">\u2013 O TAC celebrado \u00e9 uma forma de garantir uma indeniza\u00e7\u00e3o justa \u00e0s pessoas desalojadas, que, ap\u00f3s tantas viola\u00e7\u00f5es, precisam reconstruir suas vidas \u2013 completou a coordenadora de Tutela Coletiva, defensora Rafaela Jahara.<\/p>\n<p style=\"text-align: justify;\">Quanto ao destino do \u201cPr\u00e9dio da Caixa\u201d, o Munic\u00edpio de Niter\u00f3i compromete-se a destinar o im\u00f3vel desapropriado a habita\u00e7\u00f5es de interesse social.<\/p>\n<p style=\"text-align: justify;\">O TAC tamb\u00e9m inclui a divulga\u00e7\u00e3o ampla de suas disposi\u00e7\u00f5es nos canais institucionais da Prefeitura de Niter\u00f3i, assegurando o acesso \u00e0 informa\u00e7\u00e3o por parte da popula\u00e7\u00e3o afetada.<\/p>\n","protected":false},"excerpt":{"rendered":"<p>A Defensoria P\u00fablica do Estado do Rio de Janeiro celebrou, nesta semana, um Termo de Ajustamento de Conduta (TAC) com o Munic\u00edpio de Niter\u00f3i e o Minist\u00e9rio P\u00fablico do Estado do Rio de Janeiro para assegurar a indeniza\u00e7\u00e3o de propriet\u00e1rios e possuidores das unidades habitacionais (pessoas que moravam no local, mas n\u00e3o tinham a documenta\u00e7\u00e3o [&hellip;]<\/p>\n","protected":false},"author":1,"featured_media":24417,"comment_status":"open","ping_status":"open","sticky":false,"template":"","format":"standard","meta":{"_uag_custom_page_level_css":"","footnotes":""},"categories":[1],"tags":[24675,1675,26274,25238,8127,26893],"class_list":["post-24415","post","type-post","status-publish","format-standard","has-post-thumbnail","hentry","category-sem-categoria","tag-minhacasaminhavida","tag-caixa","tag-dp-rj","tag-habitacao-populares","tag-niteroi","tag-predio-da-caixa"],"blocksy_meta":[],"spectra_blocks_featured_image_url":{"thumbnail":{"url":"https:\/\/construcaocivil.siriusmarketingedesign.com.br\/wp-content\/uploads\/2024\/09\/MORADIAS-NITEROI-OK-150x150.jpg","width":150,"height":150},"medium":{"url":"https:\/\/construcaocivil.siriusmarketingedesign.com.br\/wp-content\/uploads\/2024\/09\/MORADIAS-NITEROI-OK-300x206.jpg","width":300,"height":206},"medium_large":{"url":"https:\/\/construcaocivil.siriusmarketingedesign.com.br\/wp-content\/uploads\/2024\/09\/MORADIAS-NITEROI-OK.jpg","width":558,"height":384},"large":{"url":"https:\/\/construcaocivil.siriusmarketingedesign.com.br\/wp-content\/uploads\/2024\/09\/MORADIAS-NITEROI-OK.jpg","width":558,"height":384},"full":{"url":"https:\/\/construcaocivil.siriusmarketingedesign.com.br\/wp-content\/uploads\/2024\/09\/MORADIAS-NITEROI-OK.jpg","width":558,"height":384}},"spectra_blocks_author_info":{"display_name":"Jornal da Constru\u00e7\u00e3o Civil","avatar_url":"https:\/\/secure.gravatar.com\/avatar\/973c9774fd44ddaceb026973c4962faa70fc512bc4c9da68e8ebb40fecee6540?s=96&d=mm&r=g","author_link":"https:\/\/construcaocivil.siriusmarketingedesign.com.br\/?author=1","description":"Desde de 2013, levando muitas informa\u00e7\u00f5es, lan\u00e7amentos e produtos de qualidade para toda cadeia produtiva da constru\u00e7\u00e3o. O Futuro da constru\u00e7\u00e3o passa por aqui,"},"uagb_featured_image_src":{"full":["https:\/\/construcaocivil.siriusmarketingedesign.com.br\/wp-content\/uploads\/2024\/09\/MORADIAS-NITEROI-OK.jpg",558,384,false],"thumbnail":["https:\/\/construcaocivil.siriusmarketingedesign.com.br\/wp-content\/uploads\/2024\/09\/MORADIAS-NITEROI-OK-150x150.jpg",150,150,true],"medium":["https:\/\/construcaocivil.siriusmarketingedesign.com.br\/wp-content\/uploads\/2024\/09\/MORADIAS-NITEROI-OK-300x206.jpg",300,206,true],"medium_large":["https:\/\/construcaocivil.siriusmarketingedesign.com.br\/wp-content\/uploads\/2024\/09\/MORADIAS-NITEROI-OK.jpg",558,384,false],"large":["https:\/\/construcaocivil.siriusmarketingedesign.com.br\/wp-content\/uploads\/2024\/09\/MORADIAS-NITEROI-OK.jpg",558,384,false],"1536x1536":["https:\/\/construcaocivil.siriusmarketingedesign.com.br\/wp-content\/uploads\/2024\/09\/MORADIAS-NITEROI-OK.jpg",558,384,false],"2048x2048":["https:\/\/construcaocivil.siriusmarketingedesign.com.br\/wp-content\/uploads\/2024\/09\/MORADIAS-NITEROI-OK.jpg",558,384,false]},"uagb_author_info":{"display_name":"Jornal da Constru\u00e7\u00e3o Civil","author_link":"https:\/\/construcaocivil.siriusmarketingedesign.com.br\/?author=1"},"uagb_comment_info":0,"uagb_excerpt":"A Defensoria P\u00fablica do Estado do Rio de Janeiro celebrou, nesta semana, um Termo de Ajustamento de Conduta (TAC) com o Munic\u00edpio de Niter\u00f3i e o Minist\u00e9rio P\u00fablico do Estado do Rio de Janeiro para assegurar a indeniza\u00e7\u00e3o de propriet\u00e1rios e possuidores das unidades habitacionais (pessoas que moravam no local, mas n\u00e3o tinham a documenta\u00e7\u00e3o&hellip;","_links":{"self":[{"href":"https:\/\/construcaocivil.siriusmarketingedesign.com.br\/index.php?rest_route=\/wp\/v2\/posts\/24415","targetHints":{"allow":["GET"]}}],"collection":[{"href":"https:\/\/construcaocivil.siriusmarketingedesign.com.br\/index.php?rest_route=\/wp\/v2\/posts"}],"about":[{"href":"https:\/\/construcaocivil.siriusmarketingedesign.com.br\/index.php?rest_route=\/wp\/v2\/types\/post"}],"author":[{"embeddable":true,"href":"https:\/\/construcaocivil.siriusmarketingedesign.com.br\/index.php?rest_route=\/wp\/v2\/users\/1"}],"replies":[{"embeddable":true,"href":"https:\/\/construcaocivil.siriusmarketingedesign.com.br\/index.php?rest_route=%2Fwp%2Fv2%2Fcomments&post=24415"}],"version-history":[{"count":0,"href":"https:\/\/construcaocivil.siriusmarketingedesign.com.br\/index.php?rest_route=\/wp\/v2\/posts\/24415\/revisions"}],"wp:featuredmedia":[{"embeddable":true,"href":"https:\/\/construcaocivil.siriusmarketingedesign.com.br\/index.php?rest_route=\/wp\/v2\/media\/24417"}],"wp:attachment":[{"href":"https:\/\/construcaocivil.siriusmarketingedesign.com.br\/index.php?rest_route=%2Fwp%2Fv2%2Fmedia&parent=24415"}],"wp:term":[{"taxonomy":"category","embeddable":true,"href":"https:\/\/construcaocivil.siriusmarketingedesign.com.br\/index.php?rest_route=%2Fwp%2Fv2%2Fcategories&post=24415"},{"taxonomy":"post_tag","embeddable":true,"href":"https:\/\/construcaocivil.siriusmarketingedesign.com.br\/index.php?rest_route=%2Fwp%2Fv2%2Ftags&post=24415"}],"curies":[{"name":"wp","href":"https:\/\/api.w.org\/{rel}","templated":true}]}}